{"id":10904,"date":"2025-12-01T15:37:07","date_gmt":"2025-12-01T20:37:07","guid":{"rendered":"https:\/\/www.proamazonia.org\/ppr\/?p=10904"},"modified":"2025-12-01T16:44:29","modified_gmt":"2025-12-01T21:44:29","slug":"ecuador-presenta-resultados-historicos-de-su-politica-redd-y-del-proyecto-pago-por-resultados-redd-ecuador","status":"publish","type":"post","link":"https:\/\/www.proamazonia.org\/ppr\/en\/ecuador-presenta-resultados-historicos-de-su-politica-redd-y-del-proyecto-pago-por-resultados-redd-ecuador\/","title":{"rendered":"(Espa\u00f1ol) Ecuador presenta resultados hist\u00f3ricos de su pol\u00edtica REDD+ y del proyecto Pago Por Resultados REDD+ Ecuador"},"content":{"rendered":"<p class=\"qtranxs-available-languages-message qtranxs-available-languages-message-en\">Sorry, this entry is only available in <a href=\"https:\/\/www.proamazonia.org\/ppr\/es\/wp-json\/wp\/v2\/posts\/10904\" class=\"qtranxs-available-language-link qtranxs-available-language-link-es\" title=\"Espa\u00f1ol\">Espa\u00f1ol<\/a>.<\/p>","protected":false},"excerpt":{"rendered":"<p>Sorry, this entry is only available in Espa\u00f1ol.<\/p>\n","protected":false},"author":2,"featured_media":10906,"comment_status":"open","ping_status":"open","sticky":false,"template":"","format":"standard","meta":{"_uf_show_specific_survey":0,"_uf_disable_surveys":false,"footnotes":""},"categories":[263,30,26,35,33,29,19,17,24,25,27,31],"tags":[],"class_list":["post-10904","post","type-post","status-publish","format-standard","has-post-thumbnail","hentry","category-bioemprendimientos","category-conservacion","category-conservacion-de-bosques","category-fortalecimiento-de-capacidades","category-involucramiento-de-actores","category-manejo-forestal-sostenible","category-planes-de-vida","category-planificacion-y-ordenamiento-territorial","category-politicas-e-institucionalidad","category-produccion-sostenible","category-redd","category-restauracion"],"aioseo_notices":[],"_links":{"self":[{"href":"https:\/\/www.proamazonia.org\/ppr\/en\/wp-json\/wp\/v2\/posts\/10904","targetHints":{"allow":["GET"]}}],"collection":[{"href":"https:\/\/www.proamazonia.org\/ppr\/en\/wp-json\/wp\/v2\/posts"}],"about":[{"href":"https:\/\/www.proamazonia.org\/ppr\/en\/wp-json\/wp\/v2\/types\/post"}],"author":[{"embeddable":true,"href":"https:\/\/www.proamazonia.org\/ppr\/en\/wp-json\/wp\/v2\/users\/2"}],"replies":[{"embeddable":true,"href":"https:\/\/www.proamazonia.org\/ppr\/en\/wp-json\/wp\/v2\/comments?post=10904"}],"version-history":[{"count":8,"href":"https:\/\/www.proamazonia.org\/ppr\/en\/wp-json\/wp\/v2\/posts\/10904\/revisions"}],"predecessor-version":[{"id":10929,"href":"https:\/\/www.proamazonia.org\/ppr\/en\/wp-json\/wp\/v2\/posts\/10904\/revisions\/10929"}],"wp:featuredmedia":[{"embeddable":true,"href":"https:\/\/www.proamazonia.org\/ppr\/en\/wp-json\/wp\/v2\/media\/10906"}],"wp:attachment":[{"href":"https:\/\/www.proamazonia.org\/ppr\/en\/wp-json\/wp\/v2\/media?parent=10904"}],"wp:term":[{"taxonomy":"category","embeddable":true,"href":"https:\/\/www.proamazonia.org\/ppr\/en\/wp-json\/wp\/v2\/categories?post=10904"},{"taxonomy":"post_tag","embeddable":true,"href":"https:\/\/www.proamazonia.org\/ppr\/en\/wp-json\/wp\/v2\/tags?post=10904"}],"curies":[{"name":"wp","href":"https:\/\/api.w.org\/{rel}","templated":true}]}}