{"id":10936,"date":"2025-11-25T11:27:17","date_gmt":"2025-11-25T16:27:17","guid":{"rendered":"https:\/\/www.proamazonia.org\/ppr\/?p=10936"},"modified":"2025-12-03T12:29:36","modified_gmt":"2025-12-03T17:29:36","slug":"comunidades-shuar-avanzan-hacia-un-futuro-libre-de-violencia-proyecto-talal-impulsa-acciones-de-prevencion-y-liderazgo-femenino-en-la-amazonia-ecuatoriana","status":"publish","type":"post","link":"https:\/\/www.proamazonia.org\/ppr\/en\/comunidades-shuar-avanzan-hacia-un-futuro-libre-de-violencia-proyecto-talal-impulsa-acciones-de-prevencion-y-liderazgo-femenino-en-la-amazonia-ecuatoriana\/","title":{"rendered":"(Espa\u00f1ol) Comunidades Shuar avanzan hacia un futuro libre de violencia: Proyecto Talal impulsa acciones de prevenci\u00f3n y liderazgo femenino en la Amazon\u00eda ecuatoriana"},"content":{"rendered":"<p class=\"qtranxs-available-languages-message qtranxs-available-languages-message-en\">Sorry, this entry is only available in <a href=\"https:\/\/www.proamazonia.org\/ppr\/es\/wp-json\/wp\/v2\/posts\/10936\" class=\"qtranxs-available-language-link qtranxs-available-language-link-es\" title=\"Espa\u00f1ol\">Espa\u00f1ol<\/a>.<\/p>","protected":false},"excerpt":{"rendered":"<p>Sorry, this entry is only available in Espa\u00f1ol.<\/p>\n","protected":false},"author":2,"featured_media":10941,"comment_status":"open","ping_status":"open","sticky":false,"template":"","format":"standard","meta":{"_uf_show_specific_survey":0,"_uf_disable_surveys":false,"footnotes":""},"categories":[1],"tags":[],"class_list":["post-10936","post","type-post","status-publish","format-standard","has-post-thumbnail","hentry","category-sin-categoria"],"aioseo_notices":[],"_links":{"self":[{"href":"https:\/\/www.proamazonia.org\/ppr\/en\/wp-json\/wp\/v2\/posts\/10936","targetHints":{"allow":["GET"]}}],"collection":[{"href":"https:\/\/www.proamazonia.org\/ppr\/en\/wp-json\/wp\/v2\/posts"}],"about":[{"href":"https:\/\/www.proamazonia.org\/ppr\/en\/wp-json\/wp\/v2\/types\/post"}],"author":[{"embeddable":true,"href":"https:\/\/www.proamazonia.org\/ppr\/en\/wp-json\/wp\/v2\/users\/2"}],"replies":[{"embeddable":true,"href":"https:\/\/www.proamazonia.org\/ppr\/en\/wp-json\/wp\/v2\/comments?post=10936"}],"version-history":[{"count":5,"href":"https:\/\/www.proamazonia.org\/ppr\/en\/wp-json\/wp\/v2\/posts\/10936\/revisions"}],"predecessor-version":[{"id":10946,"href":"https:\/\/www.proamazonia.org\/ppr\/en\/wp-json\/wp\/v2\/posts\/10936\/revisions\/10946"}],"wp:featuredmedia":[{"embeddable":true,"href":"https:\/\/www.proamazonia.org\/ppr\/en\/wp-json\/wp\/v2\/media\/10941"}],"wp:attachment":[{"href":"https:\/\/www.proamazonia.org\/ppr\/en\/wp-json\/wp\/v2\/media?parent=10936"}],"wp:term":[{"taxonomy":"category","embeddable":true,"href":"https:\/\/www.proamazonia.org\/ppr\/en\/wp-json\/wp\/v2\/categories?post=10936"},{"taxonomy":"post_tag","embeddable":true,"href":"https:\/\/www.proamazonia.org\/ppr\/en\/wp-json\/wp\/v2\/tags?post=10936"}],"curies":[{"name":"wp","href":"https:\/\/api.w.org\/{rel}","templated":true}]}}