{"id":11042,"date":"2026-01-11T16:06:02","date_gmt":"2026-01-11T21:06:02","guid":{"rendered":"https:\/\/www.proamazonia.org\/ppr\/?p=11042"},"modified":"2026-03-16T12:29:46","modified_gmt":"2026-03-16T17:29:46","slug":"ecuador-fortalece-la-prevencion-y-restauracion-post-incendios-en-el-sur-del-pais","status":"publish","type":"post","link":"https:\/\/www.proamazonia.org\/ppr\/en\/ecuador-fortalece-la-prevencion-y-restauracion-post-incendios-en-el-sur-del-pais\/","title":{"rendered":"(Espa\u00f1ol) Ecuador fortalece la prevenci\u00f3n y restauraci\u00f3n post incendios en el sur del pa\u00eds."},"content":{"rendered":"<p class=\"qtranxs-available-languages-message qtranxs-available-languages-message-en\">Sorry, this entry is only available in <a href=\"https:\/\/www.proamazonia.org\/ppr\/es\/wp-json\/wp\/v2\/posts\/11042\" class=\"qtranxs-available-language-link qtranxs-available-language-link-es\" title=\"Espa\u00f1ol\">Espa\u00f1ol<\/a>.<\/p>","protected":false},"excerpt":{"rendered":"<p>Sorry, this entry is only available in Espa\u00f1ol.<\/p>\n","protected":false},"author":2,"featured_media":11050,"comment_status":"open","ping_status":"open","sticky":false,"template":"","format":"standard","meta":{"_uf_show_specific_survey":0,"_uf_disable_surveys":false,"footnotes":""},"categories":[31],"tags":[],"class_list":["post-11042","post","type-post","status-publish","format-standard","has-post-thumbnail","hentry","category-restauracion"],"aioseo_notices":[],"_links":{"self":[{"href":"https:\/\/www.proamazonia.org\/ppr\/en\/wp-json\/wp\/v2\/posts\/11042","targetHints":{"allow":["GET"]}}],"collection":[{"href":"https:\/\/www.proamazonia.org\/ppr\/en\/wp-json\/wp\/v2\/posts"}],"about":[{"href":"https:\/\/www.proamazonia.org\/ppr\/en\/wp-json\/wp\/v2\/types\/post"}],"author":[{"embeddable":true,"href":"https:\/\/www.proamazonia.org\/ppr\/en\/wp-json\/wp\/v2\/users\/2"}],"replies":[{"embeddable":true,"href":"https:\/\/www.proamazonia.org\/ppr\/en\/wp-json\/wp\/v2\/comments?post=11042"}],"version-history":[{"count":5,"href":"https:\/\/www.proamazonia.org\/ppr\/en\/wp-json\/wp\/v2\/posts\/11042\/revisions"}],"predecessor-version":[{"id":11056,"href":"https:\/\/www.proamazonia.org\/ppr\/en\/wp-json\/wp\/v2\/posts\/11042\/revisions\/11056"}],"wp:featuredmedia":[{"embeddable":true,"href":"https:\/\/www.proamazonia.org\/ppr\/en\/wp-json\/wp\/v2\/media\/11050"}],"wp:attachment":[{"href":"https:\/\/www.proamazonia.org\/ppr\/en\/wp-json\/wp\/v2\/media?parent=11042"}],"wp:term":[{"taxonomy":"category","embeddable":true,"href":"https:\/\/www.proamazonia.org\/ppr\/en\/wp-json\/wp\/v2\/categories?post=11042"},{"taxonomy":"post_tag","embeddable":true,"href":"https:\/\/www.proamazonia.org\/ppr\/en\/wp-json\/wp\/v2\/tags?post=11042"}],"curies":[{"name":"wp","href":"https:\/\/api.w.org\/{rel}","templated":true}]}}