{"id":11044,"date":"2026-03-13T16:21:05","date_gmt":"2026-03-13T21:21:05","guid":{"rendered":"https:\/\/www.proamazonia.org\/ppr\/?p=11044"},"modified":"2026-03-14T11:23:27","modified_gmt":"2026-03-14T16:23:27","slug":"ecuador-comparte-su-experiencia-en-cafe-sostenible-libre-de-deforestacion-en-taller-regional-de-onu-redd","status":"publish","type":"post","link":"https:\/\/www.proamazonia.org\/ppr\/en\/ecuador-comparte-su-experiencia-en-cafe-sostenible-libre-de-deforestacion-en-taller-regional-de-onu-redd\/","title":{"rendered":"(Espa\u00f1ol) Ecuador comparte su experiencia en caf\u00e9 sostenible libre de deforestaci\u00f3n en taller regional de ONU-REDD"},"content":{"rendered":"<p class=\"qtranxs-available-languages-message qtranxs-available-languages-message-en\">Sorry, this entry is only available in <a href=\"https:\/\/www.proamazonia.org\/ppr\/es\/wp-json\/wp\/v2\/posts\/11044\" class=\"qtranxs-available-language-link qtranxs-available-language-link-es\" title=\"Espa\u00f1ol\">Espa\u00f1ol<\/a>.<\/p>","protected":false},"excerpt":{"rendered":"<p>Sorry, this entry is only available in Espa\u00f1ol.<\/p>\n","protected":false},"author":2,"featured_media":11045,"comment_status":"open","ping_status":"open","sticky":false,"template":"","format":"standard","meta":{"_uf_show_specific_survey":0,"_uf_disable_surveys":false,"footnotes":""},"categories":[1],"tags":[],"class_list":["post-11044","post","type-post","status-publish","format-standard","has-post-thumbnail","hentry","category-sin-categoria"],"aioseo_notices":[],"_links":{"self":[{"href":"https:\/\/www.proamazonia.org\/ppr\/en\/wp-json\/wp\/v2\/posts\/11044","targetHints":{"allow":["GET"]}}],"collection":[{"href":"https:\/\/www.proamazonia.org\/ppr\/en\/wp-json\/wp\/v2\/posts"}],"about":[{"href":"https:\/\/www.proamazonia.org\/ppr\/en\/wp-json\/wp\/v2\/types\/post"}],"author":[{"embeddable":true,"href":"https:\/\/www.proamazonia.org\/ppr\/en\/wp-json\/wp\/v2\/users\/2"}],"replies":[{"embeddable":true,"href":"https:\/\/www.proamazonia.org\/ppr\/en\/wp-json\/wp\/v2\/comments?post=11044"}],"version-history":[{"count":4,"href":"https:\/\/www.proamazonia.org\/ppr\/en\/wp-json\/wp\/v2\/posts\/11044\/revisions"}],"predecessor-version":[{"id":11065,"href":"https:\/\/www.proamazonia.org\/ppr\/en\/wp-json\/wp\/v2\/posts\/11044\/revisions\/11065"}],"wp:featuredmedia":[{"embeddable":true,"href":"https:\/\/www.proamazonia.org\/ppr\/en\/wp-json\/wp\/v2\/media\/11045"}],"wp:attachment":[{"href":"https:\/\/www.proamazonia.org\/ppr\/en\/wp-json\/wp\/v2\/media?parent=11044"}],"wp:term":[{"taxonomy":"category","embeddable":true,"href":"https:\/\/www.proamazonia.org\/ppr\/en\/wp-json\/wp\/v2\/categories?post=11044"},{"taxonomy":"post_tag","embeddable":true,"href":"https:\/\/www.proamazonia.org\/ppr\/en\/wp-json\/wp\/v2\/tags?post=11044"}],"curies":[{"name":"wp","href":"https:\/\/api.w.org\/{rel}","templated":true}]}}