{"id":9984,"date":"2025-02-26T10:42:00","date_gmt":"2025-02-26T15:42:00","guid":{"rendered":"https:\/\/www.proamazonia.org\/ppr\/?p=9984"},"modified":"2025-03-10T17:20:46","modified_gmt":"2025-03-10T22:20:46","slug":"la-mesa-de-trabajo-redd-refuerza-el-compromiso-del-ecuador-para-mitigar-el-cambio-climatico-con-dialogo-y-conservacion-de-sus-bosques","status":"publish","type":"post","link":"https:\/\/www.proamazonia.org\/ppr\/en\/la-mesa-de-trabajo-redd-refuerza-el-compromiso-del-ecuador-para-mitigar-el-cambio-climatico-con-dialogo-y-conservacion-de-sus-bosques\/","title":{"rendered":"(Espa\u00f1ol) La Mesa de Trabajo REDD+ refuerza el compromiso del Ecuador para mitigar el cambio clim\u00e1tico con di\u00e1logo y conservaci\u00f3n de sus bosques."},"content":{"rendered":"<p class=\"qtranxs-available-languages-message qtranxs-available-languages-message-en\">Sorry, this entry is only available in <a href=\"https:\/\/www.proamazonia.org\/ppr\/es\/wp-json\/wp\/v2\/posts\/9984\" class=\"qtranxs-available-language-link qtranxs-available-language-link-es\" title=\"Espa\u00f1ol\">Espa\u00f1ol<\/a>.<\/p>","protected":false},"excerpt":{"rendered":"<p>Sorry, this entry is only available in Espa\u00f1ol.<\/p>\n","protected":false},"author":2,"featured_media":9987,"comment_status":"open","ping_status":"open","sticky":false,"template":"","format":"standard","meta":{"_uf_show_specific_survey":0,"_uf_disable_surveys":false,"footnotes":""},"categories":[26,27],"tags":[],"class_list":["post-9984","post","type-post","status-publish","format-standard","has-post-thumbnail","hentry","category-conservacion-de-bosques","category-redd"],"aioseo_notices":[],"_links":{"self":[{"href":"https:\/\/www.proamazonia.org\/ppr\/en\/wp-json\/wp\/v2\/posts\/9984","targetHints":{"allow":["GET"]}}],"collection":[{"href":"https:\/\/www.proamazonia.org\/ppr\/en\/wp-json\/wp\/v2\/posts"}],"about":[{"href":"https:\/\/www.proamazonia.org\/ppr\/en\/wp-json\/wp\/v2\/types\/post"}],"author":[{"embeddable":true,"href":"https:\/\/www.proamazonia.org\/ppr\/en\/wp-json\/wp\/v2\/users\/2"}],"replies":[{"embeddable":true,"href":"https:\/\/www.proamazonia.org\/ppr\/en\/wp-json\/wp\/v2\/comments?post=9984"}],"version-history":[{"count":3,"href":"https:\/\/www.proamazonia.org\/ppr\/en\/wp-json\/wp\/v2\/posts\/9984\/revisions"}],"predecessor-version":[{"id":10032,"href":"https:\/\/www.proamazonia.org\/ppr\/en\/wp-json\/wp\/v2\/posts\/9984\/revisions\/10032"}],"wp:featuredmedia":[{"embeddable":true,"href":"https:\/\/www.proamazonia.org\/ppr\/en\/wp-json\/wp\/v2\/media\/9987"}],"wp:attachment":[{"href":"https:\/\/www.proamazonia.org\/ppr\/en\/wp-json\/wp\/v2\/media?parent=9984"}],"wp:term":[{"taxonomy":"category","embeddable":true,"href":"https:\/\/www.proamazonia.org\/ppr\/en\/wp-json\/wp\/v2\/categories?post=9984"},{"taxonomy":"post_tag","embeddable":true,"href":"https:\/\/www.proamazonia.org\/ppr\/en\/wp-json\/wp\/v2\/tags?post=9984"}],"curies":[{"name":"wp","href":"https:\/\/api.w.org\/{rel}","templated":true}]}}