{"id":10904,"date":"2025-12-01T15:37:07","date_gmt":"2025-12-01T20:37:07","guid":{"rendered":"https:\/\/www.proamazonia.org\/ppr\/?p=10904"},"modified":"2025-12-01T16:44:29","modified_gmt":"2025-12-01T21:44:29","slug":"ecuador-presenta-resultados-historicos-de-su-politica-redd-y-del-proyecto-pago-por-resultados-redd-ecuador","status":"publish","type":"post","link":"https:\/\/www.proamazonia.org\/ppr\/ecuador-presenta-resultados-historicos-de-su-politica-redd-y-del-proyecto-pago-por-resultados-redd-ecuador\/","title":{"rendered":"Ecuador presenta resultados hist\u00f3ricos de su pol\u00edtica REDD+ y del proyecto Pago Por Resultados REDD+ Ecuador"},"content":{"rendered":"<p>Ecuador reafirma su posici\u00f3n como referente regional en protecci\u00f3n de bosques, gobernanza ambiental y producci\u00f3n sostenible, al presentar los resultados del Plan de Acci\u00f3n REDD+ \u201cBosques para el Buen Vivir\u201d y los avances emblem\u00e1ticos alcanzados a trav\u00e9s del Proyecto Pago por Resultados REDD+ Ecuador (PPR).<\/p>\n<p>En una jornada que reuni\u00f3 a autoridades nacionales, l\u00edderes locales, representantes de pueblos ind\u00edgenas, cooperaci\u00f3n internacional, academia, productores y sociedad civil, el Ministerio de Ambiente y Energ\u00eda (MAE), con el acompa\u00f1amiento del Programa de las Naciones Unidas para el Desarrollo (PNUD), destac\u00f3 una d\u00e9cada de avances sostenidos que hoy sit\u00faan al pa\u00eds como un modelo para la regi\u00f3n.<\/p>\n<p><img loading=\"lazy\" decoding=\"async\" class=\"aligncenter size-large wp-image-10924\" src=\"https:\/\/www.proamazonia.org\/ppr\/wp-content\/uploads\/2025\/12\/Evento-Resultados-REDD-14-1024x578.jpg\" alt=\"\" width=\"1024\" height=\"578\" srcset=\"https:\/\/www.proamazonia.org\/ppr\/wp-content\/uploads\/2025\/12\/Evento-Resultados-REDD-14-1024x578.jpg 1024w, https:\/\/www.proamazonia.org\/ppr\/wp-content\/uploads\/2025\/12\/Evento-Resultados-REDD-14-300x169.jpg 300w, https:\/\/www.proamazonia.org\/ppr\/wp-content\/uploads\/2025\/12\/Evento-Resultados-REDD-14-768x433.jpg 768w, https:\/\/www.proamazonia.org\/ppr\/wp-content\/uploads\/2025\/12\/Evento-Resultados-REDD-14-1536x866.jpg 1536w, https:\/\/www.proamazonia.org\/ppr\/wp-content\/uploads\/2025\/12\/Evento-Resultados-REDD-14-1000x563.jpg 1000w, https:\/\/www.proamazonia.org\/ppr\/wp-content\/uploads\/2025\/12\/Evento-Resultados-REDD-14.jpg 1920w\" sizes=\"auto, (max-width: 1024px) 100vw, 1024px\" \/><\/p>\n<p style=\"text-align: center;\"><em>Cr\u00e9ditos: Proyecto Pago Por Resultados REDD+ Ecuador<\/em><\/p>\n<p><strong>Resultados destacados de la pol\u00edtica nacional REDD+<\/strong><\/p>\n<p>El MAE present\u00f3 los avances significativos que han impactado de manera positiva en la vida de 3.8 millones de personas en torno a:<\/p>\n<ul>\n<li>705.639 hect\u00e1reas de bosque natural bajo conservaci\u00f3n.<\/li>\n<li>353.782 hect\u00e1reas bajo manejo forestal sostenible.<\/li>\n<li>36.080 hect\u00e1reas restauradas.<\/li>\n<li>101.660 hect\u00e1reas bajo sistemas productivos sostenibles.<\/li>\n<li>458 instrumentos t\u00e9cnicos y normativos generados para fortalecer la gesti\u00f3n clim\u00e1tica.<\/li>\n<li>37 mecanismos de participaci\u00f3n y consulta.<\/li>\n<li>Participaci\u00f3n del 40% de mujeres y 30% de pueblos y nacionalidades ind\u00edgenas.<\/li>\n<li>30.346 personas capacitadas en temas relacionados a REDD+.<\/li>\n<\/ul>\n<p>Gracias al financiamiento del Fondo Verde para el Clima (GCF) y el liderazgo del MAE con apoyo del PNUD, el Proyecto PPR ha logrado los siguientes resultados que han beneficiado directamente a 37.224 personas:<\/p>\n<ul>\n<li>\u00a0117.968 hect\u00e1reas de bosque natural bajo conservaci\u00f3n.<\/li>\n<li>\u00a015.621 hect\u00e1reas bajo manejo forestal sostenible.<\/li>\n<li>3.585 hect\u00e1reas restauradas.<\/li>\n<li>18.832 hect\u00e1reas legalizadas como bosques protectores pertenecientes a seis Centros Shuar.<\/li>\n<li>10.866 hect\u00e1reas bajo sistemas productivos sostenibles y 8 acuerdos comerciales entre organizaciones amaz\u00f3nicas y mercados responsables.<\/li>\n<li>24 mecanismos de participaci\u00f3n y consulta.<\/li>\n<li>Participaci\u00f3n del 40% de mujeres y 10% de pueblos y nacionalidades ind\u00edgenas.<\/li>\n<li>27.263 personas capacitadas y fortalecidas en temas relacionados a REDD+.<\/li>\n<\/ul>\n<p>Estos resultados contribuyen directamente a las metas nacionales de reducci\u00f3n de emisiones y fortalecen la pol\u00edtica REDD+ como una de las m\u00e1s robustas de la regi\u00f3n.<\/p>\n<p><strong>Alianzas que impulsan transformaci\u00f3n<\/strong><\/p>\n<p>Por su parte, Inka Mattila, Representante Residente del PNUD destac\u00f3 que la cooperaci\u00f3n internacional y los fondos verticales han sido esenciales para movilizar recursos, fortalecer capacidades y mantener procesos participativos como la Mesa REDD+, un espacio clave para el di\u00e1logo, la transparencia y la participaci\u00f3n ciudadana.<\/p>\n<p><img loading=\"lazy\" decoding=\"async\" class=\"aligncenter size-large wp-image-10911\" src=\"https:\/\/www.proamazonia.org\/ppr\/wp-content\/uploads\/2025\/12\/Evento-Resultados-REDD-07-1024x683.jpg\" alt=\"\" width=\"1024\" height=\"683\" srcset=\"https:\/\/www.proamazonia.org\/ppr\/wp-content\/uploads\/2025\/12\/Evento-Resultados-REDD-07-1024x683.jpg 1024w, https:\/\/www.proamazonia.org\/ppr\/wp-content\/uploads\/2025\/12\/Evento-Resultados-REDD-07-300x200.jpg 300w, https:\/\/www.proamazonia.org\/ppr\/wp-content\/uploads\/2025\/12\/Evento-Resultados-REDD-07-768x512.jpg 768w, https:\/\/www.proamazonia.org\/ppr\/wp-content\/uploads\/2025\/12\/Evento-Resultados-REDD-07-1536x1024.jpg 1536w, https:\/\/www.proamazonia.org\/ppr\/wp-content\/uploads\/2025\/12\/Evento-Resultados-REDD-07-600x400.jpg 600w, https:\/\/www.proamazonia.org\/ppr\/wp-content\/uploads\/2025\/12\/Evento-Resultados-REDD-07.jpg 1920w\" sizes=\"auto, (max-width: 1024px) 100vw, 1024px\" \/><\/p>\n<p style=\"text-align: center;\"><em>Inka Mattila, Representante Residente del PNUD<br \/>\nCr\u00e9ditos: Proyecto Pago Por Resultados REDD+ Ecuador<\/em><\/p>\n<p><strong>Una visi\u00f3n compartida hacia un pa\u00eds verde y sostenible<\/strong><\/p>\n<p>A su vez, Alicia Jaramillo, viceministra de ambiente y marino costero, reafirm\u00f3 su compromiso con una gesti\u00f3n ambiental basada en derechos, ciencia y participaci\u00f3n de los territorios. Los resultados presentados son un reconocimiento al esfuerzo de comunidades, pueblos ind\u00edgenas, gobiernos locales, productores, academia, sociedad civil y empresa privada.<\/p>\n<p>De esta manera, el pa\u00eds refleja su compromiso con sus metas nacionales, la contribuci\u00f3n a la NDC, con los Objetivos de Desarrollo Sostenible (ODS) y el Acuerdo de Par\u00eds, evidenciando una gesti\u00f3n clim\u00e1tica efectiva, inclusiva y articulada.<\/p>\n<p>Ecuador env\u00eda un mensaje claro: proteger los bosques es proteger el futuro, con alianzas s\u00f3lidas y liderazgo institucional, el pa\u00eds avanza hacia un desarrollo m\u00e1s pr\u00f3spero y sostenible.<\/p>\n<p><img loading=\"lazy\" decoding=\"async\" class=\"aligncenter size-large wp-image-10916\" src=\"https:\/\/www.proamazonia.org\/ppr\/wp-content\/uploads\/2025\/12\/Evento-Resultados-REDD-10-1024x606.jpg\" alt=\"\" width=\"1024\" height=\"606\" srcset=\"https:\/\/www.proamazonia.org\/ppr\/wp-content\/uploads\/2025\/12\/Evento-Resultados-REDD-10-1024x606.jpg 1024w, https:\/\/www.proamazonia.org\/ppr\/wp-content\/uploads\/2025\/12\/Evento-Resultados-REDD-10-300x178.jpg 300w, https:\/\/www.proamazonia.org\/ppr\/wp-content\/uploads\/2025\/12\/Evento-Resultados-REDD-10-768x454.jpg 768w, https:\/\/www.proamazonia.org\/ppr\/wp-content\/uploads\/2025\/12\/Evento-Resultados-REDD-10-1536x909.jpg 1536w, https:\/\/www.proamazonia.org\/ppr\/wp-content\/uploads\/2025\/12\/Evento-Resultados-REDD-10.jpg 1920w\" sizes=\"auto, (max-width: 1024px) 100vw, 1024px\" \/><\/p>\n<p style=\"text-align: center;\"><em>Alicia Jaramillo, Viceministra de ambiente y marino costero<br \/>\nCr\u00e9ditos: Proyecto Pago Por Resultados REDD+ Ecuador<\/em><\/p>\n<p>&nbsp;<\/p>\n<p>&nbsp;<\/p>","protected":false},"excerpt":{"rendered":"<p>Ecuador reafirma su posici\u00f3n como referente regional en protecci\u00f3n de bosques, gobernanza ambiental y producci\u00f3n sostenible, al presentar los resultados del Plan de Acci\u00f3n REDD+ \u201cBosques para el Buen Vivir\u201d y los avances emblem\u00e1ticos alcanzados a trav\u00e9s del Proyecto Pago por Resultados REDD+ Ecuador (PPR). En una jornada que reuni\u00f3 a autoridades nacionales, l\u00edderes locales, representantes de pueblos ind\u00edgenas, cooperaci\u00f3n internacional, academia, productores y sociedad civil, el Ministerio de Ambiente y Energ\u00eda (MAE), con el acompa\u00f1amiento del Programa de las Naciones Unidas para el Desarrollo (PNUD), destac\u00f3 una d\u00e9cada de avances sostenidos que hoy sit\u00faan al pa\u00eds como un modelo para la regi\u00f3n. Cr\u00e9ditos: Proyecto Pago Por Resultados REDD+ Ecuador Resultados destacados de la pol\u00edtica nacional REDD+ El MAE present\u00f3 los avances significativos que han impactado de manera positiva en la vida de 3.8 millones de personas en torno a: 705.639 hect\u00e1reas de bosque natural bajo conservaci\u00f3n. 353.782 hect\u00e1reas bajo manejo forestal sostenible. 36.080 hect\u00e1reas restauradas. 101.660 hect\u00e1reas bajo sistemas productivos sostenibles. 458 instrumentos t\u00e9cnicos y normativos generados para fortalecer la gesti\u00f3n clim\u00e1tica. 37 mecanismos de participaci\u00f3n y consulta. Participaci\u00f3n del 40% de mujeres y 30% de pueblos y nacionalidades ind\u00edgenas. 30.346 personas capacitadas en temas relacionados a REDD+. Gracias [&hellip;]<\/p>\n","protected":false},"author":2,"featured_media":10906,"comment_status":"open","ping_status":"open","sticky":false,"template":"","format":"standard","meta":{"_uf_show_specific_survey":0,"_uf_disable_surveys":false,"footnotes":""},"categories":[263,30,26,35,33,29,19,17,24,25,27,31],"tags":[],"class_list":["post-10904","post","type-post","status-publish","format-standard","has-post-thumbnail","hentry","category-bioemprendimientos","category-conservacion","category-conservacion-de-bosques","category-fortalecimiento-de-capacidades","category-involucramiento-de-actores","category-manejo-forestal-sostenible","category-planes-de-vida","category-planificacion-y-ordenamiento-territorial","category-politicas-e-institucionalidad","category-produccion-sostenible","category-redd","category-restauracion"],"aioseo_notices":[],"_links":{"self":[{"href":"https:\/\/www.proamazonia.org\/ppr\/wp-json\/wp\/v2\/posts\/10904","targetHints":{"allow":["GET"]}}],"collection":[{"href":"https:\/\/www.proamazonia.org\/ppr\/wp-json\/wp\/v2\/posts"}],"about":[{"href":"https:\/\/www.proamazonia.org\/ppr\/wp-json\/wp\/v2\/types\/post"}],"author":[{"embeddable":true,"href":"https:\/\/www.proamazonia.org\/ppr\/wp-json\/wp\/v2\/users\/2"}],"replies":[{"embeddable":true,"href":"https:\/\/www.proamazonia.org\/ppr\/wp-json\/wp\/v2\/comments?post=10904"}],"version-history":[{"count":8,"href":"https:\/\/www.proamazonia.org\/ppr\/wp-json\/wp\/v2\/posts\/10904\/revisions"}],"predecessor-version":[{"id":10929,"href":"https:\/\/www.proamazonia.org\/ppr\/wp-json\/wp\/v2\/posts\/10904\/revisions\/10929"}],"wp:featuredmedia":[{"embeddable":true,"href":"https:\/\/www.proamazonia.org\/ppr\/wp-json\/wp\/v2\/media\/10906"}],"wp:attachment":[{"href":"https:\/\/www.proamazonia.org\/ppr\/wp-json\/wp\/v2\/media?parent=10904"}],"wp:term":[{"taxonomy":"category","embeddable":true,"href":"https:\/\/www.proamazonia.org\/ppr\/wp-json\/wp\/v2\/categories?post=10904"},{"taxonomy":"post_tag","embeddable":true,"href":"https:\/\/www.proamazonia.org\/ppr\/wp-json\/wp\/v2\/tags?post=10904"}],"curies":[{"name":"wp","href":"https:\/\/api.w.org\/{rel}","templated":true}]}}