{"id":10918,"date":"2025-12-01T15:57:51","date_gmt":"2025-12-01T20:57:51","guid":{"rendered":"https:\/\/www.proamazonia.org\/ppr\/?p=10918"},"modified":"2025-12-01T16:17:47","modified_gmt":"2025-12-01T21:17:47","slug":"ecuador-marca-un-hito-climatico-con-700-000-hectareas-bajo-el-manejo-sostenible-en-10-anos","status":"publish","type":"post","link":"https:\/\/www.proamazonia.org\/ppr\/ecuador-marca-un-hito-climatico-con-700-000-hectareas-bajo-el-manejo-sostenible-en-10-anos\/","title":{"rendered":"Ecuador marca un hito clim\u00e1tico con 700.000 hect\u00e1reas bajo el manejo sostenible en 10 a\u00f1os"},"content":{"rendered":"<p>M\u00e1s de 700.000 hect\u00e1reas de<strong>\u00a0bosques naturales protegidas<\/strong>\u00a0y bajo gesti\u00f3n sostenible es el resultado de una d\u00e9cada de pol\u00edticas destinadas a mantener los\u00a0<strong>\u00e1rboles en pie<\/strong>\u00a0y dar medios de vida sostenibles a sus habitantes en\u00a0<strong>Ecuador<\/strong>, cuyo modelo se present\u00f3 en la reciente cumbre mundial contra el cambio clim\u00e1tico (COP30) como un ejemplo a seguir en conservaci\u00f3n ambiental.<\/p>\n<p>Diez a\u00f1os despu\u00e9s de la firma del hist\u00f3rico Acuerdo de Par\u00eds (2015), y con la deforestaci\u00f3n como su principal fuente de emisiones de gases de efecto invernadero, Ecuador cuenta ahora con 705.639 hect\u00e1reas bajo conservaci\u00f3n,\u00a0<strong>353.782<\/strong>\u00a0con manejo forestal sostenible,\u00a0<strong>36.080 restauradas<\/strong>\u00a0y m\u00e1s de\u00a0<strong>100.000 con sistemas productivos sostenibles<\/strong>.<\/p>\n<p>Ecuador alcanz\u00f3 estas cifras a trav\u00e9s del\u00a0<strong>Plan de Acci\u00f3n REDD+<\/strong>\u00a0\u2018Bosques para el Buen Vivir\u2019, cuyos resultados, que han beneficiado a\u00a0<strong>3,8 millones<\/strong>\u00a0de personas en torno a estas \u00e1reas, fueron presentados por el Ministerio de Ambiente y Energ\u00eda en un acto celebrado el jueves en el\u00a0<strong>Jard\u00edn Bot\u00e1nico de Quito<\/strong>.<\/p>\n<p>All\u00ed tambi\u00e9n se destacaron los avances logrados dentro de este plan por el programa ProAmazon\u00eda y el proyecto\u00a0<strong>Pago Por Resultados (PPR)<\/strong>, que ha posicionado a\u00a0<strong>Ecuador<\/strong>\u00a0como un pionero y referente mundial en la producci\u00f3n agr\u00edcola y ganadera libre de deforestaci\u00f3n (sin nueva p\u00e9rdida de bosques), con caf\u00e9, cacao, leche y guayusa; adem\u00e1s, en restauraci\u00f3n de \u00e1reas deforestadas y degradadas.<\/p>\n<p>Este proyecto, liderado por los ministerios de Ambiente y Energ\u00eda, y de Agricultura, Pesca y Ganader\u00eda, con el apoyo del Programa de las Naciones Unidas para el Desarrollo (PNUD) y la financiaci\u00f3n del\u00a0<strong>Fondo Verde para el Clima (GCF)<\/strong>, aport\u00f3 cerca de\u00a0<strong>118.000 hect\u00e1reas<\/strong>\u00a0de bosques bajo conservaci\u00f3n,\u00a0<strong>15.600 hect\u00e1reas<\/strong>\u00a0bajo manejo forestal sostenible y casi\u00a0<strong>3.600 hect\u00e1reas restauradas<\/strong>.<\/p>\n<p>Tambi\u00e9n consigui\u00f3 legalizar casi\u00a0<strong>19.000 hect\u00e1reas<\/strong>\u00a0como bosques protectores pertenecientes al\u00a0<strong>pueblo ind\u00edgena Shuar<\/strong>, la implementaci\u00f3n de sistemas de trazabilidad para productores y la creaci\u00f3n de Centros de Agronegocios Sostenibles para fortalecer a las asociaciones locales.<\/p>\n<p>Adem\u00e1s, se fortalecieron cadenas de valor mediante iniciativas como acuerdos comerciales nacionales e internacionales para la exportaci\u00f3n de productos. Ese fue el caso del caf\u00e9, que lleg\u00f3 a\u00a0<strong>Italia<\/strong>, adquirido por la firma\u00a0<strong>Lavazza<\/strong>, que lanz\u00f3 una l\u00ednea exclusiva por el especial origen de sus granos.<\/p>\n<h2><b>Ecuador, un referente mundial<\/b><\/h2>\n<p>Para\u00a0<strong>Inka Mattila<\/strong>, representante del\u00a0<strong>PNUD<\/strong>\u00a0en\u00a0<strong>Ecuador<\/strong>, el pa\u00eds es \u00abun referente a nivel mundial en producci\u00f3n libre de deforestaci\u00f3n de varios productos\u201d, y pa\u00edses como\u00a0<strong>Etiop\u00eda<\/strong>,\u00a0<strong>Vietnam<\/strong>,\u00a0<strong>Per\u00fa<\/strong>,\u00a0<strong>Costa<\/strong>\u00a0<strong>Rica<\/strong>\u00a0y\u00a0<strong>Honduras<\/strong>\u00a0miran a\u00a0<strong>Ecuador<\/strong>\u00a0como un caso de \u00e9xito en transici\u00f3n acelerada gracias a implementar una combinaci\u00f3n de elementos \u00abbien interesantes\u00bb, con las comunidades amaz\u00f3nicas como \u00abgrandes protagonistas\u00bb.<\/p>\n<p>El secreto, seg\u00fan Mattila, radica en hacer algo diferente y mantener la cosmovisi\u00f3n ind\u00edgena. Esa combinaci\u00f3n ha permitido transformar realidades y cambiar vidas, al poner \u00abmuy al centro a las personas y su bienestar\u00bb, con \u00e9nfasis en la gobernanza local y la gobernabilidad de los bosques.<\/p>\n<p>\u201cSe ha logrado integrar soluciones y actores de una manera muy novedosa\u201d, explic\u00f3 la representante del PNUD al mencionar tambi\u00e9n la importancia de la cooperaci\u00f3n sur-sur.<\/p>\n<p><img loading=\"lazy\" decoding=\"async\" class=\"aligncenter size-large wp-image-10911\" src=\"https:\/\/www.proamazonia.org\/ppr\/wp-content\/uploads\/2025\/12\/Evento-Resultados-REDD-07-1024x683.jpg\" alt=\"\" width=\"1024\" height=\"683\" srcset=\"https:\/\/www.proamazonia.org\/ppr\/wp-content\/uploads\/2025\/12\/Evento-Resultados-REDD-07-1024x683.jpg 1024w, https:\/\/www.proamazonia.org\/ppr\/wp-content\/uploads\/2025\/12\/Evento-Resultados-REDD-07-300x200.jpg 300w, https:\/\/www.proamazonia.org\/ppr\/wp-content\/uploads\/2025\/12\/Evento-Resultados-REDD-07-768x512.jpg 768w, https:\/\/www.proamazonia.org\/ppr\/wp-content\/uploads\/2025\/12\/Evento-Resultados-REDD-07-1536x1024.jpg 1536w, https:\/\/www.proamazonia.org\/ppr\/wp-content\/uploads\/2025\/12\/Evento-Resultados-REDD-07-600x400.jpg 600w, https:\/\/www.proamazonia.org\/ppr\/wp-content\/uploads\/2025\/12\/Evento-Resultados-REDD-07.jpg 1920w\" sizes=\"auto, (max-width: 1024px) 100vw, 1024px\" \/><\/p>\n<p style=\"text-align: center;\"><em>Inka Mattila, Representante Residente del PNUD<br \/>\nCr\u00e9ditos: Proyecto Pago Por Resultados REDD+ Ecuador<\/em><\/p>\n<h2><b>Compromisos nacionales y necesidades locales<\/b><\/h2>\n<p>Por su parte, la subsecretaria de cambio clim\u00e1tico del Ministerio de Ambiente, Jessica Gallegos, detall\u00f3 a EFE que el trabajo con gobiernos provinciales y municipales permiti\u00f3 aterrizar la pol\u00edtica p\u00fablica nacional a la realidad de los territorios, y dio lugar a planes de ordenamiento territorial actualizados, proyectos de vida con pueblos ind\u00edgenas, acuerdos de uso y conservaci\u00f3n y procesos de legalizaci\u00f3n de tierras.<\/p>\n<p>Uno de los grandes retos fue explicar a los productores locales que era necesario cambiar las formas de hacer las cosas. Por ello, entablaron escuelas de campo que combinaron fortalecimiento de capacidades. Es decir, si al productor se le ped\u00eda cambiar una pr\u00e1ctica, tambi\u00e9n se le entregaban herramientas para mejorar su producci\u00f3n.<\/p>\n<p><img loading=\"lazy\" decoding=\"async\" class=\"aligncenter size-large wp-image-10921\" src=\"https:\/\/www.proamazonia.org\/ppr\/wp-content\/uploads\/2025\/12\/Evento-Resultados-REDD-13-1024x575.jpg\" alt=\"\" width=\"1024\" height=\"575\" srcset=\"https:\/\/www.proamazonia.org\/ppr\/wp-content\/uploads\/2025\/12\/Evento-Resultados-REDD-13-1024x575.jpg 1024w, https:\/\/www.proamazonia.org\/ppr\/wp-content\/uploads\/2025\/12\/Evento-Resultados-REDD-13-300x168.jpg 300w, https:\/\/www.proamazonia.org\/ppr\/wp-content\/uploads\/2025\/12\/Evento-Resultados-REDD-13-768x431.jpg 768w, https:\/\/www.proamazonia.org\/ppr\/wp-content\/uploads\/2025\/12\/Evento-Resultados-REDD-13-1536x862.jpg 1536w, https:\/\/www.proamazonia.org\/ppr\/wp-content\/uploads\/2025\/12\/Evento-Resultados-REDD-13-1000x563.jpg 1000w, https:\/\/www.proamazonia.org\/ppr\/wp-content\/uploads\/2025\/12\/Evento-Resultados-REDD-13.jpg 1920w\" sizes=\"auto, (max-width: 1024px) 100vw, 1024px\" \/><\/p>\n<p style=\"text-align: center;\"><em>Jessica Gallegos, Subsecretaria de cambio clim\u00e1tico del Ministerio de Ambiente y Energ\u00eda.<br \/>\nCr\u00e9ditos: Proyecto Pago Por Resultados REDD+ Ecuador<\/em><\/p>\n<p>Fuente: <a href=\"https:\/\/efecomunica.efe.com\/ecuador-marca-hito-climatico-700-000-hectareas-manejo-sostenible-10-anos\/\">EFE<\/a><\/p>","protected":false},"excerpt":{"rendered":"<p>M\u00e1s de 700.000 hect\u00e1reas de\u00a0bosques naturales protegidas\u00a0y bajo gesti\u00f3n sostenible es el resultado de una d\u00e9cada de pol\u00edticas destinadas a mantener los\u00a0\u00e1rboles en pie\u00a0y dar medios de vida sostenibles a sus habitantes en\u00a0Ecuador, cuyo modelo se present\u00f3 en la reciente cumbre mundial contra el cambio clim\u00e1tico (COP30) como un ejemplo a seguir en conservaci\u00f3n ambiental. Diez a\u00f1os despu\u00e9s de la firma del hist\u00f3rico Acuerdo de Par\u00eds (2015), y con la deforestaci\u00f3n como su principal fuente de emisiones de gases de efecto invernadero, Ecuador cuenta ahora con 705.639 hect\u00e1reas bajo conservaci\u00f3n,\u00a0353.782\u00a0con manejo forestal sostenible,\u00a036.080 restauradas\u00a0y m\u00e1s de\u00a0100.000 con sistemas productivos sostenibles. Ecuador alcanz\u00f3 estas cifras a trav\u00e9s del\u00a0Plan de Acci\u00f3n REDD+\u00a0\u2018Bosques para el Buen Vivir\u2019, cuyos resultados, que han beneficiado a\u00a03,8 millones\u00a0de personas en torno a estas \u00e1reas, fueron presentados por el Ministerio de Ambiente y Energ\u00eda en un acto celebrado el jueves en el\u00a0Jard\u00edn Bot\u00e1nico de Quito. All\u00ed tambi\u00e9n se destacaron los avances logrados dentro de este plan por el programa ProAmazon\u00eda y el proyecto\u00a0Pago Por Resultados (PPR), que ha posicionado a\u00a0Ecuador\u00a0como un pionero y referente mundial en la producci\u00f3n agr\u00edcola y ganadera libre de deforestaci\u00f3n (sin nueva p\u00e9rdida de bosques), con caf\u00e9, cacao, leche y guayusa; adem\u00e1s, en restauraci\u00f3n [&hellip;]<\/p>\n","protected":false},"author":2,"featured_media":10914,"comment_status":"open","ping_status":"open","sticky":false,"template":"","format":"standard","meta":{"_uf_show_specific_survey":0,"_uf_disable_surveys":false,"footnotes":""},"categories":[1],"tags":[],"class_list":["post-10918","post","type-post","status-publish","format-standard","has-post-thumbnail","hentry","category-sin-categoria"],"aioseo_notices":[],"_links":{"self":[{"href":"https:\/\/www.proamazonia.org\/ppr\/wp-json\/wp\/v2\/posts\/10918","targetHints":{"allow":["GET"]}}],"collection":[{"href":"https:\/\/www.proamazonia.org\/ppr\/wp-json\/wp\/v2\/posts"}],"about":[{"href":"https:\/\/www.proamazonia.org\/ppr\/wp-json\/wp\/v2\/types\/post"}],"author":[{"embeddable":true,"href":"https:\/\/www.proamazonia.org\/ppr\/wp-json\/wp\/v2\/users\/2"}],"replies":[{"embeddable":true,"href":"https:\/\/www.proamazonia.org\/ppr\/wp-json\/wp\/v2\/comments?post=10918"}],"version-history":[{"count":3,"href":"https:\/\/www.proamazonia.org\/ppr\/wp-json\/wp\/v2\/posts\/10918\/revisions"}],"predecessor-version":[{"id":10923,"href":"https:\/\/www.proamazonia.org\/ppr\/wp-json\/wp\/v2\/posts\/10918\/revisions\/10923"}],"wp:featuredmedia":[{"embeddable":true,"href":"https:\/\/www.proamazonia.org\/ppr\/wp-json\/wp\/v2\/media\/10914"}],"wp:attachment":[{"href":"https:\/\/www.proamazonia.org\/ppr\/wp-json\/wp\/v2\/media?parent=10918"}],"wp:term":[{"taxonomy":"category","embeddable":true,"href":"https:\/\/www.proamazonia.org\/ppr\/wp-json\/wp\/v2\/categories?post=10918"},{"taxonomy":"post_tag","embeddable":true,"href":"https:\/\/www.proamazonia.org\/ppr\/wp-json\/wp\/v2\/tags?post=10918"}],"curies":[{"name":"wp","href":"https:\/\/api.w.org\/{rel}","templated":true}]}}