{"id":10936,"date":"2025-11-25T11:27:17","date_gmt":"2025-11-25T16:27:17","guid":{"rendered":"https:\/\/www.proamazonia.org\/ppr\/?p=10936"},"modified":"2025-12-03T12:29:36","modified_gmt":"2025-12-03T17:29:36","slug":"comunidades-shuar-avanzan-hacia-un-futuro-libre-de-violencia-proyecto-talal-impulsa-acciones-de-prevencion-y-liderazgo-femenino-en-la-amazonia-ecuatoriana","status":"publish","type":"post","link":"https:\/\/www.proamazonia.org\/ppr\/comunidades-shuar-avanzan-hacia-un-futuro-libre-de-violencia-proyecto-talal-impulsa-acciones-de-prevencion-y-liderazgo-femenino-en-la-amazonia-ecuatoriana\/","title":{"rendered":"Comunidades Shuar avanzan hacia un futuro libre de violencia: Proyecto Talal impulsa acciones de prevenci\u00f3n y liderazgo femenino en la Amazon\u00eda ecuatoriana"},"content":{"rendered":"<p>Este 25 de noviembre por el D\u00eda Internacional de la Eliminaci\u00f3n de la Violencia contra las Mujeres y Ni\u00f1as, el Proyecto \u201cEmpoderamiento de las comunidades Shuar: Fomento del desarrollo sostenible, la igualdad de g\u00e9nero y la conservaci\u00f3n forestal a lo largo del r\u00edo Yuquipa\u201d reafirma su compromiso con la construcci\u00f3n de territorios amaz\u00f3nicos seguros y libres de violencia.<\/p>\n<p>Este proyecto, implementado en la Asociaci\u00f3n Shuar Sevilla Don Bosco (Morona Santiago), nace del Plan de Vida de la comunidad y cuenta con financiamiento de AGFUND, otorgado al PNUD tras obtener el Premio Internacional Pr\u00edncipe Talal de Desarrollo Humano. Su enfoque integra sostenibilidad, conservaci\u00f3n forestal y fortalecimiento de capacidades, con especial atenci\u00f3n a la igualdad de g\u00e9nero como un pilar para el desarrollo.<\/p>\n<p><strong>Una realidad que exige acci\u00f3n: Morona Santiago entre las provincias con mayor violencia de g\u00e9nero:<\/strong><\/p>\n<p>La violencia contra las mujeres sigue siendo una de las vulneraciones m\u00e1s extendidas en Ecuador. Seg\u00fan la encuesta ENVIGMU (INEC, 2019): 78,9% de mujeres y adolescentes en Morona Santiago han vivido alg\u00fan tipo de violencia, superando el promedio amaz\u00f3nico (70,5%) y el nacional (64,9%).<\/p>\n<p>Estos datos reafirman la urgencia de impulsar iniciativas locales que, desde la propia cosmovisi\u00f3n del pueblo Shuar, generen cambios profundos y sostenibles.<\/p>\n<p><strong>Talleres comunitarios: construyendo soluciones desde la voz de las mujeres Shuar.<\/strong><\/p>\n<p>Durante octubre, el proyecto Talal \u2013 R\u00edo Yuquipa desarroll\u00f3 tres talleres participativos orientados a construir la primera \u201cEstrategia comunitaria con pertinencia cultural para la prevenci\u00f3n y atenci\u00f3n de la violencia basada en g\u00e9nero\u201d.<\/p>\n<p>Los talleres contaron con la activa participaci\u00f3n de las y los dirigentes de la mujer, juventud, s\u00edndicos y vice s\u00edndicos de la Asociaci\u00f3n, y fueron acompa\u00f1ados por el equipo t\u00e9cnico del proyecto con el apoyo del PNUD. Cada espacio permiti\u00f3 comprender, desde las propias experiencias y narrativas, c\u00f3mo se manifiesta la violencia y qu\u00e9 acciones preventivas pueden surgir desde la comunidad.<\/p>\n<p><img loading=\"lazy\" decoding=\"async\" class=\"aligncenter size-large wp-image-10943\" src=\"https:\/\/www.proamazonia.org\/ppr\/wp-content\/uploads\/2025\/12\/Talal-Acciones-de-prevencion-y-liderazgo-femenino-04-1024x669.jpg\" alt=\"\" width=\"1024\" height=\"669\" srcset=\"https:\/\/www.proamazonia.org\/ppr\/wp-content\/uploads\/2025\/12\/Talal-Acciones-de-prevencion-y-liderazgo-femenino-04-1024x669.jpg 1024w, https:\/\/www.proamazonia.org\/ppr\/wp-content\/uploads\/2025\/12\/Talal-Acciones-de-prevencion-y-liderazgo-femenino-04-300x196.jpg 300w, https:\/\/www.proamazonia.org\/ppr\/wp-content\/uploads\/2025\/12\/Talal-Acciones-de-prevencion-y-liderazgo-femenino-04-768x502.jpg 768w, https:\/\/www.proamazonia.org\/ppr\/wp-content\/uploads\/2025\/12\/Talal-Acciones-de-prevencion-y-liderazgo-femenino-04-1536x1003.jpg 1536w, https:\/\/www.proamazonia.org\/ppr\/wp-content\/uploads\/2025\/12\/Talal-Acciones-de-prevencion-y-liderazgo-femenino-04.jpg 1920w\" sizes=\"auto, (max-width: 1024px) 100vw, 1024px\" \/><\/p>\n<p style=\"text-align: center;\"><em>Cr\u00e9ditos: Proyecto Pago Por Resultados REDD+ Ecuador<\/em><\/p>\n<p><strong>M\u00e1s detalle sobre la participaci\u00f3n en los talleres:<\/strong><\/p>\n<ul>\n<li>Dirigentas de la Mujer: 43 participantes (39 mujeres y 4 hombres)<\/li>\n<li>Dirigentes de Juventud: 35 participantes (16 mujeres y 19 hombres)<\/li>\n<li>S\u00edndicos y vice s\u00edndicos: 47 participantes (10 mujeres y 37 hombres)<\/li>\n<\/ul>\n<p>A trav\u00e9s de din\u00e1micas de reflexi\u00f3n, di\u00e1logo y trabajo colaborativo, las y los participantes se sensibilizaron en la importancia de promover la igualdad a trav\u00e9s de relaciones basadas en el respeto y la corresponsabilidad.<\/p>\n<p><img loading=\"lazy\" decoding=\"async\" class=\"aligncenter size-large wp-image-10945\" src=\"https:\/\/www.proamazonia.org\/ppr\/wp-content\/uploads\/2025\/12\/Post-1024x602.jpg\" alt=\"\" width=\"1024\" height=\"602\" srcset=\"https:\/\/www.proamazonia.org\/ppr\/wp-content\/uploads\/2025\/12\/Post-1024x602.jpg 1024w, https:\/\/www.proamazonia.org\/ppr\/wp-content\/uploads\/2025\/12\/Post-300x176.jpg 300w, https:\/\/www.proamazonia.org\/ppr\/wp-content\/uploads\/2025\/12\/Post-768x452.jpg 768w, https:\/\/www.proamazonia.org\/ppr\/wp-content\/uploads\/2025\/12\/Post-1536x903.jpg 1536w\" sizes=\"auto, (max-width: 1024px) 100vw, 1024px\" \/><\/p>\n<p style=\"text-align: center;\"><em>Cr\u00e9ditos: Proyecto Pago Por Resultados REDD+ Ecuador<\/em><\/p>\n<p><strong>El color naranja: un s\u00edmbolo de compromiso.<\/strong><\/p>\n<p>Como parte del proceso, cada participante recibi\u00f3 una mochila color naranja, s\u00edmbolo global de la lucha por un futuro sin violencia contra mujeres y ni\u00f1as. Este gesto reafirm\u00f3 el compromiso de la comunidad Shuar Sevilla Don Bosco con la prevenci\u00f3n, el respeto y la defensa de los derechos de las mujeres.<\/p>\n<p><img loading=\"lazy\" decoding=\"async\" class=\"aligncenter size-large wp-image-10937\" src=\"https:\/\/www.proamazonia.org\/ppr\/wp-content\/uploads\/2025\/12\/Talal-Acciones-de-prevencion-y-liderazgo-femenino-01-1024x512.jpg\" alt=\"\" width=\"1024\" height=\"512\" srcset=\"https:\/\/www.proamazonia.org\/ppr\/wp-content\/uploads\/2025\/12\/Talal-Acciones-de-prevencion-y-liderazgo-femenino-01-1024x512.jpg 1024w, https:\/\/www.proamazonia.org\/ppr\/wp-content\/uploads\/2025\/12\/Talal-Acciones-de-prevencion-y-liderazgo-femenino-01-300x150.jpg 300w, https:\/\/www.proamazonia.org\/ppr\/wp-content\/uploads\/2025\/12\/Talal-Acciones-de-prevencion-y-liderazgo-femenino-01-768x384.jpg 768w, https:\/\/www.proamazonia.org\/ppr\/wp-content\/uploads\/2025\/12\/Talal-Acciones-de-prevencion-y-liderazgo-femenino-01-1536x768.jpg 1536w, https:\/\/www.proamazonia.org\/ppr\/wp-content\/uploads\/2025\/12\/Talal-Acciones-de-prevencion-y-liderazgo-femenino-01-2048x1024.jpg 2048w, https:\/\/www.proamazonia.org\/ppr\/wp-content\/uploads\/2025\/12\/Talal-Acciones-de-prevencion-y-liderazgo-femenino-01-1000x500.jpg 1000w\" sizes=\"auto, (max-width: 1024px) 100vw, 1024px\" \/><\/p>\n<p style=\"text-align: center;\"><em>Cr\u00e9ditos: Proyecto Pago Por Resultados REDD+ Ecuador<\/em><\/p>\n<p><strong>Pr\u00f3ximos pasos: una estrategia construida desde la Amazon\u00eda Shuar para el 2026<\/strong><\/p>\n<p>Los aportes generados durante los talleres permitir\u00e1n redactar la estrategia comunitaria, que ser\u00e1 validada y aplicada en 2026. Esta hoja de ruta fortalecer\u00e1 la capacidad local para prevenir y atender la violencia, integrar\u00e1 la cosmovisi\u00f3n y los valores del pueblo Shuar y promover\u00e1 la participaci\u00f3n activa de mujeres y j\u00f3venes como agentes de cambio.<\/p>\n<p>En este 25 de noviembre, el Proyecto Talal \u2013 R\u00edo Yuquipa reafirma que no hay desarrollo sostenible posible sin igualdad de g\u00e9nero, y que el liderazgo comunitario es la base para construir un futuro donde todas las mujeres y ni\u00f1as de la Amazon\u00eda puedan vivir libres de violencia, con respeto y dignidad.<\/p>","protected":false},"excerpt":{"rendered":"<p>Este 25 de noviembre por el D\u00eda Internacional de la Eliminaci\u00f3n de la Violencia contra las Mujeres y Ni\u00f1as, el Proyecto \u201cEmpoderamiento de las comunidades Shuar: Fomento del desarrollo sostenible, la igualdad de g\u00e9nero y la conservaci\u00f3n forestal a lo largo del r\u00edo Yuquipa\u201d reafirma su compromiso con la construcci\u00f3n de territorios amaz\u00f3nicos seguros y libres de violencia. Este proyecto, implementado en la Asociaci\u00f3n Shuar Sevilla Don Bosco (Morona Santiago), nace del Plan de Vida de la comunidad y cuenta con financiamiento de AGFUND, otorgado al PNUD tras obtener el Premio Internacional Pr\u00edncipe Talal de Desarrollo Humano. Su enfoque integra sostenibilidad, conservaci\u00f3n forestal y fortalecimiento de capacidades, con especial atenci\u00f3n a la igualdad de g\u00e9nero como un pilar para el desarrollo. Una realidad que exige acci\u00f3n: Morona Santiago entre las provincias con mayor violencia de g\u00e9nero: La violencia contra las mujeres sigue siendo una de las vulneraciones m\u00e1s extendidas en Ecuador. Seg\u00fan la encuesta ENVIGMU (INEC, 2019): 78,9% de mujeres y adolescentes en Morona Santiago han vivido alg\u00fan tipo de violencia, superando el promedio amaz\u00f3nico (70,5%) y el nacional (64,9%). Estos datos reafirman la urgencia de impulsar iniciativas locales que, desde la propia cosmovisi\u00f3n del pueblo Shuar, generen cambios profundos [&hellip;]<\/p>\n","protected":false},"author":2,"featured_media":10941,"comment_status":"open","ping_status":"open","sticky":false,"template":"","format":"standard","meta":{"_uf_show_specific_survey":0,"_uf_disable_surveys":false,"footnotes":""},"categories":[1],"tags":[],"class_list":["post-10936","post","type-post","status-publish","format-standard","has-post-thumbnail","hentry","category-sin-categoria"],"aioseo_notices":[],"_links":{"self":[{"href":"https:\/\/www.proamazonia.org\/ppr\/wp-json\/wp\/v2\/posts\/10936","targetHints":{"allow":["GET"]}}],"collection":[{"href":"https:\/\/www.proamazonia.org\/ppr\/wp-json\/wp\/v2\/posts"}],"about":[{"href":"https:\/\/www.proamazonia.org\/ppr\/wp-json\/wp\/v2\/types\/post"}],"author":[{"embeddable":true,"href":"https:\/\/www.proamazonia.org\/ppr\/wp-json\/wp\/v2\/users\/2"}],"replies":[{"embeddable":true,"href":"https:\/\/www.proamazonia.org\/ppr\/wp-json\/wp\/v2\/comments?post=10936"}],"version-history":[{"count":5,"href":"https:\/\/www.proamazonia.org\/ppr\/wp-json\/wp\/v2\/posts\/10936\/revisions"}],"predecessor-version":[{"id":10946,"href":"https:\/\/www.proamazonia.org\/ppr\/wp-json\/wp\/v2\/posts\/10936\/revisions\/10946"}],"wp:featuredmedia":[{"embeddable":true,"href":"https:\/\/www.proamazonia.org\/ppr\/wp-json\/wp\/v2\/media\/10941"}],"wp:attachment":[{"href":"https:\/\/www.proamazonia.org\/ppr\/wp-json\/wp\/v2\/media?parent=10936"}],"wp:term":[{"taxonomy":"category","embeddable":true,"href":"https:\/\/www.proamazonia.org\/ppr\/wp-json\/wp\/v2\/categories?post=10936"},{"taxonomy":"post_tag","embeddable":true,"href":"https:\/\/www.proamazonia.org\/ppr\/wp-json\/wp\/v2\/tags?post=10936"}],"curies":[{"name":"wp","href":"https:\/\/api.w.org\/{rel}","templated":true}]}}