{"id":10947,"date":"2025-12-03T16:57:35","date_gmt":"2025-12-03T21:57:35","guid":{"rendered":"https:\/\/www.proamazonia.org\/ppr\/?p=10947"},"modified":"2025-12-03T16:59:52","modified_gmt":"2025-12-03T21:59:52","slug":"la-escuela-de-negocios-katunara-yachana-wasi-concluye-exitosamente-su-cuarto-encuentro-presencial","status":"publish","type":"post","link":"https:\/\/www.proamazonia.org\/ppr\/la-escuela-de-negocios-katunara-yachana-wasi-concluye-exitosamente-su-cuarto-encuentro-presencial\/","title":{"rendered":"La Escuela de Negocios \u201cKatunara Yachana Wasi\u201d concluye exitosamente su cuarto encuentro presencial."},"content":{"rendered":"<p>El pasado viernes 28 y s\u00e1bado 29 de noviembre se llev\u00f3 a cabo el cuarto evento presencial de la Escuela de Negocios \u201cKatunara Yachana Wasi\u201d, un proceso de formaci\u00f3n impulsado por el Ministerio de Ambiente y Energ\u00eda (MAE) que cuenta con el apoyo del PNUD y el acompa\u00f1amiento t\u00e9cnico del Proyecto Pago Por Resultados (PPR) y el Instituto Superior Tecnol\u00f3gico Jap\u00f3n.<\/p>\n<p>Durante la jornada, el grupo de estudiantes particip\u00f3 en talleres aplicados en las \u00e1reas de administraci\u00f3n financiera y proyectos, adquiriendo y fortaleciendo herramientas y metodolog\u00edas, que complementan los nueve cursos de formaci\u00f3n impartidos durante el proceso formativo que ha tenido una duraci\u00f3n de ocho meses.<\/p>\n<p><img loading=\"lazy\" decoding=\"async\" class=\"aligncenter size-large wp-image-10950\" src=\"https:\/\/www.proamazonia.org\/ppr\/wp-content\/uploads\/2025\/12\/4to-encuentro-Escuela-de-Negocios-02-1024x568.jpg\" alt=\"\" width=\"1024\" height=\"568\" srcset=\"https:\/\/www.proamazonia.org\/ppr\/wp-content\/uploads\/2025\/12\/4to-encuentro-Escuela-de-Negocios-02-1024x568.jpg 1024w, https:\/\/www.proamazonia.org\/ppr\/wp-content\/uploads\/2025\/12\/4to-encuentro-Escuela-de-Negocios-02-300x166.jpg 300w, https:\/\/www.proamazonia.org\/ppr\/wp-content\/uploads\/2025\/12\/4to-encuentro-Escuela-de-Negocios-02-768x426.jpg 768w, https:\/\/www.proamazonia.org\/ppr\/wp-content\/uploads\/2025\/12\/4to-encuentro-Escuela-de-Negocios-02-1536x851.jpg 1536w, https:\/\/www.proamazonia.org\/ppr\/wp-content\/uploads\/2025\/12\/4to-encuentro-Escuela-de-Negocios-02-2048x1135.jpg 2048w\" sizes=\"auto, (max-width: 1024px) 100vw, 1024px\" \/><\/p>\n<p style=\"text-align: center;\"><em>Cr\u00e9ditos: Proyecto Pago Por Resultados REDD+ Ecuador<\/em><\/p>\n<p>Adem\u00e1s de las clases virtuales y los encuentros presenciales que han estado a cargo de catorce docentes, los estudiantes tuvieron la oportunidad de participar de la Feria del Esp\u00edritu Emprendedor organizada por el Instituto, brind\u00e1ndoles la oportunidad de exponer a la comunidad acad\u00e9mica sus productos, fortalecer sus habilidades comerciales y generar contactos estrat\u00e9gicos en la rueda de negocios, contribuyendo as\u00ed a su formaci\u00f3n pr\u00e1ctica y al desarrollo de una cultura empresarial innovadora y sostenible.\u00a0 A la fecha, los estudiantes contin\u00faan con su proceso formativo hasta egresar y su posterior titulaci\u00f3n.<\/p>\n<p>Esta actividad\u00a0 se enmarca en la pol\u00edtica nacional REDD+ impulsada por el MAE, consolidando capacidades locales para el fomento de la bioeconom\u00eda.<\/p>","protected":false},"excerpt":{"rendered":"<p>El pasado viernes 28 y s\u00e1bado 29 de noviembre se llev\u00f3 a cabo el cuarto evento presencial de la Escuela de Negocios \u201cKatunara Yachana Wasi\u201d, un proceso de formaci\u00f3n impulsado por el Ministerio de Ambiente y Energ\u00eda (MAE) que cuenta con el apoyo del PNUD y el acompa\u00f1amiento t\u00e9cnico del Proyecto Pago Por Resultados (PPR) y el Instituto Superior Tecnol\u00f3gico Jap\u00f3n. Durante la jornada, el grupo de estudiantes particip\u00f3 en talleres aplicados en las \u00e1reas de administraci\u00f3n financiera y proyectos, adquiriendo y fortaleciendo herramientas y metodolog\u00edas, que complementan los nueve cursos de formaci\u00f3n impartidos durante el proceso formativo que ha tenido una duraci\u00f3n de ocho meses. Cr\u00e9ditos: Proyecto Pago Por Resultados REDD+ Ecuador Adem\u00e1s de las clases virtuales y los encuentros presenciales que han estado a cargo de catorce docentes, los estudiantes tuvieron la oportunidad de participar de la Feria del Esp\u00edritu Emprendedor organizada por el Instituto, brind\u00e1ndoles la oportunidad de exponer a la comunidad acad\u00e9mica sus productos, fortalecer sus habilidades comerciales y generar contactos estrat\u00e9gicos en la rueda de negocios, contribuyendo as\u00ed a su formaci\u00f3n pr\u00e1ctica y al desarrollo de una cultura empresarial innovadora y sostenible.\u00a0 A la fecha, los estudiantes contin\u00faan con su proceso formativo hasta egresar y [&hellip;]<\/p>\n","protected":false},"author":2,"featured_media":10948,"comment_status":"open","ping_status":"open","sticky":false,"template":"","format":"standard","meta":{"_uf_show_specific_survey":0,"_uf_disable_surveys":false,"footnotes":""},"categories":[263,30,26,41],"tags":[],"class_list":["post-10947","post","type-post","status-publish","format-standard","has-post-thumbnail","hentry","category-bioemprendimientos","category-conservacion","category-conservacion-de-bosques","category-historias-de-vida"],"aioseo_notices":[],"_links":{"self":[{"href":"https:\/\/www.proamazonia.org\/ppr\/wp-json\/wp\/v2\/posts\/10947","targetHints":{"allow":["GET"]}}],"collection":[{"href":"https:\/\/www.proamazonia.org\/ppr\/wp-json\/wp\/v2\/posts"}],"about":[{"href":"https:\/\/www.proamazonia.org\/ppr\/wp-json\/wp\/v2\/types\/post"}],"author":[{"embeddable":true,"href":"https:\/\/www.proamazonia.org\/ppr\/wp-json\/wp\/v2\/users\/2"}],"replies":[{"embeddable":true,"href":"https:\/\/www.proamazonia.org\/ppr\/wp-json\/wp\/v2\/comments?post=10947"}],"version-history":[{"count":3,"href":"https:\/\/www.proamazonia.org\/ppr\/wp-json\/wp\/v2\/posts\/10947\/revisions"}],"predecessor-version":[{"id":10952,"href":"https:\/\/www.proamazonia.org\/ppr\/wp-json\/wp\/v2\/posts\/10947\/revisions\/10952"}],"wp:featuredmedia":[{"embeddable":true,"href":"https:\/\/www.proamazonia.org\/ppr\/wp-json\/wp\/v2\/media\/10948"}],"wp:attachment":[{"href":"https:\/\/www.proamazonia.org\/ppr\/wp-json\/wp\/v2\/media?parent=10947"}],"wp:term":[{"taxonomy":"category","embeddable":true,"href":"https:\/\/www.proamazonia.org\/ppr\/wp-json\/wp\/v2\/categories?post=10947"},{"taxonomy":"post_tag","embeddable":true,"href":"https:\/\/www.proamazonia.org\/ppr\/wp-json\/wp\/v2\/tags?post=10947"}],"curies":[{"name":"wp","href":"https:\/\/api.w.org\/{rel}","templated":true}]}}