{"id":10962,"date":"2025-12-10T12:11:34","date_gmt":"2025-12-10T17:11:34","guid":{"rendered":"https:\/\/www.proamazonia.org\/ppr\/?p=10962"},"modified":"2025-12-10T12:11:34","modified_gmt":"2025-12-10T17:11:34","slug":"5ta-reunion-ordinaria-de-la-mesa-de-trabajo-redd-cuarto-periodo-2024-2026","status":"publish","type":"post","link":"https:\/\/www.proamazonia.org\/ppr\/5ta-reunion-ordinaria-de-la-mesa-de-trabajo-redd-cuarto-periodo-2024-2026\/","title":{"rendered":"5ta Reuni\u00f3n Ordinaria de la Mesa de Trabajo REDD+ \u2013 Cuarto Per\u00edodo 2024-2026"},"content":{"rendered":"<p>El Ministerio de Ambiente y Energ\u00eda (MAE), a trav\u00e9s de la Subsecretar\u00eda de Cambio Clim\u00e1tico, junto al Proyecto Pago por Resultados REDD+ Ecuador (PPR REDD+) y con la participaci\u00f3n de 37 organizaciones miembro de la Mesa de Trabajo REDD+, llev\u00f3 a cabo la <strong>5ta Reuni\u00f3n Ordinaria del cuarto per\u00edodo 2024-2026<\/strong>, desarrollada el 8 y 9 de diciembre en Latacunga.<\/p>\n<p>El encuentro cont\u00f3 con la participaci\u00f3n de delegados de organizaciones de la sociedad civil, academia, pueblos y nacionalidades ind\u00edgenas, pueblo afroecuatoriano, pueblo montubio, comunidades locales, asociaciones de peque\u00f1os productores, sector privado, fondos de agua y representantes de cooperaci\u00f3n internacional. Asimismo, asisti\u00f3 la Subsecretar\u00eda de Cambio Clim\u00e1tico, Jessica Gallegos y t\u00e9cnicos delegados de la Subsecretar\u00eda de Patrimonio Natural.<\/p>\n<h3><strong>Fortaleciendo el di\u00e1logo para la acci\u00f3n clim\u00e1tica<\/strong><\/h3>\n<p>La Mesa de Trabajo REDD+ es el principal mecanismo de participaci\u00f3n del pa\u00eds en materia de bosques y cambio clim\u00e1tico. Como parte del proceso de implementaci\u00f3n del <strong>Plan de Acci\u00f3n REDD+ \u201cBosques para el Buen Vivir\u201d 2016-2025<\/strong><strong>, <\/strong>este espacio permite un di\u00e1logo plural, informado y multisectorial que enriquece la toma de decisiones y potencia la acci\u00f3n clim\u00e1tica en el territorio.<\/p>\n<p>Durante esta 5ta Reuni\u00f3n Ordinaria, las organizaciones miembro avanzaron en:<\/p>\n<ol>\n<li><strong> Preparaci\u00f3n para el V Resumen de Informaci\u00f3n de Salvaguardas: <\/strong>Se trabaj\u00f3 en profundizar conceptos clave sobre las Salvaguardas REDD+ y se socializ\u00f3 el proceso de construcci\u00f3n participativa del pr\u00f3ximo informe nacional. Este espacio permiti\u00f3 resolver dudas y alinear criterios frente a este instrumento fundamental de transparencia y cumplimiento internacional.<\/li>\n<li><strong> Presentaci\u00f3n de resultados REDD+ a 2025: <\/strong>Los socios implementadores compartieron los logros alcanzados en la promoci\u00f3n de la producci\u00f3n sostenible, la conservaci\u00f3n y el manejo forestal responsable, todos estos avances reflejan el car\u00e1cter hol\u00edstico de la pol\u00edtica REDD+ y sus resultados positivos en comunidades que dependen de los bosques.<\/li>\n<li><strong> Intercambio de experiencias y buenas pr\u00e1cticas: <\/strong>Una organizaci\u00f3n miembro de la Mesa de Trabajo REDD+, CEFOVE FSC, junto con Aglomerados Cotopaxi, compartieron aprendizajes y metodolog\u00edas replicables que fortalecen procesos de manejo forestal sostenible.<\/li>\n<li><strong> An\u00e1lisis de trayectorias de cambio de uso de suelo: <\/strong>Se revisaron tendencias y datos actualizados sobre uso de suelo, esenciales para orientar acciones REDD+ y mejorar la planificaci\u00f3n territorial con enfoque clim\u00e1tico.<strong>\u00a0<\/strong><\/li>\n<\/ol>\n<p><strong>Compromiso por los bosques y la acci\u00f3n clim\u00e1tica<\/strong><\/p>\n<p>Jessica Gallegos, Subsecretaria de Cambio Clim\u00e1tico, reafirm\u00f3 el compromiso del Ministerio del Ambiente y Energ\u00eda para seguir fortaleciendo la implementaci\u00f3n del Plan de Acci\u00f3n REDD+. Subray\u00f3 adem\u00e1s la importancia de los espacios participativos, destacando que &#8216;para la Mesa de Trabajo REDD+ ha sido un a\u00f1o de muchos retos, procesos que se vienen cerrando y otros nuevos; ustedes representan un espacio fundamental para la implementaci\u00f3n de REDD+. Este es el \u00fanico espacio de participaci\u00f3n y lo tomamos con mucha seriedad y responsabilidad&#8217;. Esta declaraci\u00f3n enfatiza la convicci\u00f3n de trabajar de forma conjunta para promover la conservaci\u00f3n, el manejo forestal sostenible y la producci\u00f3n sostenible<\/p>\n<p>La Mesa de Trabajo REDD+ contin\u00faa consolid\u00e1ndose como un espacio plural e inclusivo que articula a actores clave para fortalecer el dialogo entre los diferentes actores de la sociedad civil y el Ministerio del Ambiente y Energ\u00eda para avanzar al cumplimiento de los objetivos de la Pol\u00edtica Nacional REDD+.<\/p>","protected":false},"excerpt":{"rendered":"<p>El Ministerio de Ambiente y Energ\u00eda (MAE), a trav\u00e9s de la Subsecretar\u00eda de Cambio Clim\u00e1tico, junto al Proyecto Pago por Resultados REDD+ Ecuador (PPR REDD+) y con la participaci\u00f3n de 37 organizaciones miembro de la Mesa de Trabajo REDD+, llev\u00f3 a cabo la 5ta Reuni\u00f3n Ordinaria del cuarto per\u00edodo 2024-2026, desarrollada el 8 y 9 de diciembre en Latacunga. El encuentro cont\u00f3 con la participaci\u00f3n de delegados de organizaciones de la sociedad civil, academia, pueblos y nacionalidades ind\u00edgenas, pueblo afroecuatoriano, pueblo montubio, comunidades locales, asociaciones de peque\u00f1os productores, sector privado, fondos de agua y representantes de cooperaci\u00f3n internacional. Asimismo, asisti\u00f3 la Subsecretar\u00eda de Cambio Clim\u00e1tico, Jessica Gallegos y t\u00e9cnicos delegados de la Subsecretar\u00eda de Patrimonio Natural. Fortaleciendo el di\u00e1logo para la acci\u00f3n clim\u00e1tica La Mesa de Trabajo REDD+ es el principal mecanismo de participaci\u00f3n del pa\u00eds en materia de bosques y cambio clim\u00e1tico. Como parte del proceso de implementaci\u00f3n del Plan de Acci\u00f3n REDD+ \u201cBosques para el Buen Vivir\u201d 2016-2025, este espacio permite un di\u00e1logo plural, informado y multisectorial que enriquece la toma de decisiones y potencia la acci\u00f3n clim\u00e1tica en el territorio. Durante esta 5ta Reuni\u00f3n Ordinaria, las organizaciones miembro avanzaron en: Preparaci\u00f3n para el V Resumen de Informaci\u00f3n [&hellip;]<\/p>\n","protected":false},"author":2,"featured_media":10963,"comment_status":"open","ping_status":"open","sticky":false,"template":"","format":"standard","meta":{"_uf_show_specific_survey":0,"_uf_disable_surveys":false,"footnotes":""},"categories":[30,26,27],"tags":[],"class_list":["post-10962","post","type-post","status-publish","format-standard","has-post-thumbnail","hentry","category-conservacion","category-conservacion-de-bosques","category-redd"],"aioseo_notices":[],"_links":{"self":[{"href":"https:\/\/www.proamazonia.org\/ppr\/wp-json\/wp\/v2\/posts\/10962","targetHints":{"allow":["GET"]}}],"collection":[{"href":"https:\/\/www.proamazonia.org\/ppr\/wp-json\/wp\/v2\/posts"}],"about":[{"href":"https:\/\/www.proamazonia.org\/ppr\/wp-json\/wp\/v2\/types\/post"}],"author":[{"embeddable":true,"href":"https:\/\/www.proamazonia.org\/ppr\/wp-json\/wp\/v2\/users\/2"}],"replies":[{"embeddable":true,"href":"https:\/\/www.proamazonia.org\/ppr\/wp-json\/wp\/v2\/comments?post=10962"}],"version-history":[{"count":1,"href":"https:\/\/www.proamazonia.org\/ppr\/wp-json\/wp\/v2\/posts\/10962\/revisions"}],"predecessor-version":[{"id":10964,"href":"https:\/\/www.proamazonia.org\/ppr\/wp-json\/wp\/v2\/posts\/10962\/revisions\/10964"}],"wp:featuredmedia":[{"embeddable":true,"href":"https:\/\/www.proamazonia.org\/ppr\/wp-json\/wp\/v2\/media\/10963"}],"wp:attachment":[{"href":"https:\/\/www.proamazonia.org\/ppr\/wp-json\/wp\/v2\/media?parent=10962"}],"wp:term":[{"taxonomy":"category","embeddable":true,"href":"https:\/\/www.proamazonia.org\/ppr\/wp-json\/wp\/v2\/categories?post=10962"},{"taxonomy":"post_tag","embeddable":true,"href":"https:\/\/www.proamazonia.org\/ppr\/wp-json\/wp\/v2\/tags?post=10962"}],"curies":[{"name":"wp","href":"https:\/\/api.w.org\/{rel}","templated":true}]}}