{"id":11042,"date":"2026-01-11T16:06:02","date_gmt":"2026-01-11T21:06:02","guid":{"rendered":"https:\/\/www.proamazonia.org\/ppr\/?p=11042"},"modified":"2026-03-16T12:29:46","modified_gmt":"2026-03-16T17:29:46","slug":"ecuador-fortalece-la-prevencion-y-restauracion-post-incendios-en-el-sur-del-pais","status":"publish","type":"post","link":"https:\/\/www.proamazonia.org\/ppr\/ecuador-fortalece-la-prevencion-y-restauracion-post-incendios-en-el-sur-del-pais\/","title":{"rendered":"Ecuador fortalece la prevenci\u00f3n y restauraci\u00f3n post incendios en el sur del pa\u00eds."},"content":{"rendered":"<p>Quilanga, Loja. \u2014 En el marco de la Pol\u00edtica Nacional REDD+, el Ministerio de Ambiente y Energ\u00eda (MAE), con el acompa\u00f1amiento estrat\u00e9gico del Programa de las Naciones Unidas para el Desarrollo (PNUD), as\u00ed como el apoyo t\u00e9cnico del Proyecto Pago por Resultados REDD+ Ecuador (PPR) y del Proyecto Paisajes Resilientes, quienes impulsaron a la construcci\u00f3n participativa del <strong><em>Protocolo de Restauraci\u00f3n Post Incendios del cant\u00f3n Quilanga<\/em><\/strong>, una herramienta clave para la recuperaci\u00f3n de ecosistemas afectados por incendios forestales y la reducci\u00f3n de riesgos futuros en el sur del Ecuador.<\/p>\n<p>Esta iniciativa busca fortalecer las capacidades locales, promover una gesti\u00f3n integral del territorio y consolidar modelos sostenibles de prevenci\u00f3n, restauraci\u00f3n y conservaci\u00f3n, con \u00e9nfasis en zonas estrat\u00e9gicas altamente vulnerables a incendios forestales en la provincia de Loja.<\/p>\n<p><img loading=\"lazy\" decoding=\"async\" class=\"aligncenter size-large wp-image-11051\" src=\"https:\/\/www.proamazonia.org\/ppr\/wp-content\/uploads\/2026\/03\/Prevencion-y-restauracion-post-incendios-05-1024x577.jpeg\" alt=\"\" width=\"1024\" height=\"577\" srcset=\"https:\/\/www.proamazonia.org\/ppr\/wp-content\/uploads\/2026\/03\/Prevencion-y-restauracion-post-incendios-05-1024x577.jpeg 1024w, https:\/\/www.proamazonia.org\/ppr\/wp-content\/uploads\/2026\/03\/Prevencion-y-restauracion-post-incendios-05-300x169.jpeg 300w, https:\/\/www.proamazonia.org\/ppr\/wp-content\/uploads\/2026\/03\/Prevencion-y-restauracion-post-incendios-05-768x432.jpeg 768w, https:\/\/www.proamazonia.org\/ppr\/wp-content\/uploads\/2026\/03\/Prevencion-y-restauracion-post-incendios-05-1536x865.jpeg 1536w, https:\/\/www.proamazonia.org\/ppr\/wp-content\/uploads\/2026\/03\/Prevencion-y-restauracion-post-incendios-05-1000x563.jpeg 1000w, https:\/\/www.proamazonia.org\/ppr\/wp-content\/uploads\/2026\/03\/Prevencion-y-restauracion-post-incendios-05.jpeg 1600w\" sizes=\"auto, (max-width: 1024px) 100vw, 1024px\" \/><\/p>\n<p style=\"text-align: center;\"><em>\u00c1reas calcinadas resultado de los incendios durante agosto y septiembre de 2024 en Quilanga, Loja<br \/>\n<\/em><em>Cr\u00e9ditos: Proyecto Pago Por Resultados REDD+ Ecuador<\/em><\/p>\n<p>Durante el mes de diciembre de 2025, se realizaron talleres participativos para la elaboraci\u00f3n del protocolo, con el acompa\u00f1amiento t\u00e9cnico de la Unidad de Gesti\u00f3n Ambiental del GAD Quilanga. Estos espacios permitieron articular conocimientos t\u00e9cnicos con saberes locales, recoger experiencias comunitarias y fortalecer la corresponsabilidad en la protecci\u00f3n de los ecosistemas.<\/p>\n<p>Como parte del proceso, el 06 de febrero de 2026 se llev\u00f3 a cabo la socializaci\u00f3n del protocolo, en las parroquias de Fundochamba y San Antonio de Las Aradas, con la participaci\u00f3n activa de autoridades parroquiales, instituciones p\u00fablicas, organizaciones locales, juntas de agua, representantes barriales y j\u00f3venes vinculados a procesos de conservaci\u00f3n en el Cant\u00f3n Quilanga.<\/p>\n<p>Esta jornada tuvo como objetivo validar el contenido preliminar del documento, recopilar aportes, recomendaciones, y fortalecer la apropiaci\u00f3n local del protocolo, asegurando que las acciones de restauraci\u00f3n respondan a las necesidades ecol\u00f3gicas, sociales y productivas del territorio. Adem\u00e1s, estos espacios consolidan una visi\u00f3n compartida para la recuperaci\u00f3n de \u00e1reas degradadas y la prevenci\u00f3n de nuevos incendios forestales.<\/p>\n<p><img loading=\"lazy\" decoding=\"async\" class=\"aligncenter size-large wp-image-11052\" src=\"https:\/\/www.proamazonia.org\/ppr\/wp-content\/uploads\/2026\/03\/Prevencion-y-restauracion-post-incendios-06-1024x677.jpg\" alt=\"\" width=\"1024\" height=\"677\" srcset=\"https:\/\/www.proamazonia.org\/ppr\/wp-content\/uploads\/2026\/03\/Prevencion-y-restauracion-post-incendios-06-1024x677.jpg 1024w, https:\/\/www.proamazonia.org\/ppr\/wp-content\/uploads\/2026\/03\/Prevencion-y-restauracion-post-incendios-06-300x198.jpg 300w, https:\/\/www.proamazonia.org\/ppr\/wp-content\/uploads\/2026\/03\/Prevencion-y-restauracion-post-incendios-06-768x507.jpg 768w, https:\/\/www.proamazonia.org\/ppr\/wp-content\/uploads\/2026\/03\/Prevencion-y-restauracion-post-incendios-06.jpg 1521w\" sizes=\"auto, (max-width: 1024px) 100vw, 1024px\" \/><\/p>\n<p style=\"text-align: center;\"><em>Cr\u00e9ditos: Proyecto Pago Por Resultados REDD+ Ecuador<\/em><\/p>\n<p>Entre las instituciones participantes estuvieron delegados del MAE, del Ministerio de Agricultura, Ganader\u00eda y Pesca (MAGP), la Prefectura de Loja y el GAD Quilanga, as\u00ed como representantes comunitarios, reforzando el respaldo t\u00e9cnico e institucional del proceso.<\/p>\n<p>La construcci\u00f3n participativa de este protocolo marca un hito en la gesti\u00f3n territorial frente al cambio clim\u00e1tico, fortalece la gobernanza ambiental local y sienta un precedente para su replicabilidad en otros cantones del sur del pa\u00eds, contribuyendo a la restauraci\u00f3n de los ecosistemas afectados por los incendios, la protecci\u00f3n de los medios de vida y la resiliencia de las comunidades.<\/p>\n<p>Con estas acciones, el PNUD reafirma su compromiso como socio estrat\u00e9gico del Ecuador para impulsar soluciones integrales frente al cambio clim\u00e1tico, mientras que el MAE consolida su liderazgo como autoridad nacional REDD+, promoviendo pol\u00edticas p\u00fablicas que integran conservaci\u00f3n, desarrollo sostenible y bienestar para las poblaciones locales.<\/p>","protected":false},"excerpt":{"rendered":"<p>Quilanga, Loja. \u2014 En el marco de la Pol\u00edtica Nacional REDD+, el Ministerio de Ambiente y Energ\u00eda (MAE), con el acompa\u00f1amiento estrat\u00e9gico del Programa de las Naciones Unidas para el Desarrollo (PNUD), as\u00ed como el apoyo t\u00e9cnico del Proyecto Pago por Resultados REDD+ Ecuador (PPR) y del Proyecto Paisajes Resilientes, quienes impulsaron a la construcci\u00f3n participativa del Protocolo de Restauraci\u00f3n Post Incendios del cant\u00f3n Quilanga, una herramienta clave para la recuperaci\u00f3n de ecosistemas afectados por incendios forestales y la reducci\u00f3n de riesgos futuros en el sur del Ecuador. Esta iniciativa busca fortalecer las capacidades locales, promover una gesti\u00f3n integral del territorio y consolidar modelos sostenibles de prevenci\u00f3n, restauraci\u00f3n y conservaci\u00f3n, con \u00e9nfasis en zonas estrat\u00e9gicas altamente vulnerables a incendios forestales en la provincia de Loja. \u00c1reas calcinadas resultado de los incendios durante agosto y septiembre de 2024 en Quilanga, Loja Cr\u00e9ditos: Proyecto Pago Por Resultados REDD+ Ecuador Durante el mes de diciembre de 2025, se realizaron talleres participativos para la elaboraci\u00f3n del protocolo, con el acompa\u00f1amiento t\u00e9cnico de la Unidad de Gesti\u00f3n Ambiental del GAD Quilanga. Estos espacios permitieron articular conocimientos t\u00e9cnicos con saberes locales, recoger experiencias comunitarias y fortalecer la corresponsabilidad en la protecci\u00f3n de los ecosistemas. Como parte [&hellip;]<\/p>\n","protected":false},"author":2,"featured_media":11050,"comment_status":"open","ping_status":"open","sticky":false,"template":"","format":"standard","meta":{"_uf_show_specific_survey":0,"_uf_disable_surveys":false,"footnotes":""},"categories":[31],"tags":[],"class_list":["post-11042","post","type-post","status-publish","format-standard","has-post-thumbnail","hentry","category-restauracion"],"aioseo_notices":[],"_links":{"self":[{"href":"https:\/\/www.proamazonia.org\/ppr\/wp-json\/wp\/v2\/posts\/11042","targetHints":{"allow":["GET"]}}],"collection":[{"href":"https:\/\/www.proamazonia.org\/ppr\/wp-json\/wp\/v2\/posts"}],"about":[{"href":"https:\/\/www.proamazonia.org\/ppr\/wp-json\/wp\/v2\/types\/post"}],"author":[{"embeddable":true,"href":"https:\/\/www.proamazonia.org\/ppr\/wp-json\/wp\/v2\/users\/2"}],"replies":[{"embeddable":true,"href":"https:\/\/www.proamazonia.org\/ppr\/wp-json\/wp\/v2\/comments?post=11042"}],"version-history":[{"count":5,"href":"https:\/\/www.proamazonia.org\/ppr\/wp-json\/wp\/v2\/posts\/11042\/revisions"}],"predecessor-version":[{"id":11056,"href":"https:\/\/www.proamazonia.org\/ppr\/wp-json\/wp\/v2\/posts\/11042\/revisions\/11056"}],"wp:featuredmedia":[{"embeddable":true,"href":"https:\/\/www.proamazonia.org\/ppr\/wp-json\/wp\/v2\/media\/11050"}],"wp:attachment":[{"href":"https:\/\/www.proamazonia.org\/ppr\/wp-json\/wp\/v2\/media?parent=11042"}],"wp:term":[{"taxonomy":"category","embeddable":true,"href":"https:\/\/www.proamazonia.org\/ppr\/wp-json\/wp\/v2\/categories?post=11042"},{"taxonomy":"post_tag","embeddable":true,"href":"https:\/\/www.proamazonia.org\/ppr\/wp-json\/wp\/v2\/tags?post=11042"}],"curies":[{"name":"wp","href":"https:\/\/api.w.org\/{rel}","templated":true}]}}