{"id":11044,"date":"2026-03-13T16:21:05","date_gmt":"2026-03-13T21:21:05","guid":{"rendered":"https:\/\/www.proamazonia.org\/ppr\/?p=11044"},"modified":"2026-03-14T11:23:27","modified_gmt":"2026-03-14T16:23:27","slug":"ecuador-comparte-su-experiencia-en-cafe-sostenible-libre-de-deforestacion-en-taller-regional-de-onu-redd","status":"publish","type":"post","link":"https:\/\/www.proamazonia.org\/ppr\/ecuador-comparte-su-experiencia-en-cafe-sostenible-libre-de-deforestacion-en-taller-regional-de-onu-redd\/","title":{"rendered":"Ecuador comparte su experiencia en caf\u00e9 sostenible libre de deforestaci\u00f3n en taller regional de ONU-REDD"},"content":{"rendered":"<p>Ecuador particip\u00f3 en el Taller Regional \u201cCadena de Caf\u00e9: de la finca al consumidor\u201d, organizado por el Programa ONU-REDD, un espacio de di\u00e1logo que reuni\u00f3 a actores de Am\u00e9rica Latina para analizar c\u00f3mo las nuevas din\u00e1micas regulatorias, clim\u00e1ticas y de mercado est\u00e1n transformando el sector cafetalero y demandan mayores niveles de sostenibilidad, trazabilidad y resiliencia.<\/p>\n<p>Durante el encuentro virtual, representantes del pa\u00eds compartieron avances que posicionan al caf\u00e9 ecuatoriano como <strong>un referente de producci\u00f3n sostenible libre de deforestaci\u00f3n<\/strong>, alineado con reglamentaciones globales como la European Union Deforestation Regulation (EUDR), que exige a los productos agr\u00edcolas demostrar que no provienen de \u00e1reas deforestadas.<\/p>\n<div class=\"mceTemp\"><\/div>\n<p>El evento permiti\u00f3 visibilizar experiencias concretas de productores y organizaciones que est\u00e1n impulsando <strong>modelos de producci\u00f3n que combinan competitividad, conservaci\u00f3n de bosques y respeto a los derechos sociales y ambientales<\/strong>.<\/p>\n<p><img loading=\"lazy\" decoding=\"async\" class=\"size-large wp-image-11064 aligncenter\" src=\"https:\/\/www.proamazonia.org\/ppr\/wp-content\/uploads\/2026\/03\/Taller-Regional-cadena-de-cafe-ONUREDD-3-1024x604.jpg\" alt=\"\" width=\"1024\" height=\"604\" srcset=\"https:\/\/www.proamazonia.org\/ppr\/wp-content\/uploads\/2026\/03\/Taller-Regional-cadena-de-cafe-ONUREDD-3-1024x604.jpg 1024w, https:\/\/www.proamazonia.org\/ppr\/wp-content\/uploads\/2026\/03\/Taller-Regional-cadena-de-cafe-ONUREDD-3-300x177.jpg 300w, https:\/\/www.proamazonia.org\/ppr\/wp-content\/uploads\/2026\/03\/Taller-Regional-cadena-de-cafe-ONUREDD-3-768x453.jpg 768w, https:\/\/www.proamazonia.org\/ppr\/wp-content\/uploads\/2026\/03\/Taller-Regional-cadena-de-cafe-ONUREDD-3-1536x905.jpg 1536w, https:\/\/www.proamazonia.org\/ppr\/wp-content\/uploads\/2026\/03\/Taller-Regional-cadena-de-cafe-ONUREDD-3-2048x1207.jpg 2048w\" sizes=\"auto, (max-width: 1024px) 100vw, 1024px\" \/><\/p>\n<p style=\"text-align: center;\"><em>Victor Hugo Yanangomez &#8211; Presidente Fapecafes &#8211; Expositor en representaci\u00f3n de Ecuador<br \/>\n<\/em><em>Cr\u00e9ditos: Proyecto Pago Por Resultados REDD+ Ecuador<\/em><\/p>\n<p>Entre las intervenciones destacadas estuvo la de la Federaci\u00f3n Regional de Asociaciones de Peque\u00f1os Cafetaleros Ecol\u00f3gicos del Sur (FAPECAFES), cuyo presidente present\u00f3 el modelo cooperativo que articula a peque\u00f1os productores del sur del pa\u00eds, fortaleciendo la trazabilidad del caf\u00e9 y su posicionamiento en mercados internacionales.<\/p>\n<p>Asimismo, particip\u00f3 un productor de la Asociaci\u00f3n Agroartesanal de Productores Ecol\u00f3gicos de Palanda y Chinchipe (APECAP), quien comparti\u00f3 la experiencia de las organizaciones de base en la adopci\u00f3n de pr\u00e1cticas productivas sostenibles que contribuyen a la protecci\u00f3n de los bosques amaz\u00f3nicos y al fortalecimiento de las econom\u00edas rurales.<\/p>\n<p>El encuentro regional abord\u00f3 los desaf\u00edos que enfrenta la cadena de caf\u00e9 en Am\u00e9rica Latina ante un contexto global marcado por nuevas regulaciones, mayores exigencias de sostenibilidad y la necesidad de fortalecer la resiliencia frente al cambio clim\u00e1tico. En este escenario, los participantes coincidieron en que <strong>la articulaci\u00f3n entre gobiernos, productores, empresas y sector financiero es clave para garantizar la sostenibilidad y competitividad del sector<\/strong>.<\/p>\n<p><img loading=\"lazy\" decoding=\"async\" class=\"aligncenter size-large wp-image-11062\" src=\"https:\/\/www.proamazonia.org\/ppr\/wp-content\/uploads\/2026\/03\/Taller-Regional-cadena-de-cafe-ONUREDD-2-1024x544.png\" alt=\"\" width=\"1024\" height=\"544\" srcset=\"https:\/\/www.proamazonia.org\/ppr\/wp-content\/uploads\/2026\/03\/Taller-Regional-cadena-de-cafe-ONUREDD-2-1024x544.png 1024w, https:\/\/www.proamazonia.org\/ppr\/wp-content\/uploads\/2026\/03\/Taller-Regional-cadena-de-cafe-ONUREDD-2-300x159.png 300w, https:\/\/www.proamazonia.org\/ppr\/wp-content\/uploads\/2026\/03\/Taller-Regional-cadena-de-cafe-ONUREDD-2-768x408.png 768w, https:\/\/www.proamazonia.org\/ppr\/wp-content\/uploads\/2026\/03\/Taller-Regional-cadena-de-cafe-ONUREDD-2-1536x816.png 1536w, https:\/\/www.proamazonia.org\/ppr\/wp-content\/uploads\/2026\/03\/Taller-Regional-cadena-de-cafe-ONUREDD-2-2048x1088.png 2048w\" sizes=\"auto, (max-width: 1024px) 100vw, 1024px\" \/><\/p>\n<p style=\"text-align: center;\"><em>Cr\u00e9ditos: Proyecto Pago Por Resultados REDD+ Ecuador<\/em><\/p>\n<p>El Programa de las Naciones Unidas para el Desarrollo (PNUD) y la Organizaci\u00f3n de las Naciones Unidas para la Alimentaci\u00f3n y la Agricultura (FAO) acompa\u00f1an al Gobierno de Ecuador como aliados estrat\u00e9gicos en la promoci\u00f3n de cadenas productivas sostenibles que contribuyen a la conservaci\u00f3n de los bosques, al fortalecimiento de los medios de vida rurales y al cumplimiento de compromisos clim\u00e1ticos.<\/p>\n<p>La participaci\u00f3n del pa\u00eds en este espacio regional reafirma que <strong>la sostenibilidad puede convertirse en una ventaja competitiva para el caf\u00e9 latinoamericano<\/strong>, y que experiencias como las de Ecuador demuestran que es posible producir caf\u00e9 de alta calidad mientras se protege el bosque y se promueve el desarrollo inclusivo.<\/p>","protected":false},"excerpt":{"rendered":"<p>Ecuador particip\u00f3 en el Taller Regional \u201cCadena de Caf\u00e9: de la finca al consumidor\u201d, organizado por el Programa ONU-REDD, un espacio de di\u00e1logo que reuni\u00f3 a actores de Am\u00e9rica Latina para analizar c\u00f3mo las nuevas din\u00e1micas regulatorias, clim\u00e1ticas y de mercado est\u00e1n transformando el sector cafetalero y demandan mayores niveles de sostenibilidad, trazabilidad y resiliencia. Durante el encuentro virtual, representantes del pa\u00eds compartieron avances que posicionan al caf\u00e9 ecuatoriano como un referente de producci\u00f3n sostenible libre de deforestaci\u00f3n, alineado con reglamentaciones globales como la European Union Deforestation Regulation (EUDR), que exige a los productos agr\u00edcolas demostrar que no provienen de \u00e1reas deforestadas. El evento permiti\u00f3 visibilizar experiencias concretas de productores y organizaciones que est\u00e1n impulsando modelos de producci\u00f3n que combinan competitividad, conservaci\u00f3n de bosques y respeto a los derechos sociales y ambientales. Victor Hugo Yanangomez &#8211; Presidente Fapecafes &#8211; Expositor en representaci\u00f3n de Ecuador Cr\u00e9ditos: Proyecto Pago Por Resultados REDD+ Ecuador Entre las intervenciones destacadas estuvo la de la Federaci\u00f3n Regional de Asociaciones de Peque\u00f1os Cafetaleros Ecol\u00f3gicos del Sur (FAPECAFES), cuyo presidente present\u00f3 el modelo cooperativo que articula a peque\u00f1os productores del sur del pa\u00eds, fortaleciendo la trazabilidad del caf\u00e9 y su posicionamiento en mercados internacionales. Asimismo, particip\u00f3 un productor [&hellip;]<\/p>\n","protected":false},"author":2,"featured_media":11045,"comment_status":"open","ping_status":"open","sticky":false,"template":"","format":"standard","meta":{"_uf_show_specific_survey":0,"_uf_disable_surveys":false,"footnotes":""},"categories":[1],"tags":[],"class_list":["post-11044","post","type-post","status-publish","format-standard","has-post-thumbnail","hentry","category-sin-categoria"],"aioseo_notices":[],"_links":{"self":[{"href":"https:\/\/www.proamazonia.org\/ppr\/wp-json\/wp\/v2\/posts\/11044","targetHints":{"allow":["GET"]}}],"collection":[{"href":"https:\/\/www.proamazonia.org\/ppr\/wp-json\/wp\/v2\/posts"}],"about":[{"href":"https:\/\/www.proamazonia.org\/ppr\/wp-json\/wp\/v2\/types\/post"}],"author":[{"embeddable":true,"href":"https:\/\/www.proamazonia.org\/ppr\/wp-json\/wp\/v2\/users\/2"}],"replies":[{"embeddable":true,"href":"https:\/\/www.proamazonia.org\/ppr\/wp-json\/wp\/v2\/comments?post=11044"}],"version-history":[{"count":4,"href":"https:\/\/www.proamazonia.org\/ppr\/wp-json\/wp\/v2\/posts\/11044\/revisions"}],"predecessor-version":[{"id":11065,"href":"https:\/\/www.proamazonia.org\/ppr\/wp-json\/wp\/v2\/posts\/11044\/revisions\/11065"}],"wp:featuredmedia":[{"embeddable":true,"href":"https:\/\/www.proamazonia.org\/ppr\/wp-json\/wp\/v2\/media\/11045"}],"wp:attachment":[{"href":"https:\/\/www.proamazonia.org\/ppr\/wp-json\/wp\/v2\/media?parent=11044"}],"wp:term":[{"taxonomy":"category","embeddable":true,"href":"https:\/\/www.proamazonia.org\/ppr\/wp-json\/wp\/v2\/categories?post=11044"},{"taxonomy":"post_tag","embeddable":true,"href":"https:\/\/www.proamazonia.org\/ppr\/wp-json\/wp\/v2\/tags?post=11044"}],"curies":[{"name":"wp","href":"https:\/\/api.w.org\/{rel}","templated":true}]}}