{"id":1229,"date":"2019-10-24T05:03:33","date_gmt":"2019-10-24T03:03:33","guid":{"rendered":"http:\/\/2sisdigital.com\/proamazonia\/?p=1229"},"modified":"2020-12-12T20:29:46","modified_gmt":"2020-12-13T01:29:46","slug":"ecuador-pionero-en-la-certificacion-jurisdiccional-de-palma-sostenible","status":"publish","type":"post","link":"https:\/\/www.proamazonia.org\/ppr\/ecuador-pionero-en-la-certificacion-jurisdiccional-de-palma-sostenible\/","title":{"rendered":"Ecuador pionero en la Certificaci\u00f3n Jurisdiccional de Palma Sostenible"},"content":{"rendered":"<p><em>Con la participaci\u00f3n del ministro (s) de Agricultura y Ganader\u00eda (MAG), H\u00e9ctor Romero, se llev\u00f3 a cabo el Lanzamiento para la Certificaci\u00f3n Jurisdiccional de Palma Aceitera Sostenible en la Amazonia del Ecuador, un proyecto liderado por el MAG en conjunto con el Ministerio del Ambiente; PROAmazon\u00eda y el Programa de las Naciones Unidas para el Desarrollo (PNUD).<\/em><br>Fecha: 27 de septiembre de 2019 <\/p>\r\n\r\n\r\n\r\n<p><strong>Quito, 27 de septiembre de 2019.-&nbsp;<\/strong>Con la participaci\u00f3n del ministro (s) de Agricultura y Ganader\u00eda (MAG), H\u00e9ctor Romero, se llev\u00f3 a cabo el Lanzamiento para la Certificaci\u00f3n Jurisdiccional de Palma Aceitera Sostenible en la Amazonia del Ecuador, un proyecto liderado por el MAG en conjunto con el Ministerio del Ambiente; Pro Amazon\u00eda y el Programa de las Naciones Unidas para el Desarrollo (PNUD).<\/p>\r\n\r\n\r\n\r\n<p>El objetivo principal es posicionar al Ecuador en el mundo, como pionero en la certificaci\u00f3n jurisdiccional de palma sostenible, que consiste en la adaptaci\u00f3n de pr\u00e1cticas ambientales y socialmente amigables con el ambiente que contribuyan a la erradicaci\u00f3n de la deforestaci\u00f3n dentro de la cadena productiva de aceite de palma.<\/p>\r\n\r\n\r\n\r\n<p>Al evento se dieron cita Matilde Mordt, representante Residente del Programa de las Naciones Unidas para el Desarrollo (PNUD); Darrel Webber, director Ejecutivo de la Mesa Redonda de Palma Aceitera a Nivel Mundial; Steven Petersen, subsecretario de Cambio Clim\u00e1tico del Ministerio de Ambiente (MAE); Geovany Ure\u00f1a, productor amaz\u00f3nico de palma, representantes del sector industrial, productores; miembros de la cadena palmera y sociedad civil.<\/p>\r\n\r\n\r\n\r\n<p>Hector Romero, dijo que \u00abdesde el a\u00f1o 2014, el MAG articula acciones con el Ministerio del Ambiente y con el Ministerio de la Producci\u00f3n, Comercio Exterior, Inversiones y Pesca en la consolidaci\u00f3n de un Plan de Mejora Competitiva (PMC), que deriva hoy en el Comit\u00e9 Interinstitucional de Seguimiento, espacio multisectorial donde se delinean acciones y estrategias para transitar a una producci\u00f3n de palma sostenible para el pa\u00eds\u00bb.<\/p>\r\n\r\n\r\n\r\n<p>Geovany Ure\u00f1a, productor amaz\u00f3nico de palma destac\u00f3&nbsp;\u201ccomo palmicultores nos involucramos mediante el manejo sostenible, respetando el medio ambiente a trav\u00e9s de la implementaci\u00f3n de la certificaci\u00f3n RSPO, ya que nuestro inter\u00e9s es la conservaci\u00f3n del planeta, produciendo con est\u00e1ndares de alta calidad\u201d.<\/p>\r\n\r\n\r\n\r\n<p><strong>[[SUBT\u00cdTULO]]<\/strong><\/p>\r\n\r\n\r\n\r\n<p>Ecuador tiene 257.121 hect\u00e1reas de palma, cultivadas por 6.568 productores, de los que el 91% son peque\u00f1os, y alrededor del 70% desarrollan su actividad en fincas de menos de 20 hect\u00e1reas, realizando una agricultura de tipo familiar.<\/p>\r\n\r\n\r\n\r\n<p>Steven Petersen, subsecretario de Cambio Clim\u00e1tico del Ministerio de Ambiente expres\u00f3&nbsp;\u201cel principal objetivo de nuestro pa\u00eds es llegar a un 0% de deforestaci\u00f3n en la producci\u00f3n de palma sostenible. Ecuador ya cuenta con un marco regulatorio que nos permitir\u00e1 avanzar de forma m\u00e1s r\u00e1pida a ser productivos en temas de calidad ambiental\u201d.&nbsp;<\/p>\r\n\r\n\r\n\r\n<p>Matilde Mordt, representante residente del PNUD, manifest\u00f3 \u00abfelicitamos al Comit\u00e9 Interinstitucional de Palma y en especial al Gobierno de Ecuador, que a trav\u00e9s de los Ministerios de Agricultura y Ganader\u00eda y el Ministerio del Ambiente se&nbsp; unen a este esfuerzo para avanzar hacia la certificaci\u00f3n de palma sostenible que sentar\u00e1&nbsp; las bases para que la producci\u00f3n siga lineamientos internacionales respetando el medio ambiente\u201d.<\/p>\r\n\r\n\r\n\r\n<p>La certificaci\u00f3n permitir\u00e1 a Ecuador ingresar a nuevos mercados para la exportaci\u00f3n de palma aceitera con los pa\u00edses europeos.<\/p>","protected":false},"excerpt":{"rendered":"<p>Con la participaci\u00f3n del ministro (s) de Agricultura y Ganader\u00eda (MAG), H\u00e9ctor Romero, se llev\u00f3 a cabo el Lanzamiento para la Certificaci\u00f3n Jurisdiccional de Palma Aceitera Sostenible en la Amazonia del Ecuador, un proyecto liderado por el MAG en conjunto con el Ministerio del Ambiente; PROAmazon\u00eda y el Programa de las Naciones Unidas para el Desarrollo (PNUD).Fecha: 27 de septiembre de 2019 Quito, 27 de septiembre de 2019.-&nbsp;Con la participaci\u00f3n del ministro (s) de Agricultura y Ganader\u00eda (MAG), H\u00e9ctor Romero, se llev\u00f3 a cabo el Lanzamiento para la Certificaci\u00f3n Jurisdiccional de Palma Aceitera Sostenible en la Amazonia del Ecuador, un proyecto liderado por el MAG en conjunto con el Ministerio del Ambiente; Pro Amazon\u00eda y el Programa de las Naciones Unidas para el Desarrollo (PNUD). El objetivo principal es posicionar al Ecuador en el mundo, como pionero en la certificaci\u00f3n jurisdiccional de palma sostenible, que consiste en la adaptaci\u00f3n de pr\u00e1cticas ambientales y socialmente amigables con el ambiente que contribuyan a la erradicaci\u00f3n de la deforestaci\u00f3n dentro de la cadena productiva de aceite de palma. Al evento se dieron cita Matilde Mordt, representante Residente del Programa de las Naciones Unidas para el Desarrollo (PNUD); Darrel Webber, director Ejecutivo de la [&hellip;]<\/p>\n","protected":false},"author":2,"featured_media":1230,"comment_status":"open","ping_status":"open","sticky":false,"template":"","format":"standard","meta":{"_uf_show_specific_survey":0,"_uf_disable_surveys":false,"footnotes":""},"categories":[23],"tags":[36],"class_list":["post-1229","post","type-post","status-publish","format-standard","has-post-thumbnail","hentry","category-noticias-home","tag-noticias-home"],"aioseo_notices":[],"_links":{"self":[{"href":"https:\/\/www.proamazonia.org\/ppr\/wp-json\/wp\/v2\/posts\/1229","targetHints":{"allow":["GET"]}}],"collection":[{"href":"https:\/\/www.proamazonia.org\/ppr\/wp-json\/wp\/v2\/posts"}],"about":[{"href":"https:\/\/www.proamazonia.org\/ppr\/wp-json\/wp\/v2\/types\/post"}],"author":[{"embeddable":true,"href":"https:\/\/www.proamazonia.org\/ppr\/wp-json\/wp\/v2\/users\/2"}],"replies":[{"embeddable":true,"href":"https:\/\/www.proamazonia.org\/ppr\/wp-json\/wp\/v2\/comments?post=1229"}],"version-history":[{"count":3,"href":"https:\/\/www.proamazonia.org\/ppr\/wp-json\/wp\/v2\/posts\/1229\/revisions"}],"predecessor-version":[{"id":4127,"href":"https:\/\/www.proamazonia.org\/ppr\/wp-json\/wp\/v2\/posts\/1229\/revisions\/4127"}],"wp:featuredmedia":[{"embeddable":true,"href":"https:\/\/www.proamazonia.org\/ppr\/wp-json\/wp\/v2\/media\/1230"}],"wp:attachment":[{"href":"https:\/\/www.proamazonia.org\/ppr\/wp-json\/wp\/v2\/media?parent=1229"}],"wp:term":[{"taxonomy":"category","embeddable":true,"href":"https:\/\/www.proamazonia.org\/ppr\/wp-json\/wp\/v2\/categories?post=1229"},{"taxonomy":"post_tag","embeddable":true,"href":"https:\/\/www.proamazonia.org\/ppr\/wp-json\/wp\/v2\/tags?post=1229"}],"curies":[{"name":"wp","href":"https:\/\/api.w.org\/{rel}","templated":true}]}}