{"id":1248,"date":"2019-10-24T05:49:41","date_gmt":"2019-10-24T03:49:41","guid":{"rendered":"http:\/\/2sisdigital.com\/proamazonia\/?p=1248"},"modified":"2020-12-12T20:19:22","modified_gmt":"2020-12-13T01:19:22","slug":"planifica-ecuador-congope-y-proamazonia-definiran-una-estrategia-de-acompanamiento-a-los-gad","status":"publish","type":"post","link":"https:\/\/www.proamazonia.org\/ppr\/planifica-ecuador-congope-y-proamazonia-definiran-una-estrategia-de-acompanamiento-a-los-gad\/","title":{"rendered":"Planifica Ecuador, Congope y PROAmazon\u00eda definir\u00e1n una estrategia de acompa\u00f1amiento a los GAD"},"content":{"rendered":"<p> El director de Ordenamiento y Articulaci\u00f3n Territorial, Miguel Andrade, mantuvo una reuni\u00f3n de trabajo con t\u00e9cnicos del Programa Integral Amaz\u00f3nico de Conservaci\u00f3n de Bosques y Producci\u00f3n Sostenible-PROAmazon\u00eda y del Consorcio de Gobiernos Aut\u00f3nomos Provinciales del Ecuador (Congope).<br>Fecha: 9 de septiembre de 2019 <\/p>\r\n\r\n\r\n\r\n<p>Quito, (09-09-2019).- El director de Ordenamiento y Articulaci\u00f3n Territorial, Miguel Andrade, mantuvo una reuni\u00f3n de trabajo, este 9 de septiembre, con t\u00e9cnicos del Programa Integral Amaz\u00f3nico de Conservaci\u00f3n de Bosques y Producci\u00f3n Sostenible-PROAmazon\u00eda y del Consorcio de Gobiernos Aut\u00f3nomos Provinciales del Ecuador (Congope).<\/p>\r\n\r\n\r\n\r\n<blockquote class=\"wp-block-quote is-layout-flow wp-block-quote-is-layout-flow\"><p><em>Una vez definida la estrategia, se trabajar\u00e1 con los gremios con el fin de que retroalimenten la propuesta<\/em><\/p><\/blockquote>\r\n\r\n\r\n\r\n<p>En el encuentro se acord\u00f3 trabajar en conjunto para generar una estrategia de acompa\u00f1amiento t\u00e9cnico permanente para los gobiernos aut\u00f3nomos descentralizados (GAD) en la formulaci\u00f3n y actualizaci\u00f3n de los Planes de Desarrollo y Ordenamiento Territorial (PDOT).<\/p>\r\n\r\n\r\n\r\n<p>Una vez definida la estrategia, se trabajar\u00e1 con los gremios con el fin de que retroalimenten la propuesta. Despu\u00e9s de su validaci\u00f3n, ser\u00e1 socializada con los GAD con el prop\u00f3sito de que alineen sus procesos de actualizaci\u00f3n de los PDOT en funci\u00f3n de esta.<\/p>\r\n\r\n\r\n\r\n<p>M\u00e1s informaci\u00f3n:<\/p>\r\n\r\n\r\n\r\n<p>Direcci\u00f3n de Comunicaci\u00f3n Social<br>(593 2) 397 8900 ext. 2823<\/p>","protected":false},"excerpt":{"rendered":"<p>El director de Ordenamiento y Articulaci\u00f3n Territorial, Miguel Andrade, mantuvo una reuni\u00f3n de trabajo con t\u00e9cnicos del Programa Integral Amaz\u00f3nico de Conservaci\u00f3n de Bosques y Producci\u00f3n Sostenible-PROAmazon\u00eda y del Consorcio de Gobiernos Aut\u00f3nomos Provinciales del Ecuador (Congope).Fecha: 9 de septiembre de 2019 Quito, (09-09-2019).- El director de Ordenamiento y Articulaci\u00f3n Territorial, Miguel Andrade, mantuvo una reuni\u00f3n de trabajo, este 9 de septiembre, con t\u00e9cnicos del Programa Integral Amaz\u00f3nico de Conservaci\u00f3n de Bosques y Producci\u00f3n Sostenible-PROAmazon\u00eda y del Consorcio de Gobiernos Aut\u00f3nomos Provinciales del Ecuador (Congope). Una vez definida la estrategia, se trabajar\u00e1 con los gremios con el fin de que retroalimenten la propuesta En el encuentro se acord\u00f3 trabajar en conjunto para generar una estrategia de acompa\u00f1amiento t\u00e9cnico permanente para los gobiernos aut\u00f3nomos descentralizados (GAD) en la formulaci\u00f3n y actualizaci\u00f3n de los Planes de Desarrollo y Ordenamiento Territorial (PDOT). Una vez definida la estrategia, se trabajar\u00e1 con los gremios con el fin de que retroalimenten la propuesta. Despu\u00e9s de su validaci\u00f3n, ser\u00e1 socializada con los GAD con el prop\u00f3sito de que alineen sus procesos de actualizaci\u00f3n de los PDOT en funci\u00f3n de esta. M\u00e1s informaci\u00f3n: Direcci\u00f3n de Comunicaci\u00f3n Social(593 2) 397 8900 ext. 2823<\/p>\n","protected":false},"author":2,"featured_media":1249,"comment_status":"open","ping_status":"open","sticky":false,"template":"","format":"standard","meta":{"_uf_show_specific_survey":0,"_uf_disable_surveys":false,"footnotes":""},"categories":[24],"tags":[],"class_list":["post-1248","post","type-post","status-publish","format-standard","has-post-thumbnail","hentry","category-politicas-e-institucionalidad"],"aioseo_notices":[],"_links":{"self":[{"href":"https:\/\/www.proamazonia.org\/ppr\/wp-json\/wp\/v2\/posts\/1248","targetHints":{"allow":["GET"]}}],"collection":[{"href":"https:\/\/www.proamazonia.org\/ppr\/wp-json\/wp\/v2\/posts"}],"about":[{"href":"https:\/\/www.proamazonia.org\/ppr\/wp-json\/wp\/v2\/types\/post"}],"author":[{"embeddable":true,"href":"https:\/\/www.proamazonia.org\/ppr\/wp-json\/wp\/v2\/users\/2"}],"replies":[{"embeddable":true,"href":"https:\/\/www.proamazonia.org\/ppr\/wp-json\/wp\/v2\/comments?post=1248"}],"version-history":[{"count":2,"href":"https:\/\/www.proamazonia.org\/ppr\/wp-json\/wp\/v2\/posts\/1248\/revisions"}],"predecessor-version":[{"id":4123,"href":"https:\/\/www.proamazonia.org\/ppr\/wp-json\/wp\/v2\/posts\/1248\/revisions\/4123"}],"wp:featuredmedia":[{"embeddable":true,"href":"https:\/\/www.proamazonia.org\/ppr\/wp-json\/wp\/v2\/media\/1249"}],"wp:attachment":[{"href":"https:\/\/www.proamazonia.org\/ppr\/wp-json\/wp\/v2\/media?parent=1248"}],"wp:term":[{"taxonomy":"category","embeddable":true,"href":"https:\/\/www.proamazonia.org\/ppr\/wp-json\/wp\/v2\/categories?post=1248"},{"taxonomy":"post_tag","embeddable":true,"href":"https:\/\/www.proamazonia.org\/ppr\/wp-json\/wp\/v2\/tags?post=1248"}],"curies":[{"name":"wp","href":"https:\/\/api.w.org\/{rel}","templated":true}]}}