{"id":1265,"date":"2019-10-24T06:09:36","date_gmt":"2019-10-24T04:09:36","guid":{"rendered":"http:\/\/2sisdigital.com\/proamazonia\/?p=1265"},"modified":"2020-12-12T20:09:20","modified_gmt":"2020-12-13T01:09:20","slug":"cumbre-sobre-el-clima-ecuador-comparte-experiencia-en-conservacion-de-bosques-y-produccion-sostenible-2","status":"publish","type":"post","link":"https:\/\/www.proamazonia.org\/ppr\/cumbre-sobre-el-clima-ecuador-comparte-experiencia-en-conservacion-de-bosques-y-produccion-sostenible-2\/","title":{"rendered":"Cumbre sobre el Clima: Ecuador comparte experiencia en conservaci\u00f3n de bosques y producci\u00f3n sostenible"},"content":{"rendered":"<p>Los ministros de Agricultura, Ambiente y Producci\u00f3n, junto a representantes de la cooperaci\u00f3n internacional, comunidades y sector privado destacaron en Nueva York logros alcanzados, a trav\u00e9s del programa PROAmazon\u00eda.\u00a0\u201cQueremos ser un pa\u00eds referente en modelos de agricultura sostenible, buscamos una agroindustria sostenible y sustentable, con \u00e9nfasis en una mejora de la productividad a trav\u00e9s de tecnolog\u00eda e innovaci\u00f3n\u201d, mencion\u00f3 el ministro de Agricultura, Xavier Lazo, quien hizo \u00e9nfasis en las ventajas comparativas del pa\u00eds: producci\u00f3n sin trabajo infantil y libre deforestaci\u00f3n.<\/p>\r\n\r\n\r\n\r\n<p><em>Los ministros de Agricultura, Ambiente y Producci\u00f3n, junto a representantes de la cooperaci\u00f3n internacional, comunidades y sector privado destacaron en Nueva York logros alcanzados, a trav\u00e9s del programa PROAmazon\u00eda.<\/em><\/p>\r\n\r\n\r\n\r\n<p>Por su impacto transformador, reflejar el inter\u00e9s p\u00fablico y contribuir al desarrollo equitativo y sostenible bajo consideraciones sociales, ambientales y econ\u00f3micas, PROAmazon\u00eda fue seleccionado entre m\u00e1s de 130 propuestas presentadas por otros pa\u00edses y organizaciones para organizar el pasado 22 de septiembre, un evento paralelo, en el marco de la Cumbre sobre el Clima en Nueva York.<\/p>\r\n\r\n\r\n\r\n<p>En el evento \u2018Tasting the Flavour of the Amazon\u2019 (\u2018Probando el sabor de la Amazon\u00eda\u2019 en espa\u00f1ol) se presentaron los hitos logrados hasta ahora ante una comunidad de expertos, y organizaciones y empresas internacionales vinculadas al desarrollo sostenible.<\/p>\r\n\r\n\r\n\r\n<p>PROAmazon\u00eda est\u00e1 liderado por los Ministerios de&nbsp;<a href=\"http:\/\/www.ambiente.gob.ec\/\">Ambiente<\/a>&nbsp;y de&nbsp;<a href=\"https:\/\/www.agricultura.gob.ec\/\">Agricultura y Ganader\u00eda<\/a>, cuenta con el apoyo del Programa de las Naciones Unidas para el Desarrollo (PNUD) y el financiamiento del&nbsp;<a href=\"https:\/\/www.greenclimate.fund\/home\">Fondo Verde para el Clima (FVC)<\/a>&nbsp;y del&nbsp;<a href=\"https:\/\/www.thegef.org\/\">Fondo para el Medio Ambiente Mundial (FMAM)<\/a>.<\/p>\r\n\r\n\r\n\r\n<p>Ra\u00fal Ledesma Huerta, ministro de Ambiente reflexion\u00f3 sobre la necesidad de que las comunidades amaz\u00f3nicas se conviertan en beneficiarios verdaderos de la riqueza de los bosques. Mencion\u00f3 que para el Gobierno del Ecuador, la naturaleza y el ser humano son socios estrat\u00e9gicos, puesto que \u201cno es posible conservar sin producir, ni producir sin conservar\u201d. \u201cLos recursos naturales deben estar a favor de las poblaciones m\u00e1s necesitadas y utilizarse para su bienestar; el ser humano por su parte debe cuidarlos, privilegiarlos, potenciarlos y sostenerlos para garantizar su propia vida\u201d, dijo.<\/p>\r\n\r\n\r\n\r\n<p>El ministro habl\u00f3 de la corresponsabilidad de la comunidad internacional en la custodia de la cuenca amaz\u00f3nica, cuya conservaci\u00f3n representa un beneficio mundial. Enumer\u00f3 algunos programas que se implementan en consonancia con estos objetivos como PROAmazon\u00eda y Socio Bosque, que han generado reconocimientos internacionales pero que, se\u00f1al\u00f3, \u201cno son suficientes\u201d. Finaliz\u00f3 su exposici\u00f3n informando sobre los compromisos asumidos para la conservaci\u00f3n de la Amazon\u00eda en Leticia, luego de la reuni\u00f3n de los pa\u00edses de la cuenca amaz\u00f3nica que se dio a ra\u00edz de los incendios forestales de las \u00faltimas semanas.<\/p>\r\n\r\n\r\n\r\n<p>Xavier Lazo, ministro de Agricultura y Ganader\u00eda, se\u00f1al\u00f3 que Ecuador es un pa\u00eds l\u00edder en la transici\u00f3n hacia la producci\u00f3n sostenible y libre de deforestaci\u00f3n y que ese logro ha sido posible gracias al di\u00e1logo establecido con m\u00faltiples actores para transformar la connotaci\u00f3n negativa que existe sobre la agricultura y su impacto en la naturaleza.<\/p>\r\n\r\n\r\n\r\n<p>El ministro record\u00f3 que en Ecuador entre el 70% y 80% de la producci\u00f3n agr\u00edcola viene de peque\u00f1os y medianos agricultores, actores fundamentales de la transici\u00f3n y con quienes el Ministerio trabaja cercanamente proveyendo asistencia t\u00e9cnica y pol\u00edticas adecuadas.<\/p>\r\n\r\n\r\n\r\n<p>\u201cEl Gobierno de Ecuador reconoce que la mejor manera de reducir la vulnerabilidad al cambio clim\u00e1tico es incorporando sistemas agroforestales y biodiversidad en los sistemas de producci\u00f3n agropecuaria\u201d, se\u00f1al\u00f3. Para lograrlo, el pa\u00eds prepara el lanzamiento de la estrategia nacional de producci\u00f3n agropecuaria \u201cEcuador Premium&amp;Sustainable\u201d, que tiene cuatro objetivos: Producci\u00f3n Libre de Deforestaci\u00f3n, Producci\u00f3n Libre de Pobreza, Producci\u00f3n con Empoderamiento de la Mujer Rural y Producci\u00f3n con Calidad y Trazabilidad.<\/p>\r\n\r\n\r\n\r\n<p>El ministro finaliz\u00f3 se\u00f1alando que \u201cel compromiso de Ecuador con el desarrollo sostenible es fuerte y consistente\u201d y que el \u201cfuturo sostenible\u201d es ya una realidad en Ecuador. Invit\u00f3 a gobiernos, sector privado y cooperaci\u00f3n internacional a participar en la nueva etapa que atraviesa el pa\u00eds: el ingreso a mercados nuevos con productos diferenciados por sus caracter\u00edsticas de sostenibles, libres de deforestaci\u00f3n y de Pobreza.<\/p>\r\n\r\n\r\n\r\n<p>Como invitado especial, Iv\u00e1n Ontaneda Berr\u00fa, ministro de Producci\u00f3n, Comercio Exterior, Inversiones y Pesca describi\u00f3 las cualidades del cacao ecuatoriano, un ejemplo de un producto sostenible y libre de deforestaci\u00f3n con grandes perspectivas en el mercado internacional.<\/p>\r\n\r\n\r\n\r\n<p>\u201cQueremos ser un pa\u00eds referente en modelos de agricultura sostenible, buscamos una agroindustria sostenible y sustentable, con \u00e9nfasis en una mejora de la productividad a trav\u00e9s de tecnolog\u00eda e innovaci\u00f3n\u201d, mencion\u00f3 el ministro, quien hizo \u00e9nfasis en las ventajas comparativas del pa\u00eds: producci\u00f3n sin trabajo infantil y libre deforestaci\u00f3n.<\/p>\r\n\r\n\r\n\r\n<p>Por su parte, Matilde Mordt, representante del PNUD en Ecuador, record\u00f3 la importancia de la cuenca amaz\u00f3nica y el papel que cumple en el mantenimiento de sistemas cr\u00edticos de soporte vital, como el hogar de alrededor de la mitad de la biodiversidad del planeta y como proveedora de bienes y servicios fundamentales para el funcionamiento clim\u00e1tico y ecosist\u00e9mico a niveles local, regional y global. En su presentaci\u00f3n, hizo referencia al estudio de los ocho pa\u00edses amaz\u00f3nicos publicado por el PNUD hace dos a\u00f1os, que evidenci\u00f3 un mejoramiento del desempe\u00f1o de las naciones en cuanto a las metas sociales y de reducci\u00f3n de la deforestaci\u00f3n. Sin embargo, se\u00f1al\u00f3 que existe a\u00fan una brecha en los indicadores de desarrollo humano, sobre todo en \u00e1reas rurales, \u201clo que hace pensar que la meta de la Agenda 2030 de \u201cNo Dejar a Nadie Atr\u00e1s\u201d, se convierte en un verdadero desaf\u00edo\u201d.<\/p>\r\n\r\n\r\n\r\n<p>La representante expres\u00f3 la satisfacci\u00f3n del PNUD por ser la agencia implementadora de PROAmazon\u00eda, e hizo hincapi\u00e9 en lo estrat\u00e9gico de aplicar un enfoque multi-actor para el logro de las metas establecidas. \u201cDe esto se trata la Agenda 2030, de contar con respuestas multisectoriales para los complejos desaf\u00edos del desarrollo\u201d, afirm\u00f3.<\/p>\r\n\r\n\r\n\r\n<p>Marco Grefa, gerente de la&nbsp;<a href=\"https:\/\/asociacion-winak.business.site\/\">Asociaci\u00f3n Agroartesanal WI\u00d1AK<\/a>, present\u00f3 el caso de esta empresa que agrupa a peque\u00f1os productores de cacao, guayusa y pl\u00e1tano del cant\u00f3n Archidona en la Amazon\u00eda ecuatoriana; la empresa cuenta con 257 socios, con un 66% de participaci\u00f3n de mujeres.<\/p>\r\n\r\n\r\n\r\n<p>WI\u00d1AK es un ejemplo de c\u00f3mo los bosques son una soluci\u00f3n natural frente al cambio clim\u00e1tico y un medio de vida para poblaciones que los habitan. \u201cProducimos cacao sin deforestaci\u00f3n, con m\u00e9todos de producci\u00f3n limpios y sostenibles seg\u00fan el sistema ancestral de la chakra, que fomenta la variedad de cultivos y la conservaci\u00f3n de la biodiversidad, la cultura e identidad\u201d, resalt\u00f3 Grefa.&nbsp;<\/p>\r\n\r\n\r\n\r\n<p>La empresa busca mejorar la producci\u00f3n y las condiciones de vida de las familias y comunidades Kichwa. Al momento, WI\u00d1AK comercializa sus productos en Jap\u00f3n, Italia y Estados Unidos, con proyecciones de incrementar ventas a trav\u00e9s de alianzas y cooperaci\u00f3n internacional.<\/p>\r\n\r\n\r\n\r\n<p>El evento finaliz\u00f3 con una degustaci\u00f3n de tres marcas de chocolates producidas en Ecuador: WI\u00d1AK, WAO y Blockchain.<\/p>\r\n\r\n\r\n\r\n<p><strong>Soluciones para el cambio clim\u00e1tico<\/strong><\/p>\r\n\r\n\r\n\r\n<p>El evento organizado por PROAmazon\u00eda se dio en espacio Nature\u2019s Climate Hub, ofrecido a gobiernos, sociedad civil y sector privado por el PNUD, la&nbsp;<a href=\"https:\/\/nydfglobalplatform.org\/\">Declaraci\u00f3n de Bosques de Nueva York (NYDF)<\/a>,&nbsp;<a href=\"https:\/\/www.wcs.org\/\">Wildlife Conservation Society (WCS)<\/a>,&nbsp;<a href=\"https:\/\/www.youth4nature.org\/\">Youth4Nature<\/a>,&nbsp;<a href=\"https:\/\/www.nature.org\/en-us\/\">The Nature Conservancy (TNC)<\/a>&nbsp;y&nbsp;<a href=\"https:\/\/www.conservation.org\/\">Conservation International (CI)<\/a>&nbsp;para mostrar c\u00f3mo la naturaleza es una soluci\u00f3n al cambio clim\u00e1tico.<\/p>\r\n\r\n\r\n\r\n<p>El&nbsp;<a href=\"https:\/\/twitter.com\/antonioguterres\">secretario general de la ONU, Ant\u00f3nio Guterres<\/a>, afirm\u00f3 que si no cambiamos urgentemente nuestra forma de vida, estaremos poniendo en peligro la vida misma.<\/p>\r\n\r\n\r\n\r\n<p>Tras asegurar que todav\u00eda no es tarde para limitar el aumento de la temperatura media del planeta a los 1,5 grados cent\u00edgrados, uno de los umbrales para evitar los efectos m\u00e1s catastr\u00f3ficos del calentamiento global, Guterres explic\u00f3 que ello \u201cexigir\u00e1 transformaciones fundamentales&nbsp;en todos los aspectos de la sociedad\u201d desde c\u00f3mo cultivamos los alimentos o c\u00f3mo usamos la tierra hasta c\u00f3mo suministramos energ\u00eda a nuestras econom\u00edas.<\/p>\r\n\r\n\r\n\r\n<p>La adaptaci\u00f3n al calentamiento global se ha convertido en una prioridad y una condici\u00f3n esencial para aumentar la resiliencia de los pa\u00edses y las comunidades y evitar el sufrimiento humano.<\/p>\r\n\r\n\r\n\r\n<p>Para ello es necesario acelerar el apoyo financiero. Guterres inst\u00f3 a los Estados a que repongan el\u00a0FVC\u00a0y que los pa\u00edses desarrollados cumplan con su compromiso de movilizar\u00a0100.000 millones de d\u00f3lares\u00a0al a\u00f1o de fuentes p\u00fablicas y privadas para la mitigaci\u00f3n y la adaptaci\u00f3n al cambio clim\u00e1tico de los pa\u00edses en desarrollo.<\/p>\r\n\r\n\r\n\r\n<p>\r\n\r\nFecha: 22 de septiembre, 2019\r\n\r\n<\/p>","protected":false},"excerpt":{"rendered":"<p>Los ministros de Agricultura, Ambiente y Producci\u00f3n, junto a representantes de la cooperaci\u00f3n internacional, comunidades y sector privado destacaron en Nueva York logros alcanzados, a trav\u00e9s del programa PROAmazon\u00eda.\u00a0\u201cQueremos ser un pa\u00eds referente en modelos de agricultura sostenible, buscamos una agroindustria sostenible y sustentable, con \u00e9nfasis en una mejora de la productividad a trav\u00e9s de tecnolog\u00eda e innovaci\u00f3n\u201d, mencion\u00f3 el ministro de Agricultura, Xavier Lazo, quien hizo \u00e9nfasis en las ventajas comparativas del pa\u00eds: producci\u00f3n sin trabajo infantil y libre deforestaci\u00f3n. Los ministros de Agricultura, Ambiente y Producci\u00f3n, junto a representantes de la cooperaci\u00f3n internacional, comunidades y sector privado destacaron en Nueva York logros alcanzados, a trav\u00e9s del programa PROAmazon\u00eda. Por su impacto transformador, reflejar el inter\u00e9s p\u00fablico y contribuir al desarrollo equitativo y sostenible bajo consideraciones sociales, ambientales y econ\u00f3micas, PROAmazon\u00eda fue seleccionado entre m\u00e1s de 130 propuestas presentadas por otros pa\u00edses y organizaciones para organizar el pasado 22 de septiembre, un evento paralelo, en el marco de la Cumbre sobre el Clima en Nueva York. En el evento \u2018Tasting the Flavour of the Amazon\u2019 (\u2018Probando el sabor de la Amazon\u00eda\u2019 en espa\u00f1ol) se presentaron los hitos logrados hasta ahora ante una comunidad de expertos, y organizaciones y empresas [&hellip;]<\/p>\n","protected":false},"author":2,"featured_media":1231,"comment_status":"open","ping_status":"open","sticky":false,"template":"","format":"standard","meta":{"_uf_show_specific_survey":0,"_uf_disable_surveys":false,"footnotes":""},"categories":[25],"tags":[],"class_list":["post-1265","post","type-post","status-publish","format-standard","has-post-thumbnail","hentry","category-produccion-sostenible"],"aioseo_notices":[],"_links":{"self":[{"href":"https:\/\/www.proamazonia.org\/ppr\/wp-json\/wp\/v2\/posts\/1265","targetHints":{"allow":["GET"]}}],"collection":[{"href":"https:\/\/www.proamazonia.org\/ppr\/wp-json\/wp\/v2\/posts"}],"about":[{"href":"https:\/\/www.proamazonia.org\/ppr\/wp-json\/wp\/v2\/types\/post"}],"author":[{"embeddable":true,"href":"https:\/\/www.proamazonia.org\/ppr\/wp-json\/wp\/v2\/users\/2"}],"replies":[{"embeddable":true,"href":"https:\/\/www.proamazonia.org\/ppr\/wp-json\/wp\/v2\/comments?post=1265"}],"version-history":[{"count":3,"href":"https:\/\/www.proamazonia.org\/ppr\/wp-json\/wp\/v2\/posts\/1265\/revisions"}],"predecessor-version":[{"id":4116,"href":"https:\/\/www.proamazonia.org\/ppr\/wp-json\/wp\/v2\/posts\/1265\/revisions\/4116"}],"wp:featuredmedia":[{"embeddable":true,"href":"https:\/\/www.proamazonia.org\/ppr\/wp-json\/wp\/v2\/media\/1231"}],"wp:attachment":[{"href":"https:\/\/www.proamazonia.org\/ppr\/wp-json\/wp\/v2\/media?parent=1265"}],"wp:term":[{"taxonomy":"category","embeddable":true,"href":"https:\/\/www.proamazonia.org\/ppr\/wp-json\/wp\/v2\/categories?post=1265"},{"taxonomy":"post_tag","embeddable":true,"href":"https:\/\/www.proamazonia.org\/ppr\/wp-json\/wp\/v2\/tags?post=1265"}],"curies":[{"name":"wp","href":"https:\/\/api.w.org\/{rel}","templated":true}]}}