{"id":1268,"date":"2019-10-24T06:11:58","date_gmt":"2019-10-24T04:11:58","guid":{"rendered":"http:\/\/2sisdigital.com\/proamazonia\/?p=1268"},"modified":"2020-12-12T20:03:42","modified_gmt":"2020-12-13T01:03:42","slug":"ecuador-presenta-sus-avances-en-ganaderia-sostenible","status":"publish","type":"post","link":"https:\/\/www.proamazonia.org\/ppr\/ecuador-presenta-sus-avances-en-ganaderia-sostenible\/","title":{"rendered":"Ecuador presenta sus avances en ganader\u00eda sostenible"},"content":{"rendered":"<p> Eddie Pes\u00e1ntez, Subsecretario de Producci\u00f3n Pecuaria, particip\u00f3 en la Novena Agenda Global para la Ganader\u00eda Sostenible, que se llev\u00f3 a cabo en Kansas, EEUU, el pasado mes de septiembre. Como parte del papel de \u00abInnovaci\u00f3n en sistemas ganaderos sostenibles\u201d, indic\u00f3\u00a0que en Ecuador se busca construir un marco de gesti\u00f3n integral y participativo de la cadena, para transformar la planificaci\u00f3n y los sistemas ganaderos convencionales hacia sistemas sostenibles, con el af\u00e1n de disminuir emisiones de Gases de Efecto Invernadero as\u00ed como fomentar la disminuci\u00f3n de la tasa de deforestaci\u00f3n en el pa\u00eds y brindar oportunidades de mitigaci\u00f3n y adaptaci\u00f3n al cambio clim\u00e1tico.<\/p>\r\n\r\n\r\n\r\n<p><strong>Quito, 10 de septiembre de&nbsp; 2019.-<\/strong>&nbsp;Ecuador participa en la novena Agenda Anual Global para la Ganader\u00eda Sostenible que se realiza hasta el viernes 13 de septiembre, en la Universidad Estatal de Kansas, Manhattan, Estados Unidos, y donde se presentar\u00e1n los avances efectuados por los pa\u00edses participantes de todas las regiones del mundo.<\/p>\r\n\r\n\r\n\r\n<p>En este espacio participa el subsecretario de Producci\u00f3n Pecuaria del Ministerio de Agricultura y Ganader\u00eda Eddie Pes\u00e1ntez, quien intervino en el panel sobre \u201cEl papel de la innovaci\u00f3n en sistemas ganaderos sostenibles\u201d.<\/p>\r\n\r\n\r\n\r\n<p>All\u00ed indic\u00f3 que en Ecuador se busca construir un marco de gesti\u00f3n integral y participativo de la cadena, para transformar la planificaci\u00f3n y los sistemas ganaderos convencionales hacia sistemas sostenibles, con el af\u00e1n de disminuir emisiones de Gases de Efecto Invernadero as\u00ed como fomentar la disminuci\u00f3n de la tasa de deforestaci\u00f3n en el pa\u00eds y brindar oportunidades de mitigaci\u00f3n y adaptaci\u00f3n al cambio clim\u00e1tico.<\/p>\r\n\r\n\r\n\r\n<p>Durante su intervenci\u00f3n, Pes\u00e1ntez inform\u00f3 que en Ecuador se implementan acciones para mejorar la sanidad, reproducci\u00f3n y gen\u00e9tica ganadera, manejo de suelos, producci\u00f3n y conservaci\u00f3n de pastos y forrajes, implementaci\u00f3n de sistemas silvopastoriles, y nutrici\u00f3n animal con el enfoque de producci\u00f3n sostenible a trav\u00e9s del Proyecto Nacional de Ganader\u00eda Sostenible que ejecuta el Ministerio de Agricultura y Ganader\u00eda (MAG); que es una de los varias iniciativas que est\u00e1n en ejecuci\u00f3n.<\/p>\r\n\r\n\r\n\r\n<p>Tambi\u00e9n present\u00f3 la Agenda de Transformaci\u00f3n Productiva Amaz\u00f3nica (ATPA), que se ejecuta en seis provincias de la Amazon\u00eda ecuatoriana, la cual se encarga de fomentar la Reducci\u00f3n de Emisiones debidas a la Deforestaci\u00f3n y la Degradaci\u00f3n de los bosques (REDD+), la certificaci\u00f3n y trazabilidad de los productos, adem\u00e1s de las plataformas de coordinaci\u00f3n multiactores que permiten la obtenci\u00f3n de productos agropecuarios libres de deforestaci\u00f3n.<\/p>\r\n\r\n\r\n\r\n<p>En tanto, por medio del Proyecto de Ganader\u00eda Clim\u00e1ticamente Inteligente, que el MAG y Ministerio de Ambiente (MAE) ejecutan a trav\u00e9s de la FAO, busca incrementar sosteniblemente la productividad e ingresos, hacer que los productores sean resilientes al cambio clim\u00e1tico y se reduzcan las emisiones de Gases de Efecto Invernadero, como consecuencia de las actividades ganaderas.<\/p>\r\n\r\n\r\n\r\n<p>Adicionalmente, en el pa\u00eds se desarrolla el Proyecto PROAmazon\u00eda, entre el MAG y el MAE, con el apoyo del&nbsp;<em>Fondo<\/em>&nbsp;para el Medio Ambiente Mundial (<em>GEF<\/em>&nbsp;por sus siglas en ingl\u00e9s), para promocionar instrumentos financieros y de planificaci\u00f3n de uso de suelo para reducir emisiones por deforestaci\u00f3n, y el&nbsp;<em>Fondo<\/em>&nbsp;Verde para el Clima (<em>GCF<\/em>, por sus siglas en ingl\u00e9s), para el manejo integrado de paisajes de uso m\u00faltiple y de alto valor de conservaci\u00f3n para el desarrollo sostenible de la Regi\u00f3n Amaz\u00f3nica Ecuatoriana.<\/p>\r\n\r\n\r\n\r\n<p>Pes\u00e1ntez manifest\u00f3, que la actividad ganadera es fuente de ingresos para millones de personas, por lo que es necesario provocar y fomentar un cambio en los sistemas de producci\u00f3n. Aclar\u00f3 que mejorar la eficiencia productiva representa retos como voluntad pol\u00edtica, leyes adecuadas, medio ambiente, cr\u00e9ditos blandos y acordes a la producci\u00f3n ganadera.<\/p>\r\n\r\n\r\n\r\n<p>Afirm\u00f3 que el Gobierno Nacional, a trav\u00e9s del MAG, busca equilibrar la diversificaci\u00f3n productiva para evitar el impacto negativo en los peque\u00f1os productores fortaleciendo sistemas agrosilvopastoriles, diversificando ingresos con especies maderables, frutales y forrajeras, adem\u00e1s de acopio, transformaci\u00f3n, comercializaci\u00f3n, mercado, la trazabilidad y certificaci\u00f3n de productos libres de deforestaci\u00f3n, buenas pr\u00e1cticas sostenibles, que permitan ser competitivos en los mercados, mediante productos diferenciados. Pes\u00e1ntez particip\u00f3 en este panel junto a Michelle Calvo-Lorenzo, consultora t\u00e9cnica en Bienestar Animal; Nicola Shadbolt, catedr\u00e1tica de Gesti\u00f3n Agr\u00edcola y Agronegocios de la Universidad de Massey; Nick Austin, director del Proyecto de\u00a0Desarrollo Agr\u00edcola\u00a0y Fundaci\u00f3n Melinda Gates; adem\u00e1s de Scott Hutchins, subsecretario Adjunto de Investigaci\u00f3n, Educaci\u00f3n y Econom\u00eda \u2013USDA-.<\/p>\r\n\r\n\r\n\r\n<p>\r\n\r\nFecha: 10 de septiembre, 2019 \r\n\r\n<\/p>","protected":false},"excerpt":{"rendered":"<p>Eddie Pes\u00e1ntez, Subsecretario de Producci\u00f3n Pecuaria, particip\u00f3 en la Novena Agenda Global para la Ganader\u00eda Sostenible, que se llev\u00f3 a cabo en Kansas, EEUU, el pasado mes de septiembre. Como parte del papel de \u00abInnovaci\u00f3n en sistemas ganaderos sostenibles\u201d, indic\u00f3\u00a0que en Ecuador se busca construir un marco de gesti\u00f3n integral y participativo de la cadena, para transformar la planificaci\u00f3n y los sistemas ganaderos convencionales hacia sistemas sostenibles, con el af\u00e1n de disminuir emisiones de Gases de Efecto Invernadero as\u00ed como fomentar la disminuci\u00f3n de la tasa de deforestaci\u00f3n en el pa\u00eds y brindar oportunidades de mitigaci\u00f3n y adaptaci\u00f3n al cambio clim\u00e1tico. Quito, 10 de septiembre de&nbsp; 2019.-&nbsp;Ecuador participa en la novena Agenda Anual Global para la Ganader\u00eda Sostenible que se realiza hasta el viernes 13 de septiembre, en la Universidad Estatal de Kansas, Manhattan, Estados Unidos, y donde se presentar\u00e1n los avances efectuados por los pa\u00edses participantes de todas las regiones del mundo. En este espacio participa el subsecretario de Producci\u00f3n Pecuaria del Ministerio de Agricultura y Ganader\u00eda Eddie Pes\u00e1ntez, quien intervino en el panel sobre \u201cEl papel de la innovaci\u00f3n en sistemas ganaderos sostenibles\u201d. All\u00ed indic\u00f3 que en Ecuador se busca construir un marco de gesti\u00f3n integral y participativo [&hellip;]<\/p>\n","protected":false},"author":2,"featured_media":1269,"comment_status":"open","ping_status":"open","sticky":false,"template":"","format":"standard","meta":{"_uf_show_specific_survey":0,"_uf_disable_surveys":false,"footnotes":""},"categories":[25],"tags":[],"class_list":["post-1268","post","type-post","status-publish","format-standard","has-post-thumbnail","hentry","category-produccion-sostenible"],"aioseo_notices":[],"_links":{"self":[{"href":"https:\/\/www.proamazonia.org\/ppr\/wp-json\/wp\/v2\/posts\/1268","targetHints":{"allow":["GET"]}}],"collection":[{"href":"https:\/\/www.proamazonia.org\/ppr\/wp-json\/wp\/v2\/posts"}],"about":[{"href":"https:\/\/www.proamazonia.org\/ppr\/wp-json\/wp\/v2\/types\/post"}],"author":[{"embeddable":true,"href":"https:\/\/www.proamazonia.org\/ppr\/wp-json\/wp\/v2\/users\/2"}],"replies":[{"embeddable":true,"href":"https:\/\/www.proamazonia.org\/ppr\/wp-json\/wp\/v2\/comments?post=1268"}],"version-history":[{"count":2,"href":"https:\/\/www.proamazonia.org\/ppr\/wp-json\/wp\/v2\/posts\/1268\/revisions"}],"predecessor-version":[{"id":4115,"href":"https:\/\/www.proamazonia.org\/ppr\/wp-json\/wp\/v2\/posts\/1268\/revisions\/4115"}],"wp:featuredmedia":[{"embeddable":true,"href":"https:\/\/www.proamazonia.org\/ppr\/wp-json\/wp\/v2\/media\/1269"}],"wp:attachment":[{"href":"https:\/\/www.proamazonia.org\/ppr\/wp-json\/wp\/v2\/media?parent=1268"}],"wp:term":[{"taxonomy":"category","embeddable":true,"href":"https:\/\/www.proamazonia.org\/ppr\/wp-json\/wp\/v2\/categories?post=1268"},{"taxonomy":"post_tag","embeddable":true,"href":"https:\/\/www.proamazonia.org\/ppr\/wp-json\/wp\/v2\/tags?post=1268"}],"curies":[{"name":"wp","href":"https:\/\/api.w.org\/{rel}","templated":true}]}}