{"id":1273,"date":"2019-10-24T06:29:51","date_gmt":"2019-10-24T04:29:51","guid":{"rendered":"http:\/\/2sisdigital.com\/proamazonia\/?p=1273"},"modified":"2020-12-12T20:01:47","modified_gmt":"2020-12-13T01:01:47","slug":"inicia-la-segunda-evaluacion-nacional-forestal-en-ecuador","status":"publish","type":"post","link":"https:\/\/www.proamazonia.org\/ppr\/inicia-la-segunda-evaluacion-nacional-forestal-en-ecuador\/","title":{"rendered":"Inicia la Segunda Evaluaci\u00f3n Nacional Forestal en Ecuador"},"content":{"rendered":"<p> El Ministerio del Ambiente del Ecuador con el apoyo t\u00e9cnico de la FAO, a trav\u00e9s del Programa Integral Amaz\u00f3nico de Conservaci\u00f3n de Bosques y Producci\u00f3n Sostenible \u2013 PROAmazon\u00eda, ha iniciado la segunda Evaluaci\u00f3n Nacional Forestal (II ENF) con el objetivo de proveer informaci\u00f3n confiable sobre el estado de los recursos forestales del pa\u00eds para la toma de decisiones para su ordenamiento, manejo y administraci\u00f3n. <\/p>\r\n\r\n\r\n\r\n<p>\r\n\r\nFecha:13 de septiembre de 2019\r\n\r\n<\/p>\r\n\r\n\r\n\r\n<p>El Ministerio del Ambiente del Ecuador con el apoyo t\u00e9cnico de la FAO, a trav\u00e9s del Programa Integral Amaz\u00f3nico de Conservaci\u00f3n de Bosques y Producci\u00f3n Sostenible \u2013 PROAmazon\u00eda, ha iniciado la segunda Evaluaci\u00f3n Nacional Forestal (II ENF) con el objetivo de proveer informaci\u00f3n confiable sobre el estado de los recursos forestales del pa\u00eds para la toma de decisiones para su ordenamiento, manejo y administraci\u00f3n.<\/p>\r\n\r\n\r\n\r\n<p>Este proceso proporcionar\u00e1 insumos para realizar un diagn\u00f3stico y una planificaci\u00f3n adecuada del estado de los bosques, su biodiversidad y sus contribuciones al fortalecimiento de los medios de vida de la poblaci\u00f3n; y permitir\u00e1 al pa\u00eds cumplir con los requerimientos de medici\u00f3n, reporte, y verificaci\u00f3n (MRV) de la Estrategia Nacional REDD+ y los compromisos internacionales asumidos.<\/p>\r\n\r\n\r\n\r\n<p>En este contexto, en colaboraci\u00f3n con el Centro de Investigaci\u00f3n, Posgrado y Conservaci\u00f3n Amaz\u00f3nica (CIPCA) de la Universidad Estatal Amaz\u00f3nica (UEA), se realiz\u00f3 del 02 al 10 de septiembre de 2019, una capacitaci\u00f3n al equipo t\u00e9cnico que conformar\u00e1 las brigadas de campo para el levantamiento de informaci\u00f3n de la II ENF. Funcionarios del Ministerio del Ambiente de las provincias de Pastaza y Morona Santiago, FAO y estudiantes de la UEA conocieron las t\u00e9cnicas y pr\u00e1cticas de la implementaci\u00f3n de la segunda Evaluaci\u00f3n Nacional Forestal. Los participantes recibieron informaci\u00f3n sobre el uso de herramientas y metodolog\u00edas, as\u00ed como, estrategias de comunicaci\u00f3n para el desarrollo para la interacci\u00f3n con las comunidades rurales; primeros auxilios y seguridad y salud ocupacional.<\/p>\r\n\r\n\r\n\r\n<p>Adem\u00e1s, se conform\u00f3 un equipo de avanzada responsable de realizar la socializaci\u00f3n de las actividades y el acercamiento con autoridades, comunidades y propietarios de bosque, previo el levantamiento de informaci\u00f3n por la brigada de campo. Este proceso de socializaci\u00f3n inici\u00f3 en junio de 2019 con el apoyo de funcionarios del Ministerio del Ambiente de planta central y de las Direcciones Provinciales de Pastaza y Morona Santiago.<\/p>\r\n\r\n\r\n\r\n<p>Con estas actividades, arranc\u00f3 el proceso de levantamiento y actualizaci\u00f3n de informaci\u00f3n sobre la biodiversidad de los ecosistemas, las especies forestales, los usos tradicionales del bosque, los productos forestales no maderables y los servicios que los bosques prestan a las comunidades en todo el territorio nacional.<\/p>\r\n\r\n\r\n\r\n<p><strong>Galer\u00eda Fotogr\u00e1fica:<\/strong>\u00a0<a rel=\"noreferrer noopener\" href=\"https:\/\/flic.kr\/s\/aHsmGVB5nf\" target=\"_blank\">https:\/\/flic.kr\/s\/aHsmGVB5nf<\/a><\/p>\r\n\r\n\r\n\r\n<p><\/p>","protected":false},"excerpt":{"rendered":"<p>El Ministerio del Ambiente del Ecuador con el apoyo t\u00e9cnico de la FAO, a trav\u00e9s del Programa Integral Amaz\u00f3nico de Conservaci\u00f3n de Bosques y Producci\u00f3n Sostenible \u2013 PROAmazon\u00eda, ha iniciado la segunda Evaluaci\u00f3n Nacional Forestal (II ENF) con el objetivo de proveer informaci\u00f3n confiable sobre el estado de los recursos forestales del pa\u00eds para la toma de decisiones para su ordenamiento, manejo y administraci\u00f3n. Fecha:13 de septiembre de 2019 El Ministerio del Ambiente del Ecuador con el apoyo t\u00e9cnico de la FAO, a trav\u00e9s del Programa Integral Amaz\u00f3nico de Conservaci\u00f3n de Bosques y Producci\u00f3n Sostenible \u2013 PROAmazon\u00eda, ha iniciado la segunda Evaluaci\u00f3n Nacional Forestal (II ENF) con el objetivo de proveer informaci\u00f3n confiable sobre el estado de los recursos forestales del pa\u00eds para la toma de decisiones para su ordenamiento, manejo y administraci\u00f3n. Este proceso proporcionar\u00e1 insumos para realizar un diagn\u00f3stico y una planificaci\u00f3n adecuada del estado de los bosques, su biodiversidad y sus contribuciones al fortalecimiento de los medios de vida de la poblaci\u00f3n; y permitir\u00e1 al pa\u00eds cumplir con los requerimientos de medici\u00f3n, reporte, y verificaci\u00f3n (MRV) de la Estrategia Nacional REDD+ y los compromisos internacionales asumidos. En este contexto, en colaboraci\u00f3n con el Centro de Investigaci\u00f3n, Posgrado [&hellip;]<\/p>\n","protected":false},"author":2,"featured_media":1232,"comment_status":"open","ping_status":"open","sticky":false,"template":"","format":"standard","meta":{"_uf_show_specific_survey":0,"_uf_disable_surveys":false,"footnotes":""},"categories":[26],"tags":[],"class_list":["post-1273","post","type-post","status-publish","format-standard","has-post-thumbnail","hentry","category-conservacion-de-bosques"],"aioseo_notices":[],"_links":{"self":[{"href":"https:\/\/www.proamazonia.org\/ppr\/wp-json\/wp\/v2\/posts\/1273","targetHints":{"allow":["GET"]}}],"collection":[{"href":"https:\/\/www.proamazonia.org\/ppr\/wp-json\/wp\/v2\/posts"}],"about":[{"href":"https:\/\/www.proamazonia.org\/ppr\/wp-json\/wp\/v2\/types\/post"}],"author":[{"embeddable":true,"href":"https:\/\/www.proamazonia.org\/ppr\/wp-json\/wp\/v2\/users\/2"}],"replies":[{"embeddable":true,"href":"https:\/\/www.proamazonia.org\/ppr\/wp-json\/wp\/v2\/comments?post=1273"}],"version-history":[{"count":3,"href":"https:\/\/www.proamazonia.org\/ppr\/wp-json\/wp\/v2\/posts\/1273\/revisions"}],"predecessor-version":[{"id":4114,"href":"https:\/\/www.proamazonia.org\/ppr\/wp-json\/wp\/v2\/posts\/1273\/revisions\/4114"}],"wp:featuredmedia":[{"embeddable":true,"href":"https:\/\/www.proamazonia.org\/ppr\/wp-json\/wp\/v2\/media\/1232"}],"wp:attachment":[{"href":"https:\/\/www.proamazonia.org\/ppr\/wp-json\/wp\/v2\/media?parent=1273"}],"wp:term":[{"taxonomy":"category","embeddable":true,"href":"https:\/\/www.proamazonia.org\/ppr\/wp-json\/wp\/v2\/categories?post=1273"},{"taxonomy":"post_tag","embeddable":true,"href":"https:\/\/www.proamazonia.org\/ppr\/wp-json\/wp\/v2\/tags?post=1273"}],"curies":[{"name":"wp","href":"https:\/\/api.w.org\/{rel}","templated":true}]}}