{"id":1275,"date":"2019-10-24T06:31:31","date_gmt":"2019-10-24T04:31:31","guid":{"rendered":"http:\/\/2sisdigital.com\/proamazonia\/?p=1275"},"modified":"2020-12-12T19:58:49","modified_gmt":"2020-12-13T00:58:49","slug":"ministerios-de-agricultura-y-ganaderia-y-de-ambiente-lanzan-fondos-concursables-para-bioemprendimientos","status":"publish","type":"post","link":"https:\/\/www.proamazonia.org\/ppr\/ministerios-de-agricultura-y-ganaderia-y-de-ambiente-lanzan-fondos-concursables-para-bioemprendimientos\/","title":{"rendered":"Ministerios de Agricultura y Ganader\u00eda y de Ambiente lanzan fondos concursables para bioemprendimientos"},"content":{"rendered":"<p> El fondo concursable est\u00e1 dirigido a bioemprendimientos de peque\u00f1a escala relacionados con el aprovechamiento sostenible de los Productos Forestales No Maderables (PFNM), provenientes de bosques naturales o recreados, incluyendo \u00e1reas agroforestales adyacentes (chakras, ajas, entre otras), que constituyan alternativas econ\u00f3micas para reducir la deforestaci\u00f3n y la degradaci\u00f3n forestal y mejorar la capacidad de conservaci\u00f3n y de manejo forestal sostenible.<br>Fecha: 22 de mayo de 2019 <\/p>\r\n\r\n\r\n\r\n<p>En el marco Del Programa Integral Amaz\u00f3nico de Conservaci\u00f3n&nbsp; de Bosques y Producci\u00f3n Sostenible (PROAmazon\u00eda), los Ministerios de Agricultura y Ganader\u00eda (MAG) y de Ambiente (MAE) convocan a comunidades, pueblos y nacionalidades ind\u00edgenas de los cantones de Francisco de Orellana, Shushufindi, Morona, Taisha y Nangaritza, as\u00ed como a sus aliados ONG, GAD y universidades a presentar sus res\u00famenes de propuestas de fomento a bioemprendimientos para obtener un financiamiento no reembolsable.&nbsp;<\/p>\r\n\r\n\r\n\r\n<p>El fondo concursable est\u00e1 dirigido a bioemprendimientos de peque\u00f1a escala relacionados con el aprovechamiento sostenible de los Productos Forestales No Maderables (PFNM), provenientes de bosques naturales o recreados, incluyendo \u00e1reas agroforestales adyacentes (chakras, ajas, entre otras), que constituyan alternativas econ\u00f3micas para reducir la deforestaci\u00f3n y la degradaci\u00f3n forestal y mejorar la capacidad de conservaci\u00f3n y de manejo forestal sostenible.<\/p>\r\n\r\n\r\n\r\n<p>\u00bfC\u00f3mo postular a los fondos?<\/p>\r\n\r\n\r\n\r\n<p>Las postulaciones podr\u00e1n presentarse hasta el 20 de julio de 2019.&nbsp; No se recibir\u00e1n propuestas fuera del tiempo establecido.<\/p>\r\n\r\n\r\n\r\n<p>Algunos ejemplos de bioemprendimientos que podr\u00edan beneficiarse de estos fondos son: artesan\u00edas de semillas, cortezas, fibras; aceites de palmas, aceites esenciales de plantas;&nbsp; jabones naturales; productos de ca\u00f1a guad\u00faa o fibras; turismo ecol\u00f3gico; mermeladas, pulpas, dulces, galletas de productos de la chacra o aja; miel de abeja y elaborados.<\/p>\r\n\r\n\r\n\r\n<p>La convocatoria excluye productos agr\u00edcolas convencionales como: caf\u00e9, cacao, palma y ganado.<\/p>\r\n\r\n\r\n\r\n<p><strong>Bases de la Convocatoria y Bases del Concurso:<\/strong><\/p>\r\n\r\n\r\n\r\n<ul class=\"wp-block-list\"><li><a href=\"http:\/\/www.ambiente.gob.ec\/wp-content\/uploads\/downloads\/2019\/05\/Bases-del-concurso-de-propuestas-bioemprendimientos-PROAmazonia.docx\" target=\"_blank\" rel=\"noreferrer noopener\"><strong>Bases del concurso<\/strong><\/a><\/li><li><strong><a href=\"http:\/\/www.ambiente.gob.ec\/wp-content\/uploads\/downloads\/2019\/05\/Anexo-1.-F.1-Formato-Resumen-de-propuesta.docx\" target=\"_blank\" rel=\"noreferrer noopener\">Anexo 1: Formato resumen de propuesta<\/a><\/strong><\/li><li><a href=\"https:\/\/www.agricultura.gob.ec\/wp-content\/uploads\/2019\/05\/Anexo-2-F1.c.-Criterios-de-evaluacio%CC%81n-de-propuestas.docx\" target=\"_blank\" rel=\"noreferrer noopener\"><strong>Anexo 2: Criterios de evaluaci\u00f3n de propuestas<\/strong><\/a><\/li><\/ul>\r\n\r\n\r\n\r\n<p>Las postulaciones podr\u00e1n presentarse hasta el 20 de julio de 2019.&nbsp; Las propuestas deber\u00e1n ser enviadas en formato digital en archivos PDF, remitidas en un solo correo electr\u00f3nico a la direcci\u00f3n:&nbsp;<a href=\"https:\/\/mail.mag.gob.ec\/owa\/redir.aspx?REF=8gWNQ3tHgoasO41WiZ_pbiq5_ATVp4s9Xik_tWDv50cw7WVTud_WCAFtYWlsdG86YmlvZW1wcmVuZGltaWVudG9zQHByb2FtYXpvbmlhLm9yZw..\" target=\"_blank\" rel=\"noreferrer noopener\">bioemprendimientos@proamazonia.org<\/a>.<\/p>\r\n\r\n\r\n\r\n<p>PROAmazon\u00eda ejecutar\u00e1&nbsp;este fondo concursable con el financiamiento del Fondo para el Medio Ambiente Mundial (GEF, por sus siglas en ingl\u00e9s).<\/p>\r\n\r\n\r\n\r\n<p>Si requiere mayor informaci\u00f3n, env\u00ede su consulta al correo electr\u00f3nico:<a href=\"https:\/\/mail.mag.gob.ec\/owa\/redir.aspx?REF=aTK8nbQQR01AICFdI_sggZnrTqj358i5F1F9Nrw9HRow7WVTud_WCAFtYWlsdG86Zm9uZG9AcHJvYW1hem9uaWEub3Jn\" target=\"_blank\" rel=\"noreferrer noopener\">bioemprendimientos@proamazonia.org<\/a>.<\/p>","protected":false},"excerpt":{"rendered":"<p>El fondo concursable est\u00e1 dirigido a bioemprendimientos de peque\u00f1a escala relacionados con el aprovechamiento sostenible de los Productos Forestales No Maderables (PFNM), provenientes de bosques naturales o recreados, incluyendo \u00e1reas agroforestales adyacentes (chakras, ajas, entre otras), que constituyan alternativas econ\u00f3micas para reducir la deforestaci\u00f3n y la degradaci\u00f3n forestal y mejorar la capacidad de conservaci\u00f3n y de manejo forestal sostenible.Fecha: 22 de mayo de 2019 En el marco Del Programa Integral Amaz\u00f3nico de Conservaci\u00f3n&nbsp; de Bosques y Producci\u00f3n Sostenible (PROAmazon\u00eda), los Ministerios de Agricultura y Ganader\u00eda (MAG) y de Ambiente (MAE) convocan a comunidades, pueblos y nacionalidades ind\u00edgenas de los cantones de Francisco de Orellana, Shushufindi, Morona, Taisha y Nangaritza, as\u00ed como a sus aliados ONG, GAD y universidades a presentar sus res\u00famenes de propuestas de fomento a bioemprendimientos para obtener un financiamiento no reembolsable.&nbsp; El fondo concursable est\u00e1 dirigido a bioemprendimientos de peque\u00f1a escala relacionados con el aprovechamiento sostenible de los Productos Forestales No Maderables (PFNM), provenientes de bosques naturales o recreados, incluyendo \u00e1reas agroforestales adyacentes (chakras, ajas, entre otras), que constituyan alternativas econ\u00f3micas para reducir la deforestaci\u00f3n y la degradaci\u00f3n forestal y mejorar la capacidad de conservaci\u00f3n y de manejo forestal sostenible. \u00bfC\u00f3mo postular a los fondos? Las postulaciones [&hellip;]<\/p>\n","protected":false},"author":2,"featured_media":1212,"comment_status":"open","ping_status":"open","sticky":false,"template":"","format":"standard","meta":{"_uf_show_specific_survey":0,"_uf_disable_surveys":false,"footnotes":""},"categories":[26],"tags":[],"class_list":["post-1275","post","type-post","status-publish","format-standard","has-post-thumbnail","hentry","category-conservacion-de-bosques"],"aioseo_notices":[],"_links":{"self":[{"href":"https:\/\/www.proamazonia.org\/ppr\/wp-json\/wp\/v2\/posts\/1275","targetHints":{"allow":["GET"]}}],"collection":[{"href":"https:\/\/www.proamazonia.org\/ppr\/wp-json\/wp\/v2\/posts"}],"about":[{"href":"https:\/\/www.proamazonia.org\/ppr\/wp-json\/wp\/v2\/types\/post"}],"author":[{"embeddable":true,"href":"https:\/\/www.proamazonia.org\/ppr\/wp-json\/wp\/v2\/users\/2"}],"replies":[{"embeddable":true,"href":"https:\/\/www.proamazonia.org\/ppr\/wp-json\/wp\/v2\/comments?post=1275"}],"version-history":[{"count":2,"href":"https:\/\/www.proamazonia.org\/ppr\/wp-json\/wp\/v2\/posts\/1275\/revisions"}],"predecessor-version":[{"id":4112,"href":"https:\/\/www.proamazonia.org\/ppr\/wp-json\/wp\/v2\/posts\/1275\/revisions\/4112"}],"wp:featuredmedia":[{"embeddable":true,"href":"https:\/\/www.proamazonia.org\/ppr\/wp-json\/wp\/v2\/media\/1212"}],"wp:attachment":[{"href":"https:\/\/www.proamazonia.org\/ppr\/wp-json\/wp\/v2\/media?parent=1275"}],"wp:term":[{"taxonomy":"category","embeddable":true,"href":"https:\/\/www.proamazonia.org\/ppr\/wp-json\/wp\/v2\/categories?post=1275"},{"taxonomy":"post_tag","embeddable":true,"href":"https:\/\/www.proamazonia.org\/ppr\/wp-json\/wp\/v2\/tags?post=1275"}],"curies":[{"name":"wp","href":"https:\/\/api.w.org\/{rel}","templated":true}]}}