{"id":1319,"date":"2019-10-24T07:57:05","date_gmt":"2019-10-24T05:57:05","guid":{"rendered":"http:\/\/2sisdigital.com\/proamazonia\/?p=1319"},"modified":"2020-12-12T19:56:23","modified_gmt":"2020-12-13T00:56:23","slug":"arranco-el-programa-de-formacion-en-gobernanza-territorial-indigena","status":"publish","type":"post","link":"https:\/\/www.proamazonia.org\/ppr\/arranco-el-programa-de-formacion-en-gobernanza-territorial-indigena\/","title":{"rendered":"Arranc\u00f3 el Programa de Formaci\u00f3n en Gobernanza Territorial Ind\u00edgena"},"content":{"rendered":"<p>\r\n\r\nEl programa se lleva a cabo en colaboraci\u00f3n con la organizaci\u00f3n Forest Trends y la Universidad Regional Amaz\u00f3nica, IKIAM, cuenta con la participaci\u00f3n de 40 estudiantes de las nacionalidades Kicwha, Shuar y Waorani.&nbsp;<br>Fecha:19 de agosto de 2019Link a la noticia:&nbsp;<a href=\"https:\/\/www.facebook.com\/440471403065119\/posts\/749193508859572\/\" rel=\"noreferrer noopener\" target=\"_blank\">https:\/\/www.facebook.com\/440471403065119\/posts\/749193508859572\/<\/a><\/p>","protected":false},"excerpt":{"rendered":"<p>El programa se lleva a cabo en colaboraci\u00f3n con la organizaci\u00f3n Forest Trends y la Universidad Regional Amaz\u00f3nica, IKIAM, cuenta con la participaci\u00f3n de 40 estudiantes de las nacionalidades Kicwha, Shuar y Waorani.&nbsp;Fecha:19 de agosto de 2019Link a la noticia:&nbsp;https:\/\/www.facebook.com\/440471403065119\/posts\/749193508859572\/<\/p>\n","protected":false},"author":2,"featured_media":1320,"comment_status":"open","ping_status":"open","sticky":false,"template":"","format":"standard","meta":{"_uf_show_specific_survey":0,"_uf_disable_surveys":false,"footnotes":""},"categories":[27],"tags":[],"class_list":["post-1319","post","type-post","status-publish","format-standard","has-post-thumbnail","hentry","category-redd"],"aioseo_notices":[],"_links":{"self":[{"href":"https:\/\/www.proamazonia.org\/ppr\/wp-json\/wp\/v2\/posts\/1319","targetHints":{"allow":["GET"]}}],"collection":[{"href":"https:\/\/www.proamazonia.org\/ppr\/wp-json\/wp\/v2\/posts"}],"about":[{"href":"https:\/\/www.proamazonia.org\/ppr\/wp-json\/wp\/v2\/types\/post"}],"author":[{"embeddable":true,"href":"https:\/\/www.proamazonia.org\/ppr\/wp-json\/wp\/v2\/users\/2"}],"replies":[{"embeddable":true,"href":"https:\/\/www.proamazonia.org\/ppr\/wp-json\/wp\/v2\/comments?post=1319"}],"version-history":[{"count":2,"href":"https:\/\/www.proamazonia.org\/ppr\/wp-json\/wp\/v2\/posts\/1319\/revisions"}],"predecessor-version":[{"id":4111,"href":"https:\/\/www.proamazonia.org\/ppr\/wp-json\/wp\/v2\/posts\/1319\/revisions\/4111"}],"wp:featuredmedia":[{"embeddable":true,"href":"https:\/\/www.proamazonia.org\/ppr\/wp-json\/wp\/v2\/media\/1320"}],"wp:attachment":[{"href":"https:\/\/www.proamazonia.org\/ppr\/wp-json\/wp\/v2\/media?parent=1319"}],"wp:term":[{"taxonomy":"category","embeddable":true,"href":"https:\/\/www.proamazonia.org\/ppr\/wp-json\/wp\/v2\/categories?post=1319"},{"taxonomy":"post_tag","embeddable":true,"href":"https:\/\/www.proamazonia.org\/ppr\/wp-json\/wp\/v2\/tags?post=1319"}],"curies":[{"name":"wp","href":"https:\/\/api.w.org\/{rel}","templated":true}]}}