{"id":1564,"date":"2020-01-29T17:17:39","date_gmt":"2020-01-29T16:17:39","guid":{"rendered":"http:\/\/2sisdigital.com\/proamazonia\/?p=1564"},"modified":"2020-12-12T19:49:07","modified_gmt":"2020-12-13T00:49:07","slug":"boletin-de-prensa-no-2-ecuador-anfitrion-del-encuentro-internacional-de-intercambio-de-experiencias-relacionado-con-sistemas-de-informacion-de-salvaguardas-de-redd","status":"publish","type":"post","link":"https:\/\/www.proamazonia.org\/ppr\/boletin-de-prensa-no-2-ecuador-anfitrion-del-encuentro-internacional-de-intercambio-de-experiencias-relacionado-con-sistemas-de-informacion-de-salvaguardas-de-redd\/","title":{"rendered":"Bolet\u00edn de prensa No. 2 Ecuador: Anfitri\u00f3n del \u201cEncuentro Internacional de Intercambio de Experiencias relacionado con Sistemas de Informaci\u00f3n de Salvaguardas de REDD+\u201d"},"content":{"rendered":"<p>DESCRIPCI\u00d3N DE LA NOTA AQU\u00cd<\/p>\r\n\r\n\r\n\r\n<p>El 21 y 22 de enero del 2020, se llev\u00f3 a cabo en Quito, el Primer \u201cEncuentro Internacional de Intercambio de Experiencias relacionado con Sistemas de Informaci\u00f3n de Salvaguardas\u201d. Requisito indispensable que deben cumplir los pa\u00edses para acceder a financiamiento relacionado a Reducci\u00f3n de Emisiones por Deforestaci\u00f3n y Degradaci\u00f3n (REDD+) y que debe ser presentado en la Conferencia de las Naciones Unidas sobre el Cambio Clim\u00e1tico.<\/p>\r\n\r\n\r\n\r\n<p style=\"text-align:center\"><img loading=\"lazy\" decoding=\"async\" width=\"650\" height=\"433\" class=\"wp-image-1890\" style=\"width: 650px;\" src=\"http:\/\/2sisdigital.com\/proamazonia\/wp-content\/uploads\/2020\/01\/BoletinSalvaguardas5.jpg\" alt=\"\" srcset=\"https:\/\/www.proamazonia.org\/ppr\/wp-content\/uploads\/2020\/01\/BoletinSalvaguardas5.jpg 1280w, https:\/\/www.proamazonia.org\/ppr\/wp-content\/uploads\/2020\/01\/BoletinSalvaguardas5-300x200.jpg 300w, https:\/\/www.proamazonia.org\/ppr\/wp-content\/uploads\/2020\/01\/BoletinSalvaguardas5-768x512.jpg 768w, https:\/\/www.proamazonia.org\/ppr\/wp-content\/uploads\/2020\/01\/BoletinSalvaguardas5-1024x682.jpg 1024w, https:\/\/www.proamazonia.org\/ppr\/wp-content\/uploads\/2020\/01\/BoletinSalvaguardas5-600x400.jpg 600w\" sizes=\"auto, (max-width: 650px) 100vw, 650px\" \/><\/p>\r\n\r\n\r\n\r\n<p>Las salvaguardas\r\nson un conjunto de medidas para minimizar o mitigar riesgos sociales o\r\nambientales que podr\u00edan derivarse de la implementaci\u00f3n de actividades de\r\nreducci\u00f3n de emisiones causadas por la deforestaci\u00f3n y la degradaci\u00f3n de los\r\nbosques. La creaci\u00f3n de un sistema de informaci\u00f3n permite a los pa\u00edses\r\nreportar, generar indicadores y tomar decisiones vinculadas a REDD+.<\/p>\r\n\r\n\r\n\r\n<p>El evento cont\u00f3 con la participaci\u00f3n de Daysi C\u00e1rdenas de la Direcci\u00f3n Nacional de Mitigaci\u00f3n de Cambio Clim\u00e1tico del Ministerio de Ambiente (MAE) y Fern\u00e1nda G\u00f3nzalez, Oficial de Programa Oficial de Programa \u00c1rea de Ambiente y Energ\u00eda del Programa de Naciones Unidas para el Desarrollo (PNUD). Tambi\u00e9n estuvieron presentes dos expertas internacionales, Andrea Camacho de UN REDD Programme y Victoria Su\u00e1rez de UNDP Climate and Forest. En la jornada acad\u00e9mica se presentaron delegaciones y expertos de Paraguay, Chile, Costa Rica y M\u00e9xico.<\/p>\r\n\r\n\r\n\r\n<p style=\"text-align:center\"><img loading=\"lazy\" decoding=\"async\" width=\"300\" height=\"200\" class=\"wp-image-1887\" style=\"width: 300px;\" src=\"http:\/\/2sisdigital.com\/proamazonia\/wp-content\/uploads\/2020\/01\/BoletinSalvaguardas2.jpg\" alt=\"\" srcset=\"https:\/\/www.proamazonia.org\/ppr\/wp-content\/uploads\/2020\/01\/BoletinSalvaguardas2.jpg 1280w, https:\/\/www.proamazonia.org\/ppr\/wp-content\/uploads\/2020\/01\/BoletinSalvaguardas2-300x200.jpg 300w, https:\/\/www.proamazonia.org\/ppr\/wp-content\/uploads\/2020\/01\/BoletinSalvaguardas2-768x512.jpg 768w, https:\/\/www.proamazonia.org\/ppr\/wp-content\/uploads\/2020\/01\/BoletinSalvaguardas2-1024x682.jpg 1024w, https:\/\/www.proamazonia.org\/ppr\/wp-content\/uploads\/2020\/01\/BoletinSalvaguardas2-600x400.jpg 600w\" sizes=\"auto, (max-width: 300px) 100vw, 300px\" \/><img loading=\"lazy\" decoding=\"async\" width=\"300\" height=\"200\" class=\"wp-image-1888\" style=\"width: 300px;\" src=\"http:\/\/2sisdigital.com\/proamazonia\/wp-content\/uploads\/2020\/01\/BoletinSalvaguardas3.jpg\" alt=\"\" srcset=\"https:\/\/www.proamazonia.org\/ppr\/wp-content\/uploads\/2020\/01\/BoletinSalvaguardas3.jpg 1280w, https:\/\/www.proamazonia.org\/ppr\/wp-content\/uploads\/2020\/01\/BoletinSalvaguardas3-300x200.jpg 300w, https:\/\/www.proamazonia.org\/ppr\/wp-content\/uploads\/2020\/01\/BoletinSalvaguardas3-768x512.jpg 768w, https:\/\/www.proamazonia.org\/ppr\/wp-content\/uploads\/2020\/01\/BoletinSalvaguardas3-1024x682.jpg 1024w, https:\/\/www.proamazonia.org\/ppr\/wp-content\/uploads\/2020\/01\/BoletinSalvaguardas3-600x400.jpg 600w\" sizes=\"auto, (max-width: 300px) 100vw, 300px\" \/><img loading=\"lazy\" decoding=\"async\" width=\"300\" height=\"200\" class=\"wp-image-1889\" style=\"width: 300px;\" src=\"http:\/\/2sisdigital.com\/proamazonia\/wp-content\/uploads\/2020\/01\/BoletinSalvaguardas4.jpg\" alt=\"\" srcset=\"https:\/\/www.proamazonia.org\/ppr\/wp-content\/uploads\/2020\/01\/BoletinSalvaguardas4.jpg 1280w, https:\/\/www.proamazonia.org\/ppr\/wp-content\/uploads\/2020\/01\/BoletinSalvaguardas4-300x200.jpg 300w, https:\/\/www.proamazonia.org\/ppr\/wp-content\/uploads\/2020\/01\/BoletinSalvaguardas4-768x512.jpg 768w, https:\/\/www.proamazonia.org\/ppr\/wp-content\/uploads\/2020\/01\/BoletinSalvaguardas4-1024x682.jpg 1024w, https:\/\/www.proamazonia.org\/ppr\/wp-content\/uploads\/2020\/01\/BoletinSalvaguardas4-600x400.jpg 600w\" sizes=\"auto, (max-width: 300px) 100vw, 300px\" \/><\/p>\r\n\r\n\r\n\r\n<p>Francisco\r\nMoreno, Gerente de informaci\u00f3n forestal de la Comisi\u00f3n Nacional Forestal de\r\nM\u00e9xico, uno de los expositores, sostuvo <em>\u201cUno\r\nde los principales logros es la comprensi\u00f3n y la interpretaci\u00f3n de las\r\nsalvaguardas REDD+ en M\u00e9xico. Nuestro abordaje pudo vincular el sistema de\r\ninformaci\u00f3n de las salvaguardas con los derechos para la implementaci\u00f3n y el\r\ncuidado de los bosques dentro de la Estrategia Nacional REDD+\u201d<\/em><\/p>\r\n\r\n\r\n\r\n<p>Durante la\r\nactividad se pudo conocer sobre experiencias exitosas y lecciones aprendidas de\r\nla regi\u00f3n relacionadas al dise\u00f1o e implementaci\u00f3n de Sistemas de Informaci\u00f3n,\r\nse identificaron insumos, herramientas, recomendaciones, entre otras. Adem\u00e1s, se\r\nrealiz\u00f3 el an\u00e1lisis de las metodolog\u00edas empleadas por cada pa\u00eds para la\r\nrecolecci\u00f3n de informaci\u00f3n y su publicaci\u00f3n. En esta oportunidad, Ecuador pudo establecer\r\nlazos de colaboraci\u00f3n con pa\u00edses hermanos y establecer una hoja ruta para\r\niniciar su sistema de informaci\u00f3n. <\/p>","protected":false},"excerpt":{"rendered":"<p>DESCRIPCI\u00d3N DE LA NOTA AQU\u00cd El 21 y 22 de enero del 2020, se llev\u00f3 a cabo en Quito, el Primer \u201cEncuentro Internacional de Intercambio de Experiencias relacionado con Sistemas de Informaci\u00f3n de Salvaguardas\u201d. Requisito indispensable que deben cumplir los pa\u00edses para acceder a financiamiento relacionado a Reducci\u00f3n de Emisiones por Deforestaci\u00f3n y Degradaci\u00f3n (REDD+) y que debe ser presentado en la Conferencia de las Naciones Unidas sobre el Cambio Clim\u00e1tico. Las salvaguardas son un conjunto de medidas para minimizar o mitigar riesgos sociales o ambientales que podr\u00edan derivarse de la implementaci\u00f3n de actividades de reducci\u00f3n de emisiones causadas por la deforestaci\u00f3n y la degradaci\u00f3n de los bosques. La creaci\u00f3n de un sistema de informaci\u00f3n permite a los pa\u00edses reportar, generar indicadores y tomar decisiones vinculadas a REDD+. El evento cont\u00f3 con la participaci\u00f3n de Daysi C\u00e1rdenas de la Direcci\u00f3n Nacional de Mitigaci\u00f3n de Cambio Clim\u00e1tico del Ministerio de Ambiente (MAE) y Fern\u00e1nda G\u00f3nzalez, Oficial de Programa Oficial de Programa \u00c1rea de Ambiente y Energ\u00eda del Programa de Naciones Unidas para el Desarrollo (PNUD). Tambi\u00e9n estuvieron presentes dos expertas internacionales, Andrea Camacho de UN REDD Programme y Victoria Su\u00e1rez de UNDP Climate and Forest. En la jornada acad\u00e9mica se presentaron [&hellip;]<\/p>\n","protected":false},"author":2,"featured_media":1886,"comment_status":"open","ping_status":"open","sticky":false,"template":"","format":"standard","meta":{"_uf_show_specific_survey":0,"_uf_disable_surveys":false,"footnotes":""},"categories":[27],"tags":[],"class_list":["post-1564","post","type-post","status-publish","format-standard","has-post-thumbnail","hentry","category-redd"],"aioseo_notices":[],"_links":{"self":[{"href":"https:\/\/www.proamazonia.org\/ppr\/wp-json\/wp\/v2\/posts\/1564","targetHints":{"allow":["GET"]}}],"collection":[{"href":"https:\/\/www.proamazonia.org\/ppr\/wp-json\/wp\/v2\/posts"}],"about":[{"href":"https:\/\/www.proamazonia.org\/ppr\/wp-json\/wp\/v2\/types\/post"}],"author":[{"embeddable":true,"href":"https:\/\/www.proamazonia.org\/ppr\/wp-json\/wp\/v2\/users\/2"}],"replies":[{"embeddable":true,"href":"https:\/\/www.proamazonia.org\/ppr\/wp-json\/wp\/v2\/comments?post=1564"}],"version-history":[{"count":7,"href":"https:\/\/www.proamazonia.org\/ppr\/wp-json\/wp\/v2\/posts\/1564\/revisions"}],"predecessor-version":[{"id":4106,"href":"https:\/\/www.proamazonia.org\/ppr\/wp-json\/wp\/v2\/posts\/1564\/revisions\/4106"}],"wp:featuredmedia":[{"embeddable":true,"href":"https:\/\/www.proamazonia.org\/ppr\/wp-json\/wp\/v2\/media\/1886"}],"wp:attachment":[{"href":"https:\/\/www.proamazonia.org\/ppr\/wp-json\/wp\/v2\/media?parent=1564"}],"wp:term":[{"taxonomy":"category","embeddable":true,"href":"https:\/\/www.proamazonia.org\/ppr\/wp-json\/wp\/v2\/categories?post=1564"},{"taxonomy":"post_tag","embeddable":true,"href":"https:\/\/www.proamazonia.org\/ppr\/wp-json\/wp\/v2\/tags?post=1564"}],"curies":[{"name":"wp","href":"https:\/\/api.w.org\/{rel}","templated":true}]}}