{"id":2356,"date":"2020-04-03T16:38:01","date_gmt":"2020-04-03T14:38:01","guid":{"rendered":"https:\/\/www.proamazonia.org\/?p=2356"},"modified":"2021-06-21T16:17:38","modified_gmt":"2021-06-21T21:17:38","slug":"productores-amazonicos-consolidan-vinculos-comerciales-en-fruit-logistica-2020","status":"publish","type":"post","link":"https:\/\/www.proamazonia.org\/ppr\/productores-amazonicos-consolidan-vinculos-comerciales-en-fruit-logistica-2020\/","title":{"rendered":"Productores amaz\u00f3nicos consolidan v\u00ednculos comerciales en Fruit Logistica 2020"},"content":{"rendered":"<div class=\"wp-block-image\">\r\n<figure class=\"alignright is-resized\"><img loading=\"lazy\" decoding=\"async\" class=\"wp-image-2357\" src=\"https:\/\/www.proamazonia.org\/wp-content\/uploads\/2020\/04\/articulo_fruit_logistica-1-682x1024.jpg\" alt=\"\" width=\"237\" height=\"355\" srcset=\"https:\/\/www.proamazonia.org\/ppr\/wp-content\/uploads\/2020\/04\/articulo_fruit_logistica-1-682x1024.jpg 682w, https:\/\/www.proamazonia.org\/ppr\/wp-content\/uploads\/2020\/04\/articulo_fruit_logistica-1-200x300.jpg 200w, https:\/\/www.proamazonia.org\/ppr\/wp-content\/uploads\/2020\/04\/articulo_fruit_logistica-1-768x1152.jpg 768w, https:\/\/www.proamazonia.org\/ppr\/wp-content\/uploads\/2020\/04\/articulo_fruit_logistica-1-400x600.jpg 400w, https:\/\/www.proamazonia.org\/ppr\/wp-content\/uploads\/2020\/04\/articulo_fruit_logistica-1-800x1200.jpg 800w, https:\/\/www.proamazonia.org\/ppr\/wp-content\/uploads\/2020\/04\/articulo_fruit_logistica-1.jpg 853w\" sizes=\"auto, (max-width: 237px) 100vw, 237px\" \/><\/figure>\r\n<\/div>\r\n\r\n\r\n\r\n<p>Berl\u00edn, 05 al 07 de febrero.- Ecuador particip\u00f3 en la feria internacional <em>Fruit Logistica<\/em> 2020, una de las ferias agroalimentarias m\u00e1s importantes del mundo. En esta edici\u00f3n, el pa\u00eds fue coanfitri\u00f3n del evento y reuni\u00f3 a 3 300 expositores y a m\u00e1s de 72 000 visitantes de todo el mundo. Una oportunidad que sirvi\u00f3 para mostrar a los mercados extranjeros la producci\u00f3n sostenible y con calidad de los cultivos que se producen en la Sierra, la Costa y la Amazon\u00eda ecuatorianas.<\/p>\r\n\r\n\r\n\r\n<p>38 empresas y 11 peque\u00f1os productores del Ecuador estuvieron presentes durante los tres d\u00edas de la feria. Se expuso productos como: banano, pl\u00e1tano, uvilla, pitahaya, mango, tomate de \u00e1rbol, pi\u00f1a, frutos rojos, granadilla, aguacate, guan\u00e1bana, br\u00f3coli, rosas, papa, cacao, caf\u00e9 y palma aceitera. Algunos de los productos m\u00e1s apreciados por la comunidad internacional fueron el caf\u00e9, el cacao y el aceite de palma con certificaci\u00f3n de la Mesa Redonda sobre Aceite de Palma Sostenible (RSPO, por sus siglas en ingl\u00e9s).<\/p>\r\n\r\n\r\n\r\n<p>La participaci\u00f3n de cinco asociaciones fue apoyada por el Programa de Conservaci\u00f3n y Producci\u00f3n sostenible \u2013 PROAmazon\u00eda, que es una iniciativa de los Ministerios del Ambiente (MAE) y de Agricultura y Ganader\u00eda (MAG) y cuenta con el apoyo del Programa de las Naciones Unidas para el Desarrollo (PNUD) y financiamiento del Fondo Verde para el Clima (GCF) y el Fondo para el Medio Ambiente Mundial (GEF).<\/p>\r\n\r\n\r\n\r\n<p>Las asociaciones de productores APEOSAE, ASOSUMACO, WI\u00d1AK, ASOPALORA y Organic Supply acudieron al evento para explorar alianzas comerciales y demostrar que es posible tener una producci\u00f3n sostenible y libre de deforestaci\u00f3n. En el encuentro estuvieron presentes los Ministros Xavier Lazo, titular del Ministerio de Agricultura y Ganader\u00eda y autoridades del Ministerio del Ambiente.<\/p>\r\n\r\n\r\n\r\n<p>Nora Ram\u00f3n, de APEOSAE, asociaci\u00f3n que produce yuca, pl\u00e1tano, naranja, or\u00e9gano, guayaba, aj\u00ed, tomillo, caf\u00e9 y cacao explica que en su organizaci\u00f3n se exporta a Alemania, Francia y Estados Unidos, pero aspira en un futuro cercano eliminar a los intermediarios y exportar directamente a supermercados. Como asociaci\u00f3n, les interesa encontrar compradores que inviertan a largo plazo para poder armar un plan de producci\u00f3n con las familias agricultoras, principalmente con la participaci\u00f3n de mujeres de la provincia Zamora Chinchipe. \u201cLo que queremos es justamente un comercio justo de verdad, es decir, sin intermediarios. Que el mayor ingreso posible vaya al bolsillo del productor\u201d, coment\u00f3 Nora.<\/p>\r\n\r\n\r\n\r\n<p>El Ecuador ha demostrado que es capaz de lograr una producci\u00f3n agr\u00edcola pecuaria sostenible, libre de deforestaci\u00f3n y baja en carbono. En su trabajo por reducir la vulnerabilidad al cambio clim\u00e1tico ha incorporado en las fincas sistemas agroforestales que conservan el suelo y ha fortalecido las capacidades de los productores. Este hecho se enmarca dentro de la estrategia \u2018<em>Premium and Sustainable\u2019 <\/em>del Gobierno. Esta Iniciativa facilita la generaci\u00f3n de ganancias netas y la reducci\u00f3n de costos econ\u00f3micos, ambientales y sociales y tambi\u00e9n incorpora tecnolog\u00eda e innovaci\u00f3n para lograr un aumento de la competitividad. \u2018<em>Premium and Sustainable\u2019<\/em> est\u00e1 sustentada en cinco pilares: cooperativismo moderno; empoderamiento de la mujer y el joven rural; producci\u00f3n libre de deforestaci\u00f3n; productividad, calidad y trazabilidad; y pobreza rural cero.<\/p>\r\n\r\n\r\n\r\n<p>Aprovechando su estad\u00eda en Berl\u00edn, los productores realizaron actividades de investigaci\u00f3n comercial, visitaron supermercados para evaluar tendencias en el consumo de productos sostenibles y libres de deforestaci\u00f3n e intercambiaron experiencias con otros expositores del evento. De manera complementaria, se promovi\u00f3 una agenda con importadores de caf\u00e9 de especialidad en Hamburgo. Por ejemplo, estableci\u00f3 contacto con Interamerican Coffee, uno de los m\u00e1s grandes importadores de caf\u00e9 de Alemania, y la tienda de caf\u00e9 de especialidad Kaffeerosterei.<\/p>\r\n\r\n\r\n\r\n<p>En el \u00faltimo d\u00eda de feria, PROAmazon\u00eda y los productores visitaron Caf\u00e9 Quijote, empresa alemana que se comprometi\u00f3 a incrementar sus compras de caf\u00e9 a ASOSUMACO. Una gran oportunidad de negocios con el mercado europeo.<\/p>\r\n\r\n\r\n\r\n<p>Wilson Y\u00e1nez, de ASOSUMACO, durante su estad\u00eda explic\u00f3 \u201cTrabajamos en un cultivo respetuoso con el ambiente y del cual aprovechamos todos los recursos\u201d. En esta asociaci\u00f3n los agricultores han revalorizado el cultivo de caf\u00e9 robusta y han dejado atr\u00e1s la manera tradicional de realizar esta actividad productiva. Los miembros de la asociaci\u00f3n est\u00e1n todos comprometidos con la calidad y el respeto a los bosques. Esto les ha permitido crecer productivamente, pues en su segundo a\u00f1o alcanzaron ganancias de 600 000 d\u00f3lares.<\/p>\r\n\r\n\r\n\r\n<p>Uno de los encuentros m\u00e1s importantes que se suscitaron en la Feria Fruit Logistica fue el acercamiento que tuvo Marcos Grefa representante de WI\u00d1AC, asociaci\u00f3n que cultiva y exporta caf\u00e9 y guayusa, se reuni\u00f3 con Sebasti\u00e1n Freidank, un importador alem\u00e1n que adquiri\u00f3 meses atr\u00e1s \u00a0muestras de sus productos. Durante su reuni\u00f3n se pudo hablar sobre la valoraci\u00f3n de sus muestras y la posible compra de guayusa. \u201cEs de una grand\u00edsima calidad. Los clientes que la han probado est\u00e1n encantados. Les gusta mucho y todos quieren comprar m\u00e1s\u201d, afirm\u00f3.<\/p>\r\n\r\n\r\n\r\n<p>Participar en Fruit Logistica 2020 ha sido un hecho muy importante, se ha generado un gran aprendizaje en los productores amaz\u00f3nicos del Ecuador invitados a la feria con el apoyo de PROAmazon\u00eda. Se logr\u00f3 intercambiar conocimientos con otros productores, estudiar la oferta y la demanda existentes y sobre todo se ha podido tener una visi\u00f3n de las m\u00faltiples posibilidades que ofrece el mercado internacional.<\/p>\r\n\r\n\r\n\r\n<p>Algunas asociaciones como ASOSUMACO concretaron negocios y sus ventas fueron comprometidas en un n\u00famero tres veces m\u00e1s grande de lo que hoy exporta. En estos meses PROAmazon\u00eda junto a los productores fortalecen sus pr\u00e1cticas de producci\u00f3n sostenible y libre de deforestaci\u00f3n para concretar nuevas \u00f3rdenes de compra y contribuir a la calidad de vida de las Asociaciones Productoras de la Amazon\u00eda Ecuatoriana.<\/p>","protected":false},"excerpt":{"rendered":"<p>Berl\u00edn, 05 al 07 de febrero.- Ecuador particip\u00f3 en la feria internacional Fruit Logistica 2020, una de las ferias agroalimentarias m\u00e1s importantes del mundo. En esta edici\u00f3n, el pa\u00eds fue coanfitri\u00f3n del evento y reuni\u00f3 a 3 300 expositores y a m\u00e1s de 72 000 visitantes de todo el mundo. Una oportunidad que sirvi\u00f3 para mostrar a los mercados extranjeros la producci\u00f3n sostenible y con calidad de los cultivos que se producen en la Sierra, la Costa y la Amazon\u00eda ecuatorianas. 38 empresas y 11 peque\u00f1os productores del Ecuador estuvieron presentes durante los tres d\u00edas de la feria. Se expuso productos como: banano, pl\u00e1tano, uvilla, pitahaya, mango, tomate de \u00e1rbol, pi\u00f1a, frutos rojos, granadilla, aguacate, guan\u00e1bana, br\u00f3coli, rosas, papa, cacao, caf\u00e9 y palma aceitera. Algunos de los productos m\u00e1s apreciados por la comunidad internacional fueron el caf\u00e9, el cacao y el aceite de palma con certificaci\u00f3n de la Mesa Redonda sobre Aceite de Palma Sostenible (RSPO, por sus siglas en ingl\u00e9s). La participaci\u00f3n de cinco asociaciones fue apoyada por el Programa de Conservaci\u00f3n y Producci\u00f3n sostenible \u2013 PROAmazon\u00eda, que es una iniciativa de los Ministerios del Ambiente (MAE) y de Agricultura y Ganader\u00eda (MAG) y cuenta con el apoyo del [&hellip;]<\/p>\n","protected":false},"author":2,"featured_media":2459,"comment_status":"closed","ping_status":"closed","sticky":false,"template":"","format":"standard","meta":{"_uf_show_specific_survey":0,"_uf_disable_surveys":false,"footnotes":""},"categories":[25],"tags":[44,67,66],"class_list":["post-2356","post","type-post","status-publish","format-standard","has-post-thumbnail","hentry","category-produccion-sostenible","tag-proamazonia","tag-produccion","tag-sostenible"],"aioseo_notices":[],"_links":{"self":[{"href":"https:\/\/www.proamazonia.org\/ppr\/wp-json\/wp\/v2\/posts\/2356","targetHints":{"allow":["GET"]}}],"collection":[{"href":"https:\/\/www.proamazonia.org\/ppr\/wp-json\/wp\/v2\/posts"}],"about":[{"href":"https:\/\/www.proamazonia.org\/ppr\/wp-json\/wp\/v2\/types\/post"}],"author":[{"embeddable":true,"href":"https:\/\/www.proamazonia.org\/ppr\/wp-json\/wp\/v2\/users\/2"}],"replies":[{"embeddable":true,"href":"https:\/\/www.proamazonia.org\/ppr\/wp-json\/wp\/v2\/comments?post=2356"}],"version-history":[{"count":4,"href":"https:\/\/www.proamazonia.org\/ppr\/wp-json\/wp\/v2\/posts\/2356\/revisions"}],"predecessor-version":[{"id":5074,"href":"https:\/\/www.proamazonia.org\/ppr\/wp-json\/wp\/v2\/posts\/2356\/revisions\/5074"}],"wp:featuredmedia":[{"embeddable":true,"href":"https:\/\/www.proamazonia.org\/ppr\/wp-json\/wp\/v2\/media\/2459"}],"wp:attachment":[{"href":"https:\/\/www.proamazonia.org\/ppr\/wp-json\/wp\/v2\/media?parent=2356"}],"wp:term":[{"taxonomy":"category","embeddable":true,"href":"https:\/\/www.proamazonia.org\/ppr\/wp-json\/wp\/v2\/categories?post=2356"},{"taxonomy":"post_tag","embeddable":true,"href":"https:\/\/www.proamazonia.org\/ppr\/wp-json\/wp\/v2\/tags?post=2356"}],"curies":[{"name":"wp","href":"https:\/\/api.w.org\/{rel}","templated":true}]}}