{"id":2361,"date":"2020-04-03T16:44:23","date_gmt":"2020-04-03T14:44:23","guid":{"rendered":"https:\/\/www.proamazonia.org\/?p=2361"},"modified":"2020-12-12T19:29:55","modified_gmt":"2020-12-13T00:29:55","slug":"se-fortalece-las-capacidades-de-bioemprendedores-del-bosque-seco","status":"publish","type":"post","link":"https:\/\/www.proamazonia.org\/ppr\/se-fortalece-las-capacidades-de-bioemprendedores-del-bosque-seco\/","title":{"rendered":"SE FORTALECE LAS CAPACIDADES DE BIOEMPRENDEDORES DEL BOSQUE SECO"},"content":{"rendered":"<p><strong><em>\u201cNo puede haber conservaci\u00f3n, sin desarrollo humano sostenible\u201d<\/em><\/strong>, este es el principio que expres\u00f3 la\r\nMancomunidad Bosque Seco que forma parte de la Reserva Binacional de Biosfera\r\nBosque Seco al finalizar su capacitaci\u00f3n sobre desarrollo sostenible. 21 l\u00edderes\r\nde cinco bioemprendimientos desde el 22 de noviembre de 2019 al 11 de febrero\r\nde 2020, recibieron una serie de talleres que incluyeron 96 horas de formaci\u00f3n,\r\nsobre calidad humana; enfoque y principios de la econom\u00eda popular y solidaria\r\nen la gesti\u00f3n de emprendimientos; planificaci\u00f3n y estructura de emprendimientos\r\nasociativos; elaboraci\u00f3n de reglamentos internos para asociaciones y\r\ncontabilidad b\u00e1sica para empresas. <\/p>\r\n\r\n\r\n\r\n<p>En este sentido, en la ciudad de Zapotillo el pasado 14 de febrero se realiz\u00f3 el acto de incorporaci\u00f3n y entrega de certificados ocupacionales avalados por la Secretaria T\u00e9cnica del Sistema Nacional de Cualificaciones Profesionales a trav\u00e9s de la operadora de capacitaci\u00f3n Fundaci\u00f3n Educativa Monse\u00f1or C\u00e1ndido Rada. El evento cont\u00f3 con la presencia del vicepresidente de la Mancomunidad Bosque Seco Lcdo. German S\u00e1nchez, Alcalde de Zapotillo Ing. Efr\u00e9n Vidal; Lcda. Graciela S\u00e1nchez subdirectora de FUNDER; Ing. Guido Condoy delgado de PROAmazonia y Vicente Sol\u00f3rzano Coordinador de la Mancomunidad Bosque Seco.<\/p>\r\n\r\n\r\n\r\n<ul class=\"wp-block-gallery columns-2 is-cropped wp-block-gallery-1 is-layout-flex wp-block-gallery-is-layout-flex\"><li class=\"blocks-gallery-item\"><figure><img loading=\"lazy\" decoding=\"async\" width=\"1024\" height=\"682\" src=\"https:\/\/www.proamazonia.org\/wp-content\/uploads\/2020\/04\/Articulo-mascomunidad-3-1024x682.jpg\" alt=\"\" data-id=\"2364\" class=\"wp-image-2364\" srcset=\"https:\/\/www.proamazonia.org\/ppr\/wp-content\/uploads\/2020\/04\/Articulo-mascomunidad-3-1024x682.jpg 1024w, https:\/\/www.proamazonia.org\/ppr\/wp-content\/uploads\/2020\/04\/Articulo-mascomunidad-3-300x200.jpg 300w, https:\/\/www.proamazonia.org\/ppr\/wp-content\/uploads\/2020\/04\/Articulo-mascomunidad-3-768x512.jpg 768w, https:\/\/www.proamazonia.org\/ppr\/wp-content\/uploads\/2020\/04\/Articulo-mascomunidad-3-600x400.jpg 600w, https:\/\/www.proamazonia.org\/ppr\/wp-content\/uploads\/2020\/04\/Articulo-mascomunidad-3.jpg 1280w\" sizes=\"auto, (max-width: 1024px) 100vw, 1024px\" \/><\/figure><\/li><li class=\"blocks-gallery-item\"><figure><img loading=\"lazy\" decoding=\"async\" width=\"1024\" height=\"682\" src=\"https:\/\/www.proamazonia.org\/wp-content\/uploads\/2020\/04\/Articulo-mascomunidad-2-1-1024x682.jpg\" alt=\"\" data-id=\"2365\" data-link=\"https:\/\/www.proamazonia.org\/?attachment_id=2365\" class=\"wp-image-2365\" srcset=\"https:\/\/www.proamazonia.org\/ppr\/wp-content\/uploads\/2020\/04\/Articulo-mascomunidad-2-1-1024x682.jpg 1024w, https:\/\/www.proamazonia.org\/ppr\/wp-content\/uploads\/2020\/04\/Articulo-mascomunidad-2-1-300x200.jpg 300w, https:\/\/www.proamazonia.org\/ppr\/wp-content\/uploads\/2020\/04\/Articulo-mascomunidad-2-1-768x512.jpg 768w, https:\/\/www.proamazonia.org\/ppr\/wp-content\/uploads\/2020\/04\/Articulo-mascomunidad-2-1-600x400.jpg 600w, https:\/\/www.proamazonia.org\/ppr\/wp-content\/uploads\/2020\/04\/Articulo-mascomunidad-2-1.jpg 1280w\" sizes=\"auto, (max-width: 1024px) 100vw, 1024px\" \/><\/figure><\/li><\/ul>\r\n\r\n\r\n\r\n<p>Esta capacitaci\u00f3n se realiz\u00f3 en el proceso de ejecuci\u00f3n del proyecto \u201cManejo\r\nde la restauraci\u00f3n ecosist\u00e9mica como mecanismo de adaptaci\u00f3n, mitigaci\u00f3n y\r\nresiliencia local frente a cambios clim\u00e1ticos globales en la reserva de\r\nbiosfera bosque seco-RBBS\u201d ejecutado por la Mancomunidad Bosque Seco en\r\ncoordinaci\u00f3n con sus Municipios y financiado por el Programa Integral Amaz\u00f3nico\r\nde Conservaci\u00f3n de Bosques y Producci\u00f3n Sostenible (PROAmazon\u00eda), Ministerio\r\ndel Ambiente (MAE), Ministerio de Agricultura y Ganader\u00eda (MAG) y el Programa\r\nde Naciones Unidas para el desarrollo (PNUD).<\/p>\r\n\r\n\r\n\r\n<p>German S\u00e1nchez manifest\u00f3 que la mejor inversi\u00f3n que pueden hacer las\r\nentidades de cooperaci\u00f3n y la mancomunidad es apoyar para fortalecer y\r\ndesarrollar las capacidades locales para que sean los forjadores de su propio\r\ndesarrollo. \u201cA trav\u00e9s de los bioemprendimientos es posible generar econom\u00eda y\r\nalternativas de ingresos a corto y mediano plazo. Reiteramos nuestro compromiso\r\npara que la Mancomunidad Bosque Seco impulse y desarrolle estos nobles\r\nprop\u00f3sitos\u201d, sostuvo. <\/p>\r\n\r\n\r\n\r\n<p>Los beneficiarios participantes fueron: Asociaci\u00f3n de Producci\u00f3n Agropecuaria\r\nPisaca de Paltas; Asociaci\u00f3n de Servicios de Comercializaci\u00f3n Manuel Castro de\r\nZapotillo; Asociaci\u00f3n de Apicultores San Antonio de Macara; Asociaci\u00f3n de\r\nProducci\u00f3n Agropecuaria Delicias Naturales de Puyango; y la Asociaci\u00f3n Artesanal\r\nCristo del Consuelo de Pindal, adem\u00e1s se integraron tres extensionistas de la Mancomunidad\r\nBosque Seco.<\/p>\r\n\r\n\r\n\r\n<p>Al final de este proceso formativo cada emprendimiento cuenta con las\r\ncapacidades e instrumentos en la elaboraci\u00f3n e implementaci\u00f3n de: un plan de\r\ngesti\u00f3n administrativa y operativa; instrumentos de seguimiento y control de\r\nlas actividades admirativas; modelo de reglamento interno para el\r\nfuncionamiento de la organizaci\u00f3n social y modelo b\u00e1sico para registro\r\nfinanciero de su emprendimiento.<\/p>","protected":false},"excerpt":{"rendered":"<p>\u201cNo puede haber conservaci\u00f3n, sin desarrollo humano sostenible\u201d, este es el principio que expres\u00f3 la Mancomunidad Bosque Seco que forma parte de la Reserva Binacional de Biosfera Bosque Seco al finalizar su capacitaci\u00f3n sobre desarrollo sostenible. 21 l\u00edderes de cinco bioemprendimientos desde el 22 de noviembre de 2019 al 11 de febrero de 2020, recibieron una serie de talleres que incluyeron 96 horas de formaci\u00f3n, sobre calidad humana; enfoque y principios de la econom\u00eda popular y solidaria en la gesti\u00f3n de emprendimientos; planificaci\u00f3n y estructura de emprendimientos asociativos; elaboraci\u00f3n de reglamentos internos para asociaciones y contabilidad b\u00e1sica para empresas. En este sentido, en la ciudad de Zapotillo el pasado 14 de febrero se realiz\u00f3 el acto de incorporaci\u00f3n y entrega de certificados ocupacionales avalados por la Secretaria T\u00e9cnica del Sistema Nacional de Cualificaciones Profesionales a trav\u00e9s de la operadora de capacitaci\u00f3n Fundaci\u00f3n Educativa Monse\u00f1or C\u00e1ndido Rada. El evento cont\u00f3 con la presencia del vicepresidente de la Mancomunidad Bosque Seco Lcdo. German S\u00e1nchez, Alcalde de Zapotillo Ing. Efr\u00e9n Vidal; Lcda. Graciela S\u00e1nchez subdirectora de FUNDER; Ing. Guido Condoy delgado de PROAmazonia y Vicente Sol\u00f3rzano Coordinador de la Mancomunidad Bosque Seco. Esta capacitaci\u00f3n se realiz\u00f3 en el proceso de ejecuci\u00f3n del proyecto [&hellip;]<\/p>\n","protected":false},"author":2,"featured_media":2362,"comment_status":"open","ping_status":"open","sticky":false,"template":"","format":"standard","meta":{"_uf_show_specific_survey":0,"_uf_disable_surveys":false,"footnotes":""},"categories":[26],"tags":[],"class_list":["post-2361","post","type-post","status-publish","format-standard","has-post-thumbnail","hentry","category-conservacion-de-bosques"],"aioseo_notices":[],"_links":{"self":[{"href":"https:\/\/www.proamazonia.org\/ppr\/wp-json\/wp\/v2\/posts\/2361","targetHints":{"allow":["GET"]}}],"collection":[{"href":"https:\/\/www.proamazonia.org\/ppr\/wp-json\/wp\/v2\/posts"}],"about":[{"href":"https:\/\/www.proamazonia.org\/ppr\/wp-json\/wp\/v2\/types\/post"}],"author":[{"embeddable":true,"href":"https:\/\/www.proamazonia.org\/ppr\/wp-json\/wp\/v2\/users\/2"}],"replies":[{"embeddable":true,"href":"https:\/\/www.proamazonia.org\/ppr\/wp-json\/wp\/v2\/comments?post=2361"}],"version-history":[{"count":2,"href":"https:\/\/www.proamazonia.org\/ppr\/wp-json\/wp\/v2\/posts\/2361\/revisions"}],"predecessor-version":[{"id":4102,"href":"https:\/\/www.proamazonia.org\/ppr\/wp-json\/wp\/v2\/posts\/2361\/revisions\/4102"}],"wp:featuredmedia":[{"embeddable":true,"href":"https:\/\/www.proamazonia.org\/ppr\/wp-json\/wp\/v2\/media\/2362"}],"wp:attachment":[{"href":"https:\/\/www.proamazonia.org\/ppr\/wp-json\/wp\/v2\/media?parent=2361"}],"wp:term":[{"taxonomy":"category","embeddable":true,"href":"https:\/\/www.proamazonia.org\/ppr\/wp-json\/wp\/v2\/categories?post=2361"},{"taxonomy":"post_tag","embeddable":true,"href":"https:\/\/www.proamazonia.org\/ppr\/wp-json\/wp\/v2\/tags?post=2361"}],"curies":[{"name":"wp","href":"https:\/\/api.w.org\/{rel}","templated":true}]}}