{"id":2368,"date":"2020-04-03T16:50:22","date_gmt":"2020-04-03T14:50:22","guid":{"rendered":"https:\/\/www.proamazonia.org\/?p=2368"},"modified":"2020-12-12T19:26:49","modified_gmt":"2020-12-13T00:26:49","slug":"la-mesa-de-trabajo-redd-participa-activamente-en-la-implementacion-de-redd-en-el-ecuador","status":"publish","type":"post","link":"https:\/\/www.proamazonia.org\/ppr\/la-mesa-de-trabajo-redd-participa-activamente-en-la-implementacion-de-redd-en-el-ecuador\/","title":{"rendered":"La Mesa de Trabajo REDD+ participa activamente en la implementaci\u00f3n de REDD+ en el Ecuador"},"content":{"rendered":"<div class=\"wp-block-image\"><figure class=\"alignleft is-resized\"><img loading=\"lazy\" decoding=\"async\" src=\"https:\/\/www.proamazonia.org\/wp-content\/uploads\/2020\/04\/image.png\" alt=\"\" class=\"wp-image-2369\" width=\"424\" height=\"318\"\/><\/figure><\/div>\r\n\r\n\r\n\r\n<p style=\"text-align:left\"><em>\u201cPara la implementaci\u00f3n de REDD+ es clave la <strong>participaci\u00f3n<\/strong> tanto de las comunidades, pueblos y nacionalidades como de la sociedad civil. <strong>Se necesita que sus opiniones y necesidades sean expresadas abiertamente y que incidan en la toma de aquellas decisiones que podr\u00edan afectar su territorio<\/strong>\u201d. (Plan de Acci\u00f3n REDD+ del Ecuador 2016-2025).<\/em><\/p>\r\n\r\n\r\n\r\n<p><strong>La participaci\u00f3n de actores relevantes<\/strong> como comunidades, pueblos y\r\nnacionalidades ind\u00edgenas que dependen de los bosques para su subsistencia, ONG,\r\nsector privado, academia, <strong>ha sido uno de los logros m\u00e1s importantes que\r\nreporta el pa\u00eds <\/strong><strong>en materia de participaci\u00f3n en las fases\r\nde preparaci\u00f3n e implementaci\u00f3n de REDD+.<\/strong><\/p>\r\n\r\n\r\n\r\n<p>As\u00ed, <strong>la Mesa de Trabajo REDD+<\/strong> se constituye en el espacio nacional de participaci\u00f3n ciudadana con mayores impactos en la preparaci\u00f3n e implementaci\u00f3n de REDD+ en el Ecuador, no solo porque en ella participan la diversidad de actores locales vinculados con los bosques \u2013 CONFENIAE, FEDOMEC, <\/p>\r\n\r\n\r\n\r\n<div class=\"wp-block-image\"><figure class=\"alignright is-resized\"><img loading=\"lazy\" decoding=\"async\" src=\"https:\/\/www.proamazonia.org\/wp-content\/uploads\/2020\/04\/image-2.png\" alt=\"\" class=\"wp-image-2371\" width=\"370\" height=\"208\"\/><\/figure><\/div>\r\n\r\n\r\n\r\n<p>comunidades beneficiarias del Programa Socio Bosque, Asociaciones Agroartesanales Wi\u00f1ak y Mujeres Wao del Ecuador, entre otros \u2013 sino porque se han involucrado como actores estrat\u00e9gicos durante todas las fases de REDD+, aportando a la construcci\u00f3n de pol\u00edticas, programas y proyectos desde la visi\u00f3n y necesidades de los actores, desde su convivencia directa con los bosques, y el trabajo cercano a los procesos que han impactado los territorios.<\/p>\r\n\r\n\r\n\r\n<p><\/p>\r\n\r\n\r\n\r\n<p>Es as\u00ed que todas las pol\u00edticas\r\nnacionales y normativa construidas durante la fase de preparaci\u00f3n de REDD+<sup>1<\/sup>\r\ndesde el 2012, fueron debatidas en el espacio, y cuentan con sus aportes. A su\r\nvez, durante la construcci\u00f3n de los programas y proyectos que implementan en la\r\nactualidad las medidas y acciones del Plan de Acci\u00f3n REDD+&nbsp; \u2013 <em>PROAmazon\u00eda y REM<\/em> \u2013 los Miembros de\r\nla Mesa han conocido de primera fuente los avances de los proyectos, y muchos\r\nde ellos se han vinculado como socios y beneficiarios directos, por su trabajo\r\nen la conservaci\u00f3n y manejo sostenible de los bosques.&nbsp; <\/p>\r\n\r\n\r\n\r\n<p>A su vez, uno de los hitos de la\r\nMesa en el 2019-2020 fue su contribuci\u00f3n como actores sociales a los esfuerzos\r\nnacionales para el acceso a la tercera fase de REDD+ &#8211; Pago Por Resultados \u2013 donde\r\nel Ecuador fue reconocido por el Fondo Verde para el Clima por haber reducido\r\nla deforestaci\u00f3n en el a\u00f1o 2014. Durante las reuniones formales de la Mesa de\r\nTrabajo REDD+ del 2019 y 2020 (6\u00b0, 7\u00b0, 8\u00b0, 16\u00b0, 17\u00b0 reuniones), los Miembros\r\naportaron con insumos t\u00e9cnicos, sugerencias y propuestas estrat\u00e9gicas para que la\r\npropuesta de financiamiento para Pago por Resultados cuente con una visi\u00f3n\r\nintegral desde distintos puntos de vista, necesidades y cosmovisiones de la\r\ndiversidad de actores que conforman la Mesa, as\u00ed como desde las lecciones\r\naprendidas de la implementaci\u00f3n de REDD+ en el Ecuador, y que se han observado desde\r\nsu actor\u00eda local.&nbsp; <\/p>\r\n\r\n\r\n\r\n<p>Como resultado de los di\u00e1logos en\r\nla Mesa, parte del financiamiento recibido por pago por resultados estar\u00e1 destinado\r\nal fortalecimiento de medidas y acciones de pueblos ind\u00edgenas amaz\u00f3nicos, y\r\ngran parte de las actividades del proyecto se realizar\u00e1n en la Costa y Sierra,\r\nlo cual han sido solicitudes sostenidas de los Miembros de la Mesa REDD+. <\/p>\r\n\r\n\r\n\r\n<p>La implementaci\u00f3n de REDD+ en el\r\nEcuador considera a la Mesa de Trabajo REDD+ como el espacio nacional de\r\nparticipaci\u00f3n \u2013 que representa leg\u00edtimamente a la diversidad de actores\r\nsociales con intereses y derechos sobre los bosques \u2013 para construir y validar pol\u00edticas,\r\nprogramas y proyectos que aportar\u00e1n positivamente a la continuidad de medidas y\r\nacciones REDD+ en implementaci\u00f3n en los territorios prioritarios para acabar\r\ncon la deforestaci\u00f3n y degradaci\u00f3n de bosques en el pa\u00eds.<\/p>\r\n\r\n\r\n\r\n<p>El\r\ncontexto mundial de manejo insostenible de los recursos naturales y los bosques\r\nhacen que el impulso y fortalecimiento de procesos participativos tengan cada\r\nvez m\u00e1s importancia y grandes retos que afrontar, como la generaci\u00f3n de\r\nmecanismos creativos e innovadores que fortalezcan el tejido social y la\r\ngobernanza de los bosques a nivel local y nacional.<br><\/p>\r\n\r\n\r\n\r\n<hr class=\"wp-block-separator\"\/>\r\n\r\n\r\n\r\n<p><sup>1<\/sup> &#8211; <em>Plan de Acci\u00f3n REDD+ Bosques para el\r\nBuen Vivir 2016-2025, Acuerdo Ministerial, Reglamento y Gu\u00eda de participaci\u00f3n\r\nde la Mesa de Trabajo REDD+, Gu\u00eda Nacional para la Consulta en Territorios Colectivos,\r\nentre otros<\/em> \u2013<\/p>","protected":false},"excerpt":{"rendered":"<p>\u201cPara la implementaci\u00f3n de REDD+ es clave la participaci\u00f3n tanto de las comunidades, pueblos y nacionalidades como de la sociedad civil. Se necesita que sus opiniones y necesidades sean expresadas abiertamente y que incidan en la toma de aquellas decisiones que podr\u00edan afectar su territorio\u201d. (Plan de Acci\u00f3n REDD+ del Ecuador 2016-2025). La participaci\u00f3n de actores relevantes como comunidades, pueblos y nacionalidades ind\u00edgenas que dependen de los bosques para su subsistencia, ONG, sector privado, academia, ha sido uno de los logros m\u00e1s importantes que reporta el pa\u00eds en materia de participaci\u00f3n en las fases de preparaci\u00f3n e implementaci\u00f3n de REDD+. As\u00ed, la Mesa de Trabajo REDD+ se constituye en el espacio nacional de participaci\u00f3n ciudadana con mayores impactos en la preparaci\u00f3n e implementaci\u00f3n de REDD+ en el Ecuador, no solo porque en ella participan la diversidad de actores locales vinculados con los bosques \u2013 CONFENIAE, FEDOMEC, comunidades beneficiarias del Programa Socio Bosque, Asociaciones Agroartesanales Wi\u00f1ak y Mujeres Wao del Ecuador, entre otros \u2013 sino porque se han involucrado como actores estrat\u00e9gicos durante todas las fases de REDD+, aportando a la construcci\u00f3n de pol\u00edticas, programas y proyectos desde la visi\u00f3n y necesidades de los actores, desde su convivencia directa con los [&hellip;]<\/p>\n","protected":false},"author":2,"featured_media":2372,"comment_status":"open","ping_status":"open","sticky":false,"template":"","format":"standard","meta":{"_uf_show_specific_survey":0,"_uf_disable_surveys":false,"footnotes":""},"categories":[27],"tags":[],"class_list":["post-2368","post","type-post","status-publish","format-standard","has-post-thumbnail","hentry","category-redd"],"aioseo_notices":[],"_links":{"self":[{"href":"https:\/\/www.proamazonia.org\/ppr\/wp-json\/wp\/v2\/posts\/2368","targetHints":{"allow":["GET"]}}],"collection":[{"href":"https:\/\/www.proamazonia.org\/ppr\/wp-json\/wp\/v2\/posts"}],"about":[{"href":"https:\/\/www.proamazonia.org\/ppr\/wp-json\/wp\/v2\/types\/post"}],"author":[{"embeddable":true,"href":"https:\/\/www.proamazonia.org\/ppr\/wp-json\/wp\/v2\/users\/2"}],"replies":[{"embeddable":true,"href":"https:\/\/www.proamazonia.org\/ppr\/wp-json\/wp\/v2\/comments?post=2368"}],"version-history":[{"count":5,"href":"https:\/\/www.proamazonia.org\/ppr\/wp-json\/wp\/v2\/posts\/2368\/revisions"}],"predecessor-version":[{"id":4101,"href":"https:\/\/www.proamazonia.org\/ppr\/wp-json\/wp\/v2\/posts\/2368\/revisions\/4101"}],"wp:featuredmedia":[{"embeddable":true,"href":"https:\/\/www.proamazonia.org\/ppr\/wp-json\/wp\/v2\/media\/2372"}],"wp:attachment":[{"href":"https:\/\/www.proamazonia.org\/ppr\/wp-json\/wp\/v2\/media?parent=2368"}],"wp:term":[{"taxonomy":"category","embeddable":true,"href":"https:\/\/www.proamazonia.org\/ppr\/wp-json\/wp\/v2\/categories?post=2368"},{"taxonomy":"post_tag","embeddable":true,"href":"https:\/\/www.proamazonia.org\/ppr\/wp-json\/wp\/v2\/tags?post=2368"}],"curies":[{"name":"wp","href":"https:\/\/api.w.org\/{rel}","templated":true}]}}