{"id":2381,"date":"2020-04-03T17:00:39","date_gmt":"2020-04-03T15:00:39","guid":{"rendered":"https:\/\/www.proamazonia.org\/?p=2381"},"modified":"2020-12-12T18:40:51","modified_gmt":"2020-12-12T23:40:51","slug":"ecuador-fue-anfitrion-del-encuentro-internacional-de-intercambio-de-experiencias-relacionado-con-sistemas-de-informacion-de-salvaguardas-de-redd","status":"publish","type":"post","link":"https:\/\/www.proamazonia.org\/ppr\/ecuador-fue-anfitrion-del-encuentro-internacional-de-intercambio-de-experiencias-relacionado-con-sistemas-de-informacion-de-salvaguardas-de-redd\/","title":{"rendered":"Ecuador fue anfitri\u00f3n del \u201cEncuentro Internacional de Intercambio de Experiencias relacionado con Sistemas de Informaci\u00f3n de Salvaguardas de REDD+\u201d"},"content":{"rendered":"<ul class=\"wp-block-list\"><li><strong><em>El SIS &nbsp;es un requisito indispensable que deben\r\ncumplir los pa\u00edses que implementan REDD+ para acceder a financiamiento.<\/em><\/strong><\/li><li><strong><em>Nuestro pa\u00eds pudo establecer\r\nlazos de colaboraci\u00f3n con pa\u00edses hermanos y establecer una hoja ruta que se\r\naplicar\u00e1 en el futuro para conformar un grupo colaborativo especializado en\r\nsalvaguardas y sistemas de informaci\u00f3n de salvaguardas..<\/em><\/strong><\/li><\/ul>\r\n\r\n\r\n\r\n<p><strong>Pichincha.-<\/strong>&nbsp;El 21 y 22 de enero del 2020, se llev\u00f3 a cabo en Quito, el Primer \u201cEncuentro Internacional de Intercambio de Experiencias relacionado con Sistemas de Informaci\u00f3n de Salvaguardas\u201d,&nbsp; requisito indispensable que deben cumplir los pa\u00edses para acceder a financiamiento relacionado a la implementaci\u00f3n de acciones y medidas en el marco de las iniciativas de Reducci\u00f3n de Emisiones por Deforestaci\u00f3n y Degradaci\u00f3n (REDD+)..<\/p>\r\n\r\n\r\n\r\n<ul class=\"wp-block-gallery columns-3 is-cropped wp-block-gallery-1 is-layout-flex wp-block-gallery-is-layout-flex\"><li class=\"blocks-gallery-item\"><figure><img loading=\"lazy\" decoding=\"async\" width=\"1024\" height=\"682\" src=\"https:\/\/www.proamazonia.org\/wp-content\/uploads\/2020\/04\/articulo-sis-2-1024x682.jpg\" alt=\"\" data-id=\"2383\" data-link=\"https:\/\/www.proamazonia.org\/?attachment_id=2383\" class=\"wp-image-2383\" srcset=\"https:\/\/www.proamazonia.org\/ppr\/wp-content\/uploads\/2020\/04\/articulo-sis-2-1024x682.jpg 1024w, https:\/\/www.proamazonia.org\/ppr\/wp-content\/uploads\/2020\/04\/articulo-sis-2-300x200.jpg 300w, https:\/\/www.proamazonia.org\/ppr\/wp-content\/uploads\/2020\/04\/articulo-sis-2-768x512.jpg 768w, https:\/\/www.proamazonia.org\/ppr\/wp-content\/uploads\/2020\/04\/articulo-sis-2-600x400.jpg 600w, https:\/\/www.proamazonia.org\/ppr\/wp-content\/uploads\/2020\/04\/articulo-sis-2.jpg 1280w\" sizes=\"auto, (max-width: 1024px) 100vw, 1024px\" \/><\/figure><\/li><li class=\"blocks-gallery-item\"><figure><img loading=\"lazy\" decoding=\"async\" width=\"1024\" height=\"682\" src=\"https:\/\/www.proamazonia.org\/wp-content\/uploads\/2020\/04\/articulo-sis-3-1024x682.jpg\" alt=\"\" data-id=\"2384\" data-link=\"https:\/\/www.proamazonia.org\/?attachment_id=2384\" class=\"wp-image-2384\" srcset=\"https:\/\/www.proamazonia.org\/ppr\/wp-content\/uploads\/2020\/04\/articulo-sis-3-1024x682.jpg 1024w, https:\/\/www.proamazonia.org\/ppr\/wp-content\/uploads\/2020\/04\/articulo-sis-3-300x200.jpg 300w, https:\/\/www.proamazonia.org\/ppr\/wp-content\/uploads\/2020\/04\/articulo-sis-3-768x512.jpg 768w, https:\/\/www.proamazonia.org\/ppr\/wp-content\/uploads\/2020\/04\/articulo-sis-3-600x400.jpg 600w, https:\/\/www.proamazonia.org\/ppr\/wp-content\/uploads\/2020\/04\/articulo-sis-3.jpg 1280w\" sizes=\"auto, (max-width: 1024px) 100vw, 1024px\" \/><\/figure><\/li><li class=\"blocks-gallery-item\"><figure><img loading=\"lazy\" decoding=\"async\" width=\"1024\" height=\"682\" src=\"https:\/\/www.proamazonia.org\/wp-content\/uploads\/2020\/04\/articulo-sis-4-1024x682.jpg\" alt=\"\" data-id=\"2385\" data-link=\"https:\/\/www.proamazonia.org\/?attachment_id=2385\" class=\"wp-image-2385\" srcset=\"https:\/\/www.proamazonia.org\/ppr\/wp-content\/uploads\/2020\/04\/articulo-sis-4-1024x682.jpg 1024w, https:\/\/www.proamazonia.org\/ppr\/wp-content\/uploads\/2020\/04\/articulo-sis-4-300x200.jpg 300w, https:\/\/www.proamazonia.org\/ppr\/wp-content\/uploads\/2020\/04\/articulo-sis-4-768x512.jpg 768w, https:\/\/www.proamazonia.org\/ppr\/wp-content\/uploads\/2020\/04\/articulo-sis-4-600x400.jpg 600w, https:\/\/www.proamazonia.org\/ppr\/wp-content\/uploads\/2020\/04\/articulo-sis-4.jpg 1280w\" sizes=\"auto, (max-width: 1024px) 100vw, 1024px\" \/><\/figure><\/li><\/ul>\r\n\r\n\r\n\r\n<p>Las salvaguardas son las reglas de juego que deben\r\nconsiderar los pa\u00edses que implementan REDD+ &nbsp;por un lado para mitigar riesgos sociales o\r\nambientales que podr\u00edan derivarse de la implementaci\u00f3n de actividades REDD+; y\r\npor otro para potenciar beneficios asociados a la reducci\u00f3n de la deforestaci\u00f3n\r\ny degradaci\u00f3n de los ecosistemas boscosos. La creaci\u00f3n de un sistema de\r\ninformaci\u00f3n que permita a los pa\u00edses reportar, &nbsp;y verificar el abordaje y respeto de las\r\nsalvaguardas es una prioridad de la regi\u00f3n, especialmente para garantizar que REDD+\r\nest\u00e1 cumpliendo con los preceptos establecidos en los compromisos abordados en\r\nel marco de la CMNUCC. <\/p>\r\n\r\n\r\n\r\n<p>El evento cont\u00f3 con la participaci\u00f3n de varios pa\u00edses de la regi\u00f3n: Ecuador, Chile, Costa Rica, Paraguay y M\u00e9xico; asi como con varios delegados nacionales pertenecientes a diversas instituciones del sector p\u00fablico, sociedad civil, organizaciones ind\u00edgenas y sector acad\u00e9mico. Daysy C\u00e1rdenas delegada de la Direcci\u00f3n Nacional de Mitigaci\u00f3n de Cambio Clim\u00e1tico del Ministerio de Ambiente (MAE), fue la encargada de dar la bienvenida junto a Fern\u00e1nda G\u00f3nzalez, Oficial de Programa del \u00c1rea de Ambiente y Energ\u00eda del Programa de Naciones Unidas para el Desarrollo (PNUD). Ambas funcionarias destacaron la importancia de implementar las acciones y medidas REDD+ en el marco de las Salvaguardas Ambientales y Sociales, y el reto que significa para el Ecuador y presuntamente para la regi\u00f3n la implementaci\u00f3n de un Sistema de Informaci\u00f3n que permita demostrar con evidencias concretas el abordaje y respeto de las Salvaguardas. El evento cont\u00f3 tambi\u00e9n con la participaci\u00f3n de la expertas regional en Salvaguardas &nbsp;Andrea Camacho del programa UNDP Climate and Forest y la experta global en Salvaguardas Mar\u00eda Victoria Su\u00e1rez del programa ONU REDD.. <\/p>\r\n\r\n\r\n\r\n<ul class=\"wp-block-gallery columns-3 is-cropped wp-block-gallery-2 is-layout-flex wp-block-gallery-is-layout-flex\"><li class=\"blocks-gallery-item\"><figure><img loading=\"lazy\" decoding=\"async\" width=\"1024\" height=\"682\" src=\"https:\/\/www.proamazonia.org\/wp-content\/uploads\/2020\/04\/articulo-sis-5-1024x682.jpg\" alt=\"\" data-id=\"2386\" data-link=\"https:\/\/www.proamazonia.org\/?attachment_id=2386\" class=\"wp-image-2386\" srcset=\"https:\/\/www.proamazonia.org\/ppr\/wp-content\/uploads\/2020\/04\/articulo-sis-5-1024x682.jpg 1024w, https:\/\/www.proamazonia.org\/ppr\/wp-content\/uploads\/2020\/04\/articulo-sis-5-300x200.jpg 300w, https:\/\/www.proamazonia.org\/ppr\/wp-content\/uploads\/2020\/04\/articulo-sis-5-768x512.jpg 768w, https:\/\/www.proamazonia.org\/ppr\/wp-content\/uploads\/2020\/04\/articulo-sis-5-600x400.jpg 600w, https:\/\/www.proamazonia.org\/ppr\/wp-content\/uploads\/2020\/04\/articulo-sis-5.jpg 1280w\" sizes=\"auto, (max-width: 1024px) 100vw, 1024px\" \/><\/figure><\/li><li class=\"blocks-gallery-item\"><figure><img loading=\"lazy\" decoding=\"async\" width=\"1024\" height=\"682\" src=\"https:\/\/www.proamazonia.org\/wp-content\/uploads\/2020\/04\/articulo-sis-6-1024x682.jpg\" alt=\"\" data-id=\"2387\" data-link=\"https:\/\/www.proamazonia.org\/?attachment_id=2387\" class=\"wp-image-2387\" srcset=\"https:\/\/www.proamazonia.org\/ppr\/wp-content\/uploads\/2020\/04\/articulo-sis-6-1024x682.jpg 1024w, https:\/\/www.proamazonia.org\/ppr\/wp-content\/uploads\/2020\/04\/articulo-sis-6-300x200.jpg 300w, https:\/\/www.proamazonia.org\/ppr\/wp-content\/uploads\/2020\/04\/articulo-sis-6-768x512.jpg 768w, https:\/\/www.proamazonia.org\/ppr\/wp-content\/uploads\/2020\/04\/articulo-sis-6-600x400.jpg 600w, https:\/\/www.proamazonia.org\/ppr\/wp-content\/uploads\/2020\/04\/articulo-sis-6.jpg 1280w\" sizes=\"auto, (max-width: 1024px) 100vw, 1024px\" \/><\/figure><\/li><li class=\"blocks-gallery-item\"><figure><img loading=\"lazy\" decoding=\"async\" width=\"1024\" height=\"682\" src=\"https:\/\/www.proamazonia.org\/wp-content\/uploads\/2020\/04\/articulo-sis-7-1024x682.jpg\" alt=\"\" data-id=\"2388\" data-link=\"https:\/\/www.proamazonia.org\/?attachment_id=2388\" class=\"wp-image-2388\" srcset=\"https:\/\/www.proamazonia.org\/ppr\/wp-content\/uploads\/2020\/04\/articulo-sis-7-1024x682.jpg 1024w, https:\/\/www.proamazonia.org\/ppr\/wp-content\/uploads\/2020\/04\/articulo-sis-7-300x200.jpg 300w, https:\/\/www.proamazonia.org\/ppr\/wp-content\/uploads\/2020\/04\/articulo-sis-7-768x512.jpg 768w, https:\/\/www.proamazonia.org\/ppr\/wp-content\/uploads\/2020\/04\/articulo-sis-7-600x400.jpg 600w, https:\/\/www.proamazonia.org\/ppr\/wp-content\/uploads\/2020\/04\/articulo-sis-7.jpg 1280w\" sizes=\"auto, (max-width: 1024px) 100vw, 1024px\" \/><\/figure><\/li><\/ul>\r\n\r\n\r\n\r\n<p>Francisco Moreno, Gerente de\r\ninformaci\u00f3n forestal de la Comisi\u00f3n Nacional Forestal de M\u00e9xico, uno de los\r\nexpositores, sostuvo&nbsp;<em>\u201cUno de los principales logros es la comprensi\u00f3n y\r\nla interpretaci\u00f3n de las salvaguardas REDD+ en M\u00e9xico\u201d. <\/em>De igual manera,\r\nEcuador, Chile, Paraguay y Costa Rica sostuvieron la importancia de la\r\ninterpretaci\u00f3n nacional de Salvaguardas, sin embargo, se identific\u00f3 que estos\r\npostulados deben ser constantemente revisados y actualizados, debido al\r\ncontexto nacional e internacional de todos los pa\u00edses, que cambia\r\nconstantemente tanto en materia de Pol\u00edticas, Leyes y Regulaciones vinculadas a\r\nlas Salvaguardas REDD+..Durante la actividad se pudo conocer sobre\r\nexperiencias exitosas y lecciones aprendidas de la regi\u00f3n relacionadas especialmente\r\nal dise\u00f1o del Sistemas de Informaci\u00f3n de Salvaguardas, y se identificaron\r\ninsumos, herramientas y recomendaciones valiosas para la fase de implementaci\u00f3n\r\ndel SIS. Adem\u00e1s, durante el evento se realiz\u00f3 el an\u00e1lisis de las metodolog\u00edas\r\nempleadas por cada pa\u00eds para la recolecci\u00f3n de informaci\u00f3n, su verificaci\u00f3n y\r\nsu publicaci\u00f3n en plataformas digitales. El evento fue una oportunidad para el\r\nEcuador, pues inici\u00f3 el camino para establecerlazos de colaboraci\u00f3n con pa\u00edses\r\nhermanos y definir a futuro &nbsp;una hoja\r\nruta para iniciar fortalecer la construcci\u00f3n del &nbsp;Sistema de Informaci\u00f3n de Salvaguardas del\r\npa\u00eds.<\/p>\r\n\r\n\r\n\r\n<hr class=\"wp-block-separator\"\/>\r\n\r\n\r\n\r\n<p><\/p>","protected":false},"excerpt":{"rendered":"<p>El SIS &nbsp;es un requisito indispensable que deben cumplir los pa\u00edses que implementan REDD+ para acceder a financiamiento. Nuestro pa\u00eds pudo establecer lazos de colaboraci\u00f3n con pa\u00edses hermanos y establecer una hoja ruta que se aplicar\u00e1 en el futuro para conformar un grupo colaborativo especializado en salvaguardas y sistemas de informaci\u00f3n de salvaguardas.. Pichincha.-&nbsp;El 21 y 22 de enero del 2020, se llev\u00f3 a cabo en Quito, el Primer \u201cEncuentro Internacional de Intercambio de Experiencias relacionado con Sistemas de Informaci\u00f3n de Salvaguardas\u201d,&nbsp; requisito indispensable que deben cumplir los pa\u00edses para acceder a financiamiento relacionado a la implementaci\u00f3n de acciones y medidas en el marco de las iniciativas de Reducci\u00f3n de Emisiones por Deforestaci\u00f3n y Degradaci\u00f3n (REDD+).. Las salvaguardas son las reglas de juego que deben considerar los pa\u00edses que implementan REDD+ &nbsp;por un lado para mitigar riesgos sociales o ambientales que podr\u00edan derivarse de la implementaci\u00f3n de actividades REDD+; y por otro para potenciar beneficios asociados a la reducci\u00f3n de la deforestaci\u00f3n y degradaci\u00f3n de los ecosistemas boscosos. La creaci\u00f3n de un sistema de informaci\u00f3n que permita a los pa\u00edses reportar, &nbsp;y verificar el abordaje y respeto de las salvaguardas es una prioridad de la regi\u00f3n, especialmente para garantizar que [&hellip;]<\/p>\n","protected":false},"author":2,"featured_media":2382,"comment_status":"open","ping_status":"open","sticky":false,"template":"","format":"standard","meta":{"_uf_show_specific_survey":0,"_uf_disable_surveys":false,"footnotes":""},"categories":[27],"tags":[],"class_list":["post-2381","post","type-post","status-publish","format-standard","has-post-thumbnail","hentry","category-redd"],"aioseo_notices":[],"_links":{"self":[{"href":"https:\/\/www.proamazonia.org\/ppr\/wp-json\/wp\/v2\/posts\/2381","targetHints":{"allow":["GET"]}}],"collection":[{"href":"https:\/\/www.proamazonia.org\/ppr\/wp-json\/wp\/v2\/posts"}],"about":[{"href":"https:\/\/www.proamazonia.org\/ppr\/wp-json\/wp\/v2\/types\/post"}],"author":[{"embeddable":true,"href":"https:\/\/www.proamazonia.org\/ppr\/wp-json\/wp\/v2\/users\/2"}],"replies":[{"embeddable":true,"href":"https:\/\/www.proamazonia.org\/ppr\/wp-json\/wp\/v2\/comments?post=2381"}],"version-history":[{"count":3,"href":"https:\/\/www.proamazonia.org\/ppr\/wp-json\/wp\/v2\/posts\/2381\/revisions"}],"predecessor-version":[{"id":4098,"href":"https:\/\/www.proamazonia.org\/ppr\/wp-json\/wp\/v2\/posts\/2381\/revisions\/4098"}],"wp:featuredmedia":[{"embeddable":true,"href":"https:\/\/www.proamazonia.org\/ppr\/wp-json\/wp\/v2\/media\/2382"}],"wp:attachment":[{"href":"https:\/\/www.proamazonia.org\/ppr\/wp-json\/wp\/v2\/media?parent=2381"}],"wp:term":[{"taxonomy":"category","embeddable":true,"href":"https:\/\/www.proamazonia.org\/ppr\/wp-json\/wp\/v2\/categories?post=2381"},{"taxonomy":"post_tag","embeddable":true,"href":"https:\/\/www.proamazonia.org\/ppr\/wp-json\/wp\/v2\/tags?post=2381"}],"curies":[{"name":"wp","href":"https:\/\/api.w.org\/{rel}","templated":true}]}}