{"id":2391,"date":"2020-04-03T17:07:03","date_gmt":"2020-04-03T15:07:03","guid":{"rendered":"https:\/\/www.proamazonia.org\/?p=2391"},"modified":"2020-12-12T18:34:46","modified_gmt":"2020-12-12T23:34:46","slug":"funcionarios-del-ministerio-del-ambiente-ministerio-de-agricultura-y-ganaderia-y-de-la-empresa-verdecanande-intercambiaron-experiencias-en-manejo-forestal-sostenible","status":"publish","type":"post","link":"https:\/\/www.proamazonia.org\/ppr\/funcionarios-del-ministerio-del-ambiente-ministerio-de-agricultura-y-ganaderia-y-de-la-empresa-verdecanande-intercambiaron-experiencias-en-manejo-forestal-sostenible\/","title":{"rendered":"Funcionarios del Ministerio del Ambiente, Ministerio de Agricultura y Ganader\u00eda, y de la empresa Verdecanand\u00e9, intercambiaron experiencias en Manejo Forestal Sostenible."},"content":{"rendered":"<div class=\"wp-block-image\"><figure class=\"alignright is-resized\"><img loading=\"lazy\" decoding=\"async\" src=\"https:\/\/www.proamazonia.org\/wp-content\/uploads\/2020\/04\/Articulo-verde-canada-6-682x1024.jpg\" alt=\"\" class=\"wp-image-2397\" width=\"249\" height=\"372\"\/><\/figure><\/div>\r\n\r\n\r\n\r\n<p>Dos jornadas de intercambio de experiencias y fortalecimiento de capacidades en Manejo Forestal Sostenible (MFS) se llevaron a cabo entre la empresa Verdecanand\u00e9 y los asesores forestales y verificadores forestales de la Direcci\u00f3n Nacional Forestal del Ministerio del Ambiente (MAE), as\u00ed como con los t\u00e9cnicos de la Subsecretar\u00eda de Producci\u00f3n Forestal y del proyecto de la Agenda de Transformaci\u00f3n Productiva Amaz\u00f3nica (ATPA) del Ministerio de Agricultura y Ganader\u00eda (MAG), en el marco del convenio institucional firmado en marzo del 2019, entre el MAE y la empresa Verdecanand\u00e9. Dicho convenio tiene el objeto de contribuir a los esfuerzos nacionales para la reducci\u00f3n de la deforestaci\u00f3n, degradaci\u00f3n de bosques naturales y mitigaci\u00f3n del cambio clim\u00e1tico, mediante la implementaci\u00f3n de un Modelo de Gesti\u00f3n Forestal Sostenible en las zonas donde opera Verdecanand\u00e9. <\/p>\r\n\r\n\r\n\r\n<p>45 t\u00e9cnicos participaron\r\nen las jornadas, las cuales se desarrollaron en el \u00e1rea de operaci\u00f3n de la\r\nempresa, ubicada en el recinto Crist\u00f3bal Col\u00f3n, parroquia Malimpia, cant\u00f3n\r\nQuinind\u00e9, provincia de Esmeraldas. Se trataron temas relevantes de MFS como, elaboraci\u00f3n\r\nde plan de manejo integral, t\u00e9cnicas de reducci\u00f3n de impactos de la actividad\r\nforestal, monitoreo post-aprovechamiento, industrializaci\u00f3n, manejo de\r\nplantaciones y certificaci\u00f3n forestal. La primera jornada se realiz\u00f3 entre el\r\n05 y 09 de noviembre, la siguiente tuvo lugar entre el 18 y 22 del mismo mes. <\/p>\r\n\r\n\r\n\r\n<p>La experiencia incluy\u00f3 secciones te\u00f3ricas y pr\u00e1cticas, con visitas al bosque nativo y a sistemas agroforestales de balsa y palma aceitera, as\u00ed como la plantaci\u00f3n de balsa de Verdecanand\u00e9. En la Reserva \u201cTesoro Escondido\u201d, donde a\u00f1os atr\u00e1s se realiz\u00f3 un aprovechamiento forestal de bajo impacto; se analizaron t\u00e9cnicas como la tala dirigida, el aserr\u00edo con maquinar\u00eda especializada, y el transporte de los tablones mediante cables a\u00e9reos. Se apreci\u00f3 la recuperaci\u00f3n del bosque luego de la intervenci\u00f3n realizada y el monitoreo que realiza la empresa mediante el establecimiento de parcelas permanentes. Se ejecutaron pr\u00e1cticas de campo para determinar la posibilidad silv\u00edcola post-aprovechamiento y las mejores pr\u00e1cticas silviculturales, en base a muestreos de diagn\u00f3stico, remanentes y silviculturales.<\/p>\r\n\r\n\r\n\r\n<ul class=\"wp-block-gallery columns-3 is-cropped wp-block-gallery-1 is-layout-flex wp-block-gallery-is-layout-flex\"><li class=\"blocks-gallery-item\"><figure><img loading=\"lazy\" decoding=\"async\" width=\"1024\" height=\"682\" src=\"https:\/\/www.proamazonia.org\/wp-content\/uploads\/2020\/04\/Articulo-verde-canada-1-1024x682.jpg\" alt=\"\" data-id=\"2392\" data-link=\"https:\/\/www.proamazonia.org\/?attachment_id=2392\" class=\"wp-image-2392\" srcset=\"https:\/\/www.proamazonia.org\/ppr\/wp-content\/uploads\/2020\/04\/Articulo-verde-canada-1-1024x682.jpg 1024w, https:\/\/www.proamazonia.org\/ppr\/wp-content\/uploads\/2020\/04\/Articulo-verde-canada-1-300x200.jpg 300w, https:\/\/www.proamazonia.org\/ppr\/wp-content\/uploads\/2020\/04\/Articulo-verde-canada-1-768x512.jpg 768w, https:\/\/www.proamazonia.org\/ppr\/wp-content\/uploads\/2020\/04\/Articulo-verde-canada-1-600x400.jpg 600w, https:\/\/www.proamazonia.org\/ppr\/wp-content\/uploads\/2020\/04\/Articulo-verde-canada-1.jpg 1280w\" sizes=\"auto, (max-width: 1024px) 100vw, 1024px\" \/><\/figure><\/li><li class=\"blocks-gallery-item\"><figure><img loading=\"lazy\" decoding=\"async\" width=\"1024\" height=\"682\" src=\"https:\/\/www.proamazonia.org\/wp-content\/uploads\/2020\/04\/Articulo-verde-canada-2-1024x682.jpg\" alt=\"\" data-id=\"2393\" data-link=\"https:\/\/www.proamazonia.org\/?attachment_id=2393\" class=\"wp-image-2393\" srcset=\"https:\/\/www.proamazonia.org\/ppr\/wp-content\/uploads\/2020\/04\/Articulo-verde-canada-2-1024x682.jpg 1024w, https:\/\/www.proamazonia.org\/ppr\/wp-content\/uploads\/2020\/04\/Articulo-verde-canada-2-300x200.jpg 300w, https:\/\/www.proamazonia.org\/ppr\/wp-content\/uploads\/2020\/04\/Articulo-verde-canada-2-768x512.jpg 768w, https:\/\/www.proamazonia.org\/ppr\/wp-content\/uploads\/2020\/04\/Articulo-verde-canada-2-600x400.jpg 600w, https:\/\/www.proamazonia.org\/ppr\/wp-content\/uploads\/2020\/04\/Articulo-verde-canada-2.jpg 1280w\" sizes=\"auto, (max-width: 1024px) 100vw, 1024px\" \/><\/figure><\/li><li class=\"blocks-gallery-item\"><figure><img loading=\"lazy\" decoding=\"async\" width=\"1024\" height=\"682\" src=\"https:\/\/www.proamazonia.org\/wp-content\/uploads\/2020\/04\/Articulo-verde-canada-3-1024x682.jpg\" alt=\"\" data-id=\"2394\" data-link=\"https:\/\/www.proamazonia.org\/?attachment_id=2394\" class=\"wp-image-2394\" srcset=\"https:\/\/www.proamazonia.org\/ppr\/wp-content\/uploads\/2020\/04\/Articulo-verde-canada-3-1024x682.jpg 1024w, https:\/\/www.proamazonia.org\/ppr\/wp-content\/uploads\/2020\/04\/Articulo-verde-canada-3-300x200.jpg 300w, https:\/\/www.proamazonia.org\/ppr\/wp-content\/uploads\/2020\/04\/Articulo-verde-canada-3-768x512.jpg 768w, https:\/\/www.proamazonia.org\/ppr\/wp-content\/uploads\/2020\/04\/Articulo-verde-canada-3-600x400.jpg 600w, https:\/\/www.proamazonia.org\/ppr\/wp-content\/uploads\/2020\/04\/Articulo-verde-canada-3.jpg 1280w\" sizes=\"auto, (max-width: 1024px) 100vw, 1024px\" \/><\/figure><\/li><\/ul>\r\n\r\n\r\n\r\n<p>Adem\u00e1s, se visit\u00f3 la\r\nplanta de la empresa, en la cual se observ\u00f3 la recepci\u00f3n y procesamiento de la\r\nbalsa para la comercializaci\u00f3n, as\u00ed como la secci\u00f3n de procesamiento de maderas\r\nduras, correspondientes a diversas especies de la localidad que cuentan ya con\r\ndemanda a nivel internacional. El establecimiento de la planta ha generado\r\nalrededor de 70 fuentes de empleo directo a los miembros de la comunidad,\r\nincluyendo mujeres que cumplen funciones de jefaturas de \u00e1rea. <\/p>\r\n\r\n\r\n\r\n<p>Verdecanand\u00e9 S.A. es una empresa forestal conformada con inversionistas privados y comunitarios, se ubica en la zona de amortiguamiento de la reserva Cotacachi \u2013 Cayapas en el Choc\u00f3 Ecuatoriano y tiene como objetivos lograr la conservaci\u00f3n de bosques y fortalecer la econom\u00eda local mediante el manejo forestal sostenible. <\/p>\r\n\r\n\r\n\r\n<p>La jornada concluy\u00f3\r\ncon el compromiso de los participantes para fomentar y replicar lo aprendido en\r\nel cumplimiento de sus actividades profesionales. Fueron jornadas de\r\naprendizaje mutuo y articulaci\u00f3n. &nbsp;<\/p>\r\n\r\n\r\n\r\n<p>Este intercambio de experiencias cuenta con el apoyo del Programa Integral Amaz\u00f3nico de Conservaci\u00f3n de Bosques y Producci\u00f3n Sostenible (PROAmazon\u00eda), el cual trabaja junto a MAE y MAG para promover la conservaci\u00f3n de los bosques y reducir la deforestaci\u00f3n en la Amazon\u00eda ecuatoriana.<\/p>\r\n\r\n\r\n\r\n<ul class=\"wp-block-gallery columns-3 is-cropped wp-block-gallery-2 is-layout-flex wp-block-gallery-is-layout-flex\"><li class=\"blocks-gallery-item\"><figure><img loading=\"lazy\" decoding=\"async\" width=\"1024\" height=\"682\" src=\"https:\/\/www.proamazonia.org\/wp-content\/uploads\/2020\/04\/Articulo-verde-canada-5-1024x682.jpg\" alt=\"\" data-id=\"2396\" data-link=\"https:\/\/www.proamazonia.org\/?attachment_id=2396\" class=\"wp-image-2396\" srcset=\"https:\/\/www.proamazonia.org\/ppr\/wp-content\/uploads\/2020\/04\/Articulo-verde-canada-5-1024x682.jpg 1024w, https:\/\/www.proamazonia.org\/ppr\/wp-content\/uploads\/2020\/04\/Articulo-verde-canada-5-300x200.jpg 300w, https:\/\/www.proamazonia.org\/ppr\/wp-content\/uploads\/2020\/04\/Articulo-verde-canada-5-768x512.jpg 768w, https:\/\/www.proamazonia.org\/ppr\/wp-content\/uploads\/2020\/04\/Articulo-verde-canada-5-600x400.jpg 600w, https:\/\/www.proamazonia.org\/ppr\/wp-content\/uploads\/2020\/04\/Articulo-verde-canada-5.jpg 1280w\" sizes=\"auto, (max-width: 1024px) 100vw, 1024px\" \/><\/figure><\/li><li class=\"blocks-gallery-item\"><figure><img loading=\"lazy\" decoding=\"async\" width=\"1024\" height=\"682\" src=\"https:\/\/www.proamazonia.org\/wp-content\/uploads\/2020\/04\/Articulo-verde-canada-7-1024x682.jpg\" alt=\"\" data-id=\"2398\" data-link=\"https:\/\/www.proamazonia.org\/?attachment_id=2398\" class=\"wp-image-2398\" srcset=\"https:\/\/www.proamazonia.org\/ppr\/wp-content\/uploads\/2020\/04\/Articulo-verde-canada-7-1024x682.jpg 1024w, https:\/\/www.proamazonia.org\/ppr\/wp-content\/uploads\/2020\/04\/Articulo-verde-canada-7-300x200.jpg 300w, https:\/\/www.proamazonia.org\/ppr\/wp-content\/uploads\/2020\/04\/Articulo-verde-canada-7-768x512.jpg 768w, https:\/\/www.proamazonia.org\/ppr\/wp-content\/uploads\/2020\/04\/Articulo-verde-canada-7-600x400.jpg 600w, https:\/\/www.proamazonia.org\/ppr\/wp-content\/uploads\/2020\/04\/Articulo-verde-canada-7.jpg 1280w\" sizes=\"auto, (max-width: 1024px) 100vw, 1024px\" \/><\/figure><\/li><li class=\"blocks-gallery-item\"><figure><img loading=\"lazy\" decoding=\"async\" width=\"1024\" height=\"682\" src=\"https:\/\/www.proamazonia.org\/wp-content\/uploads\/2020\/04\/Articulo-verde-canada-9-1024x682.jpg\" alt=\"\" data-id=\"2400\" data-link=\"https:\/\/www.proamazonia.org\/?attachment_id=2400\" class=\"wp-image-2400\" srcset=\"https:\/\/www.proamazonia.org\/ppr\/wp-content\/uploads\/2020\/04\/Articulo-verde-canada-9-1024x682.jpg 1024w, https:\/\/www.proamazonia.org\/ppr\/wp-content\/uploads\/2020\/04\/Articulo-verde-canada-9-300x200.jpg 300w, https:\/\/www.proamazonia.org\/ppr\/wp-content\/uploads\/2020\/04\/Articulo-verde-canada-9-768x512.jpg 768w, https:\/\/www.proamazonia.org\/ppr\/wp-content\/uploads\/2020\/04\/Articulo-verde-canada-9-600x400.jpg 600w, https:\/\/www.proamazonia.org\/ppr\/wp-content\/uploads\/2020\/04\/Articulo-verde-canada-9.jpg 1280w\" sizes=\"auto, (max-width: 1024px) 100vw, 1024px\" \/><\/figure><\/li><li class=\"blocks-gallery-item\"><figure><img loading=\"lazy\" decoding=\"async\" width=\"1024\" height=\"682\" src=\"https:\/\/www.proamazonia.org\/wp-content\/uploads\/2020\/04\/Articulo-verde-canada-4-1-1024x682.jpg\" alt=\"\" data-id=\"2406\" data-link=\"https:\/\/www.proamazonia.org\/funcionarios-del-ministerio-del-ambiente-ministerio-de-agricultura-y-ganaderia-y-de-la-empresa-verdecanande-intercambiaron-experiencias-en-manejo-forestal-sostenible\/articulo-verde-canada-4-1\/\" class=\"wp-image-2406\" srcset=\"https:\/\/www.proamazonia.org\/ppr\/wp-content\/uploads\/2020\/04\/Articulo-verde-canada-4-1-1024x682.jpg 1024w, https:\/\/www.proamazonia.org\/ppr\/wp-content\/uploads\/2020\/04\/Articulo-verde-canada-4-1-300x200.jpg 300w, https:\/\/www.proamazonia.org\/ppr\/wp-content\/uploads\/2020\/04\/Articulo-verde-canada-4-1-768x512.jpg 768w, https:\/\/www.proamazonia.org\/ppr\/wp-content\/uploads\/2020\/04\/Articulo-verde-canada-4-1-600x400.jpg 600w, https:\/\/www.proamazonia.org\/ppr\/wp-content\/uploads\/2020\/04\/Articulo-verde-canada-4-1.jpg 1280w\" sizes=\"auto, (max-width: 1024px) 100vw, 1024px\" \/><\/figure><\/li><\/ul>","protected":false},"excerpt":{"rendered":"<p>Dos jornadas de intercambio de experiencias y fortalecimiento de capacidades en Manejo Forestal Sostenible (MFS) se llevaron a cabo entre la empresa Verdecanand\u00e9 y los asesores forestales y verificadores forestales de la Direcci\u00f3n Nacional Forestal del Ministerio del Ambiente (MAE), as\u00ed como con los t\u00e9cnicos de la Subsecretar\u00eda de Producci\u00f3n Forestal y del proyecto de la Agenda de Transformaci\u00f3n Productiva Amaz\u00f3nica (ATPA) del Ministerio de Agricultura y Ganader\u00eda (MAG), en el marco del convenio institucional firmado en marzo del 2019, entre el MAE y la empresa Verdecanand\u00e9. Dicho convenio tiene el objeto de contribuir a los esfuerzos nacionales para la reducci\u00f3n de la deforestaci\u00f3n, degradaci\u00f3n de bosques naturales y mitigaci\u00f3n del cambio clim\u00e1tico, mediante la implementaci\u00f3n de un Modelo de Gesti\u00f3n Forestal Sostenible en las zonas donde opera Verdecanand\u00e9. 45 t\u00e9cnicos participaron en las jornadas, las cuales se desarrollaron en el \u00e1rea de operaci\u00f3n de la empresa, ubicada en el recinto Crist\u00f3bal Col\u00f3n, parroquia Malimpia, cant\u00f3n Quinind\u00e9, provincia de Esmeraldas. Se trataron temas relevantes de MFS como, elaboraci\u00f3n de plan de manejo integral, t\u00e9cnicas de reducci\u00f3n de impactos de la actividad forestal, monitoreo post-aprovechamiento, industrializaci\u00f3n, manejo de plantaciones y certificaci\u00f3n forestal. La primera jornada se realiz\u00f3 entre el 05 y [&hellip;]<\/p>\n","protected":false},"author":2,"featured_media":2401,"comment_status":"open","ping_status":"open","sticky":false,"template":"","format":"standard","meta":{"_uf_show_specific_survey":0,"_uf_disable_surveys":false,"footnotes":""},"categories":[26],"tags":[],"class_list":["post-2391","post","type-post","status-publish","format-standard","has-post-thumbnail","hentry","category-conservacion-de-bosques"],"aioseo_notices":[],"_links":{"self":[{"href":"https:\/\/www.proamazonia.org\/ppr\/wp-json\/wp\/v2\/posts\/2391","targetHints":{"allow":["GET"]}}],"collection":[{"href":"https:\/\/www.proamazonia.org\/ppr\/wp-json\/wp\/v2\/posts"}],"about":[{"href":"https:\/\/www.proamazonia.org\/ppr\/wp-json\/wp\/v2\/types\/post"}],"author":[{"embeddable":true,"href":"https:\/\/www.proamazonia.org\/ppr\/wp-json\/wp\/v2\/users\/2"}],"replies":[{"embeddable":true,"href":"https:\/\/www.proamazonia.org\/ppr\/wp-json\/wp\/v2\/comments?post=2391"}],"version-history":[{"count":5,"href":"https:\/\/www.proamazonia.org\/ppr\/wp-json\/wp\/v2\/posts\/2391\/revisions"}],"predecessor-version":[{"id":4097,"href":"https:\/\/www.proamazonia.org\/ppr\/wp-json\/wp\/v2\/posts\/2391\/revisions\/4097"}],"wp:featuredmedia":[{"embeddable":true,"href":"https:\/\/www.proamazonia.org\/ppr\/wp-json\/wp\/v2\/media\/2401"}],"wp:attachment":[{"href":"https:\/\/www.proamazonia.org\/ppr\/wp-json\/wp\/v2\/media?parent=2391"}],"wp:term":[{"taxonomy":"category","embeddable":true,"href":"https:\/\/www.proamazonia.org\/ppr\/wp-json\/wp\/v2\/categories?post=2391"},{"taxonomy":"post_tag","embeddable":true,"href":"https:\/\/www.proamazonia.org\/ppr\/wp-json\/wp\/v2\/tags?post=2391"}],"curies":[{"name":"wp","href":"https:\/\/api.w.org\/{rel}","templated":true}]}}