{"id":2471,"date":"2020-04-23T02:34:19","date_gmt":"2020-04-23T00:34:19","guid":{"rendered":"https:\/\/www.proamazonia.org\/?p=2471"},"modified":"2020-12-12T18:32:12","modified_gmt":"2020-12-12T23:32:12","slug":"proamazonia-lanza-concurso-de-foto-y-pintura-para-promover-la-conservacion-de-los-bosques-y-produccion-sostenible","status":"publish","type":"post","link":"https:\/\/www.proamazonia.org\/ppr\/proamazonia-lanza-concurso-de-foto-y-pintura-para-promover-la-conservacion-de-los-bosques-y-produccion-sostenible\/","title":{"rendered":"\u00daltimos d\u00edas de inscripci\u00f3n para participar en nuestro concurso de fotograf\u00eda de conservaci\u00f3n de bosques y producci\u00f3n sostenible"},"content":{"rendered":"<p>Los Ministerios del Ambiente y Agricultura y Ganader\u00eda a trav\u00e9s de\r\nPROAmazon\u00eda se unen a la conmemoraci\u00f3n del D\u00eda de la Tierra. Este 22 de abril,\r\nla ciudadan\u00eda recuerda la importancia de la responsabilidad colectiva para\r\nfomentar la armon\u00eda entre el ser humano y la naturaleza. <\/p>\r\n\r\n\r\n\r\n<p>El \u201cD\u00eda de la Tierra\u201d se instaur\u00f3 para crear una conciencia sobre los\r\nproblemas de cambio clim\u00e1tico, superpoblaci\u00f3n, contaminaci\u00f3n, conservaci\u00f3n de\r\nla biodiversidad y otras preocupaciones ambientales. En este contexto, PROAmazon\u00eda\r\npromueve el fortalecimiento de capacidades y el involucramiento de actores para\r\npromover la mitigaci\u00f3n del cambio clim\u00e1tico a trav\u00e9s de la conservaci\u00f3n de los\r\nbosques y producci\u00f3n sostenible mediante un concurso de foto y pintura dirigido\r\na los sectores productivos, sociedad civil y a la ciudadan\u00eda.<\/p>\r\n\r\n\r\n\r\n<p>El concurso propone\r\ntres categor\u00edas: producci\u00f3n sostenible; conservaci\u00f3n de bosques y consumo\r\nresponsable.&nbsp; As\u00ed tambi\u00e9n, establece\r\npremios simb\u00f3licos para los participantes que se sumen a esta iniciativa. Los\r\ninteresados pueden descargar las bases de participaci\u00f3n en la secci\u00f3n de\r\nbiblioteca en <a href=\"http:\/\/www.proamazonia.org\">www.proamazonia.org<\/a> y presentar sus trabajos hasta el 22\r\nde mayo de 2020.<\/p>\r\n\r\n\r\n\r\n<p>Hoy, m\u00e1s que nunca, se necesita un cambio de pensamiento hacia una econom\u00eda\r\nm\u00e1s sostenible que funcione tanto para las personas como para el planeta. En el\r\n\u201cD\u00eda de la Tierra\u201d, PROAmazon\u00eda reafirma su compromiso por disminuir la\r\ndeforestaci\u00f3n en el pa\u00eds. El Ecuador es uno de los pa\u00edses pioneros en acciones REDD+ para conservar\r\nsu bosque nativo y contribuir al almacenamiento de carbono evitando emisiones\r\nde gases de efecto invernadero a la atm\u00f3sfera.<\/p>\r\n\r\n\r\n\r\n<p>PROAmazon\u00eda es el Programa Integral\r\nAmaz\u00f3nico de Conservaci\u00f3n de Bosques y Producci\u00f3n Sostenible de los Ministerios\r\ndel Ambiente y de Agricultura y Ganader\u00eda, el Programa de Naciones Unidas para\r\nel Desarrollo (PNUD) y &nbsp;financiado por el\r\nFondo Verde para el Clima (GCF) y el Fondo Mundial para el Medio Ambiente (GEF).&nbsp; <\/p>","protected":false},"excerpt":{"rendered":"<p>Los Ministerios del Ambiente y Agricultura y Ganader\u00eda a trav\u00e9s de PROAmazon\u00eda se unen a la conmemoraci\u00f3n del D\u00eda de la Tierra. Este 22 de abril, la ciudadan\u00eda recuerda la importancia de la responsabilidad colectiva para fomentar la armon\u00eda entre el ser humano y la naturaleza. El \u201cD\u00eda de la Tierra\u201d se instaur\u00f3 para crear una conciencia sobre los problemas de cambio clim\u00e1tico, superpoblaci\u00f3n, contaminaci\u00f3n, conservaci\u00f3n de la biodiversidad y otras preocupaciones ambientales. En este contexto, PROAmazon\u00eda promueve el fortalecimiento de capacidades y el involucramiento de actores para promover la mitigaci\u00f3n del cambio clim\u00e1tico a trav\u00e9s de la conservaci\u00f3n de los bosques y producci\u00f3n sostenible mediante un concurso de foto y pintura dirigido a los sectores productivos, sociedad civil y a la ciudadan\u00eda. El concurso propone tres categor\u00edas: producci\u00f3n sostenible; conservaci\u00f3n de bosques y consumo responsable.&nbsp; As\u00ed tambi\u00e9n, establece premios simb\u00f3licos para los participantes que se sumen a esta iniciativa. Los interesados pueden descargar las bases de participaci\u00f3n en la secci\u00f3n de biblioteca en www.proamazonia.org y presentar sus trabajos hasta el 22 de mayo de 2020. Hoy, m\u00e1s que nunca, se necesita un cambio de pensamiento hacia una econom\u00eda m\u00e1s sostenible que funcione tanto para las personas como para el [&hellip;]<\/p>\n","protected":false},"author":2,"featured_media":2472,"comment_status":"open","ping_status":"open","sticky":false,"template":"","format":"standard","meta":{"_uf_show_specific_survey":0,"_uf_disable_surveys":false,"footnotes":""},"categories":[27],"tags":[],"class_list":["post-2471","post","type-post","status-publish","format-standard","has-post-thumbnail","hentry","category-redd"],"aioseo_notices":[],"_links":{"self":[{"href":"https:\/\/www.proamazonia.org\/ppr\/wp-json\/wp\/v2\/posts\/2471","targetHints":{"allow":["GET"]}}],"collection":[{"href":"https:\/\/www.proamazonia.org\/ppr\/wp-json\/wp\/v2\/posts"}],"about":[{"href":"https:\/\/www.proamazonia.org\/ppr\/wp-json\/wp\/v2\/types\/post"}],"author":[{"embeddable":true,"href":"https:\/\/www.proamazonia.org\/ppr\/wp-json\/wp\/v2\/users\/2"}],"replies":[{"embeddable":true,"href":"https:\/\/www.proamazonia.org\/ppr\/wp-json\/wp\/v2\/comments?post=2471"}],"version-history":[{"count":3,"href":"https:\/\/www.proamazonia.org\/ppr\/wp-json\/wp\/v2\/posts\/2471\/revisions"}],"predecessor-version":[{"id":4096,"href":"https:\/\/www.proamazonia.org\/ppr\/wp-json\/wp\/v2\/posts\/2471\/revisions\/4096"}],"wp:featuredmedia":[{"embeddable":true,"href":"https:\/\/www.proamazonia.org\/ppr\/wp-json\/wp\/v2\/media\/2472"}],"wp:attachment":[{"href":"https:\/\/www.proamazonia.org\/ppr\/wp-json\/wp\/v2\/media?parent=2471"}],"wp:term":[{"taxonomy":"category","embeddable":true,"href":"https:\/\/www.proamazonia.org\/ppr\/wp-json\/wp\/v2\/categories?post=2471"},{"taxonomy":"post_tag","embeddable":true,"href":"https:\/\/www.proamazonia.org\/ppr\/wp-json\/wp\/v2\/tags?post=2471"}],"curies":[{"name":"wp","href":"https:\/\/api.w.org\/{rel}","templated":true}]}}