{"id":2479,"date":"2020-05-21T16:14:14","date_gmt":"2020-05-21T14:14:14","guid":{"rendered":"https:\/\/www.proamazonia.org\/?p=2479"},"modified":"2020-12-12T18:29:08","modified_gmt":"2020-12-12T23:29:08","slug":"proamazonia-lanzo-concurso-de-fotografia-y-pintura-para-promover-la-conservacion-de-los-bosques-y-produccion-sostenible","status":"publish","type":"post","link":"https:\/\/www.proamazonia.org\/ppr\/proamazonia-lanzo-concurso-de-fotografia-y-pintura-para-promover-la-conservacion-de-los-bosques-y-produccion-sostenible\/","title":{"rendered":"\u00daltimos d\u00edas de inscripci\u00f3n para participar en nuestro concurso de fotograf\u00eda de conservaci\u00f3n de bosques y producci\u00f3n sostenible"},"content":{"rendered":"<p>Los Ministerios del Ambiente, Agricultura y Ganader\u00eda y el Programa de\r\nNaciones Unidas para el Desarrollo (PNUD) financiado por el Fondo Verde para el\r\nClima (GCF) y el Fondo Mundial para el Medio Ambiente (GEF); a trav\u00e9s de\r\nProamazon\u00eda, e<strong>l Programa Integral Amaz\u00f3nico de Conservaci\u00f3n de Bosques y\r\nProducci\u00f3n Sostenible<\/strong>, se sumaron a la conmemoraci\u00f3n del 22 de abril, <strong>D\u00eda\r\nde la Tierra,<\/strong> fecha en la que la ciudadan\u00eda recuerda la importancia y\r\nnecesidad de fomentar la armon\u00eda entre el ser humano y la naturaleza.<\/p>\r\n\r\n\r\n\r\n<p>El \u201cD\u00eda de la Tierra\u201d se instaur\u00f3 para crear conciencia sobre los\r\nproblemas de cambio clim\u00e1tico, superpoblaci\u00f3n, contaminaci\u00f3n, conservaci\u00f3n de\r\nla biodiversidad entre otros aspectos relacionados a la protecci\u00f3n del medio\r\nambiente. En este contexto, PROAmazon\u00eda promueve el fortalecimiento de\r\ncapacidades y el involucramiento de actores para promover la mitigaci\u00f3n del\r\ncambio clim\u00e1tico; esto gracias a la conservaci\u00f3n de los bosques y producci\u00f3n\r\nsostenible. En esta ocasi\u00f3n, se invit\u00f3 a la ciudadan\u00eda (sectores productivos y\r\nsociedad civil) a participar en una convocatoria para un concurso de fotograf\u00eda\r\ny pintura. <\/p>\r\n\r\n\r\n\r\n<p>El concurso cuenta con tres categor\u00edas: producci\u00f3n sostenible; conservaci\u00f3n de bosques y consumo responsable.\u00a0 Las bases del concurso se publicaron en la p\u00e1gina web: <a href=\"http:\/\/www.proamazonia.org\">www.proamazonia.org<\/a> y los trabajos de los postulantes se receptar\u00e1n hasta el 12 de junio de 2020. Hoy, m\u00e1s que nunca, en el Ecuador y el mundo entero, se necesita un cambio de pensamiento hacia una econom\u00eda m\u00e1s sostenible para los seres humanos y el planeta. Por esto, en el \u201cD\u00eda de la Tierra\u201d, PROAmazon\u00eda reafirma su compromiso por implementar de manera permanente iniciativas para disminuir la deforestaci\u00f3n en el pa\u00eds. <\/p>\r\n\r\n\r\n\r\n<p>El Ecuador, por ejemplo, es uno de los pa\u00edses pioneros en implementar acciones REDD+ para: conservar su bosque nativo, contribuir al almacenamiento de carbono y evitar emisiones de gases de efecto invernadero en la atm\u00f3sfera.<\/p>\r\n\r\n\r\n\r\n<p><strong>Formulario de participaci\u00f3n:<\/strong><\/p>\r\n\r\n\r\n\r\n<p><a href=\"https:\/\/www.proamazonia.org\/wp-content\/uploads\/2020\/05\/Formularios-concurso.docx\">https:\/\/www.proamazonia.org\/wp-content\/uploads\/2020\/05\/Formularios-concurso.docx<\/a><\/p>\r\n\r\n\r\n\r\n<p><strong>Bases del concurso:<\/strong><\/p>\r\n\r\n\r\n\r\n<p><a href=\"https:\/\/www.proamazonia.org\/wp-content\/uploads\/2020\/05\/Bases-del-Concurso-final-ok-junio.docx\">https:\/\/www.proamazonia.org\/wp-content\/uploads\/2020\/05\/Bases-del-Concurso-final-ok-junio.docx<\/a><\/p>","protected":false},"excerpt":{"rendered":"<p>Los Ministerios del Ambiente, Agricultura y Ganader\u00eda y el Programa de Naciones Unidas para el Desarrollo (PNUD) financiado por el Fondo Verde para el Clima (GCF) y el Fondo Mundial para el Medio Ambiente (GEF); a trav\u00e9s de Proamazon\u00eda, el Programa Integral Amaz\u00f3nico de Conservaci\u00f3n de Bosques y Producci\u00f3n Sostenible, se sumaron a la conmemoraci\u00f3n del 22 de abril, D\u00eda de la Tierra, fecha en la que la ciudadan\u00eda recuerda la importancia y necesidad de fomentar la armon\u00eda entre el ser humano y la naturaleza. El \u201cD\u00eda de la Tierra\u201d se instaur\u00f3 para crear conciencia sobre los problemas de cambio clim\u00e1tico, superpoblaci\u00f3n, contaminaci\u00f3n, conservaci\u00f3n de la biodiversidad entre otros aspectos relacionados a la protecci\u00f3n del medio ambiente. En este contexto, PROAmazon\u00eda promueve el fortalecimiento de capacidades y el involucramiento de actores para promover la mitigaci\u00f3n del cambio clim\u00e1tico; esto gracias a la conservaci\u00f3n de los bosques y producci\u00f3n sostenible. En esta ocasi\u00f3n, se invit\u00f3 a la ciudadan\u00eda (sectores productivos y sociedad civil) a participar en una convocatoria para un concurso de fotograf\u00eda y pintura. El concurso cuenta con tres categor\u00edas: producci\u00f3n sostenible; conservaci\u00f3n de bosques y consumo responsable.\u00a0 Las bases del concurso se publicaron en la p\u00e1gina web: www.proamazonia.org y [&hellip;]<\/p>\n","protected":false},"author":2,"featured_media":2532,"comment_status":"open","ping_status":"open","sticky":false,"template":"","format":"standard","meta":{"_uf_show_specific_survey":0,"_uf_disable_surveys":false,"footnotes":""},"categories":[27],"tags":[],"class_list":["post-2479","post","type-post","status-publish","format-standard","has-post-thumbnail","hentry","category-redd"],"aioseo_notices":[],"_links":{"self":[{"href":"https:\/\/www.proamazonia.org\/ppr\/wp-json\/wp\/v2\/posts\/2479","targetHints":{"allow":["GET"]}}],"collection":[{"href":"https:\/\/www.proamazonia.org\/ppr\/wp-json\/wp\/v2\/posts"}],"about":[{"href":"https:\/\/www.proamazonia.org\/ppr\/wp-json\/wp\/v2\/types\/post"}],"author":[{"embeddable":true,"href":"https:\/\/www.proamazonia.org\/ppr\/wp-json\/wp\/v2\/users\/2"}],"replies":[{"embeddable":true,"href":"https:\/\/www.proamazonia.org\/ppr\/wp-json\/wp\/v2\/comments?post=2479"}],"version-history":[{"count":8,"href":"https:\/\/www.proamazonia.org\/ppr\/wp-json\/wp\/v2\/posts\/2479\/revisions"}],"predecessor-version":[{"id":4095,"href":"https:\/\/www.proamazonia.org\/ppr\/wp-json\/wp\/v2\/posts\/2479\/revisions\/4095"}],"wp:featuredmedia":[{"embeddable":true,"href":"https:\/\/www.proamazonia.org\/ppr\/wp-json\/wp\/v2\/media\/2532"}],"wp:attachment":[{"href":"https:\/\/www.proamazonia.org\/ppr\/wp-json\/wp\/v2\/media?parent=2479"}],"wp:term":[{"taxonomy":"category","embeddable":true,"href":"https:\/\/www.proamazonia.org\/ppr\/wp-json\/wp\/v2\/categories?post=2479"},{"taxonomy":"post_tag","embeddable":true,"href":"https:\/\/www.proamazonia.org\/ppr\/wp-json\/wp\/v2\/tags?post=2479"}],"curies":[{"name":"wp","href":"https:\/\/api.w.org\/{rel}","templated":true}]}}