{"id":2491,"date":"2020-05-21T16:52:37","date_gmt":"2020-05-21T14:52:37","guid":{"rendered":"https:\/\/www.proamazonia.org\/?p=2491"},"modified":"2020-12-12T17:51:12","modified_gmt":"2020-12-12T22:51:12","slug":"mejora-el-control-y-trazabilidad-de-la-madera-en-el-pais","status":"publish","type":"post","link":"https:\/\/www.proamazonia.org\/ppr\/mejora-el-control-y-trazabilidad-de-la-madera-en-el-pais\/","title":{"rendered":"Mejora el control y trazabilidad de la madera en el pa\u00eds"},"content":{"rendered":"<p>Cuatro jornadas de capacitaci\u00f3n en dendrolog\u00eda y anatom\u00eda de la madera, se llevaron a cabo desde el 25 de noviembre del 2019 al 14 de marzo del 2020 para la identificaci\u00f3n de especies forestales. La capacitaci\u00f3n fue realizada por PROAmazon\u00eda y se desarroll\u00f3 con funcionarios del Ministerio del Ambiente (MAE). Esta serie de talleres permiti\u00f3 el fortalecimiento de las capacidades de verificadores, asesores y personal t\u00e9cnico de la Direcci\u00f3n Nacional Forestal y de las Direcciones Provinciales de todo el pa\u00eds. As\u00ed tambi\u00e9n, contribuyeron al Proyecto Sistema Nacional de Control Forestal (PSNCF) que contempla el manejo sostenible del bosque articulado con la planificaci\u00f3n territorial local y nacional. <\/p>\r\n\r\n\r\n\r\n<p>El PSNCF se encarga de controlar la movilizaci\u00f3n de productos forestales, en toda la cadena de valor, desde el aprovechamiento en campo de especies maderables, su movilizaci\u00f3n y comercializaci\u00f3n en centros de destinos finales; as\u00ed como, apoyar al control del tr\u00e1fico de vida silvestre y sus elementos constitutivos. Por tal motivo, result\u00f3 fundamental que el personal encargado de realizar estas tareas profundice sus conocimientos y refuerce sus habilidades. \u201c<em>Estamos aprendiendo sobre las caracter\u00edsticas morfol\u00f3gicas de la madera, organol\u00e9pticas. Diferenciamos hojas, cortezas, tallos, entre otras. Elementos muy importantes para la identificaci\u00f3n de especies econ\u00f3micamente rentables en la Amazon\u00eda<\/em>\u201d, manifest\u00f3 Mabel Criollo, Especialista Forestal, responsable de la oficina t\u00e9cnica de Lago Agrio.<\/p>\r\n\r\n\r\n\r\n<ul class=\"wp-block-gallery columns-2 is-cropped wp-block-gallery-1 is-layout-flex wp-block-gallery-is-layout-flex\"><li class=\"blocks-gallery-item\"><figure><img loading=\"lazy\" decoding=\"async\" width=\"1024\" height=\"682\" src=\"https:\/\/www.proamazonia.org\/wp-content\/uploads\/2020\/05\/Forestales-Proamazonia-6-1024x682.jpg\" alt=\"\" data-id=\"2498\" data-link=\"https:\/\/www.proamazonia.org\/?attachment_id=2498\" class=\"wp-image-2498\" srcset=\"https:\/\/www.proamazonia.org\/ppr\/wp-content\/uploads\/2020\/05\/Forestales-Proamazonia-6-1024x682.jpg 1024w, https:\/\/www.proamazonia.org\/ppr\/wp-content\/uploads\/2020\/05\/Forestales-Proamazonia-6-300x200.jpg 300w, https:\/\/www.proamazonia.org\/ppr\/wp-content\/uploads\/2020\/05\/Forestales-Proamazonia-6-768x512.jpg 768w, https:\/\/www.proamazonia.org\/ppr\/wp-content\/uploads\/2020\/05\/Forestales-Proamazonia-6-600x400.jpg 600w, https:\/\/www.proamazonia.org\/ppr\/wp-content\/uploads\/2020\/05\/Forestales-Proamazonia-6.jpg 1280w\" sizes=\"auto, (max-width: 1024px) 100vw, 1024px\" \/><\/figure><\/li><li class=\"blocks-gallery-item\"><figure><img loading=\"lazy\" decoding=\"async\" width=\"1024\" height=\"682\" src=\"https:\/\/www.proamazonia.org\/wp-content\/uploads\/2020\/05\/Forestales-Proamazonia-5-1024x682.jpg\" alt=\"\" data-id=\"2497\" data-link=\"https:\/\/www.proamazonia.org\/?attachment_id=2497\" class=\"wp-image-2497\" srcset=\"https:\/\/www.proamazonia.org\/ppr\/wp-content\/uploads\/2020\/05\/Forestales-Proamazonia-5-1024x682.jpg 1024w, https:\/\/www.proamazonia.org\/ppr\/wp-content\/uploads\/2020\/05\/Forestales-Proamazonia-5-300x200.jpg 300w, https:\/\/www.proamazonia.org\/ppr\/wp-content\/uploads\/2020\/05\/Forestales-Proamazonia-5-768x512.jpg 768w, https:\/\/www.proamazonia.org\/ppr\/wp-content\/uploads\/2020\/05\/Forestales-Proamazonia-5-600x400.jpg 600w, https:\/\/www.proamazonia.org\/ppr\/wp-content\/uploads\/2020\/05\/Forestales-Proamazonia-5.jpg 1280w\" sizes=\"auto, (max-width: 1024px) 100vw, 1024px\" \/><\/figure><\/li><\/ul>\r\n\r\n\r\n\r\n<p>Un\r\ntotal de 140 t\u00e9cnicos del Ministerio de Ambiente del Ecuador, participaron en\r\nlas jornadas de capacitaci\u00f3n, divididos en grupos, para asegurar\r\nmetodol\u00f3gicamente el aprendizaje. En total fueron 384 horas de capacitaci\u00f3n. El\r\nm\u00f3dulo dendrol\u00f3gico se imparti\u00f3 dentro de la reserva privada Jatun Sacha, administrada\r\npor la fundaci\u00f3n del mismo nombre, mientras qu\u00e9, el m\u00f3dulo de anatom\u00eda de la\r\nmadera &nbsp;se desarroll\u00f3 en una hoster\u00eda\r\nubicada en la parroquia de Misahuall\u00ed, cant\u00f3n Tena, provincia de Napo. <\/p>\r\n\r\n\r\n\r\n<p>La capacitaci\u00f3n\r\ndendrol\u00f3gica abarc\u00f3 53 especies maderables y no maderables, y se realiz\u00f3 una\r\nrevisi\u00f3n de la organograf\u00eda vegetal y de la clasificaci\u00f3n bot\u00e1nica. Adem\u00e1s, se\r\ndetall\u00f3 las caracter\u00edsticas dendrol\u00f3gicas de las especies forestales maderables\r\ny no maderables, entre las que constan: la base del tronco (ra\u00edces tablares,\r\nzancudas o ausentes), corteza externa e interna (presencia de exudaciones,\r\ntexturas), forma de copa y ramificaci\u00f3n, tipos de hojas (tipo, posici\u00f3n,\r\nforma), tipo de inflorescencia y frutos. <\/p>\r\n\r\n\r\n\r\n<p><em>\u201cLa\r\nidentificaci\u00f3n correcta de las maderas sirve para verificar en los controles\r\nque hace el Ministerio del Ambiente, que maderas transitan en carretera. Hay\r\nmaderas que son de gran importancia econ\u00f3mica que tienen mucha demanda a veces\r\npoca abundancia, entonces hay la necesidad de identificar esas maderas\r\ncorrectamente, para saber que especies se est\u00e1n transportando por el pa\u00eds\u201d.<\/em>\r\nSostuvo Walter Palacios, instructor de la capacitaci\u00f3n. Para\r\nla secci\u00f3n anat\u00f3mica se revisaron 29 especies maderables, en la cual los\r\nparticipantes pudieron conocer los caracteres organol\u00e9pticos (textura,\r\ncolor, sabor, olor, tipo de grano, entre otras) y anat\u00f3micos de las maderas\r\n(poros, radios, par\u00e9nquima y porosidad), usados en la identificaci\u00f3n\r\nmacrosc\u00f3pica, y visualizados en fotograf\u00edas macro y microsc\u00f3picas, l\u00e1minas y\r\nmuestras de maderas. <\/p>\r\n\r\n\r\n\r\n<p>Este proceso de capacitaci\u00f3n busc\u00f3 ser fundamentalmente inclusivo, en \u00e9l 38 mujeres participaron activamente, lo que garantiz\u00f3 que el mismo incorporara adecuadamente criterios de g\u00e9nero en el manejo de los recursos forestales, haciendo visibles conocimientos diferenciados y la necesidad de que sus intereses, necesidades sean tomadas en cuenta en espacios de decisi\u00f3n. La actividad forestal ha sido tradicionalmente liderada por hombres, iniciativas como \u00e9sta buscan que, a m\u00e1s de aportar a la disminuci\u00f3n de brechas de capacidades, visibilizar del rol que las mujeres tienen como actoras clave en el \u00e1mbito forestal, tanto en el control, verificaci\u00f3n y programas de aprovechamiento, fortaleciendo de esta manera la gesti\u00f3n del Ministerio.<\/p>\r\n\r\n\r\n\r\n<ul class=\"wp-block-gallery columns-2 is-cropped wp-block-gallery-2 is-layout-flex wp-block-gallery-is-layout-flex\"><li class=\"blocks-gallery-item\"><figure><img loading=\"lazy\" decoding=\"async\" width=\"1024\" height=\"683\" src=\"https:\/\/www.proamazonia.org\/wp-content\/uploads\/2020\/05\/Forestales-Proamazonia-n3-1024x683.jpg\" alt=\"\" data-id=\"2559\" data-link=\"https:\/\/www.proamazonia.org\/mejora-el-control-y-trazabilidad-de-la-madera-en-el-pais\/forestales-proamazonia-n3\/\" class=\"wp-image-2559\" srcset=\"https:\/\/www.proamazonia.org\/ppr\/wp-content\/uploads\/2020\/05\/Forestales-Proamazonia-n3-1024x683.jpg 1024w, https:\/\/www.proamazonia.org\/ppr\/wp-content\/uploads\/2020\/05\/Forestales-Proamazonia-n3-300x200.jpg 300w, https:\/\/www.proamazonia.org\/ppr\/wp-content\/uploads\/2020\/05\/Forestales-Proamazonia-n3-768x512.jpg 768w, https:\/\/www.proamazonia.org\/ppr\/wp-content\/uploads\/2020\/05\/Forestales-Proamazonia-n3-600x400.jpg 600w, https:\/\/www.proamazonia.org\/ppr\/wp-content\/uploads\/2020\/05\/Forestales-Proamazonia-n3.jpg 1280w\" sizes=\"auto, (max-width: 1024px) 100vw, 1024px\" \/><\/figure><\/li><li class=\"blocks-gallery-item\"><figure><img loading=\"lazy\" decoding=\"async\" width=\"1024\" height=\"678\" src=\"https:\/\/www.proamazonia.org\/wp-content\/uploads\/2020\/05\/Forestales-Proamazonia-2-1-1024x678.jpg\" alt=\"\" data-id=\"2557\" data-link=\"https:\/\/www.proamazonia.org\/mejora-el-control-y-trazabilidad-de-la-madera-en-el-pais\/forestales-proamazonia-2-2\/\" class=\"wp-image-2557\" srcset=\"https:\/\/www.proamazonia.org\/ppr\/wp-content\/uploads\/2020\/05\/Forestales-Proamazonia-2-1-1024x678.jpg 1024w, https:\/\/www.proamazonia.org\/ppr\/wp-content\/uploads\/2020\/05\/Forestales-Proamazonia-2-1-300x199.jpg 300w, https:\/\/www.proamazonia.org\/ppr\/wp-content\/uploads\/2020\/05\/Forestales-Proamazonia-2-1-768x508.jpg 768w, https:\/\/www.proamazonia.org\/ppr\/wp-content\/uploads\/2020\/05\/Forestales-Proamazonia-2-1.jpg 1280w\" sizes=\"auto, (max-width: 1024px) 100vw, 1024px\" \/><\/figure><\/li><\/ul>\r\n\r\n\r\n\r\n<p>La capacitaci\u00f3n es un paso importante, al cual deben\r\nsumarse algunas acciones complementarias que se est\u00e1n llevando a cabo, por\r\nejemplo: la elaboraci\u00f3n de listados regionales de especies, cuya identificaci\u00f3n\r\nes obligatoria para todos los actores involucrados en la gesti\u00f3n forestal; la asignaci\u00f3n\r\nde un nombre com\u00fan oficial a cada especie aprovechada; el desarrollo de procesos\r\nde capacitaci\u00f3n cont\u00ednua en dendrolog\u00eda y anatom\u00eda de la madera; la correcci\u00f3n\r\nde los nombres cient\u00edficos de las especies en el Sistema de Administraci\u00f3n\r\nForestal (SAF); la reformulaci\u00f3n de algunas normas procedimentales relacionadas\r\na la actualizaci\u00f3n de nombres cient\u00edficos; y la dotaci\u00f3n de equipos b\u00e1sicos de\r\ntrabajo como binoculares, lupas, muestras de xiloteca y gu\u00edas ilustradas para\r\nla identificaci\u00f3n, entre otras.<\/p>\r\n\r\n\r\n\r\n<p>El Ministerio de Ambiente MAE a trav\u00e9s de PROAmazon\u00eda\r\ntrabaja para empoderar y capacitar a los trabajadores de esta entidad para reducir\r\nla explotaci\u00f3n il\u00edcita de madera a nivel nacional y contribuir a una adecuada\r\ngesti\u00f3n del patrimonio natural del pa\u00eds. <\/p>","protected":false},"excerpt":{"rendered":"<p>Cuatro jornadas de capacitaci\u00f3n en dendrolog\u00eda y anatom\u00eda de la madera, se llevaron a cabo desde el 25 de noviembre del 2019 al 14 de marzo del 2020 para la identificaci\u00f3n de especies forestales. La capacitaci\u00f3n fue realizada por PROAmazon\u00eda y se desarroll\u00f3 con funcionarios del Ministerio del Ambiente (MAE). Esta serie de talleres permiti\u00f3 el fortalecimiento de las capacidades de verificadores, asesores y personal t\u00e9cnico de la Direcci\u00f3n Nacional Forestal y de las Direcciones Provinciales de todo el pa\u00eds. As\u00ed tambi\u00e9n, contribuyeron al Proyecto Sistema Nacional de Control Forestal (PSNCF) que contempla el manejo sostenible del bosque articulado con la planificaci\u00f3n territorial local y nacional. El PSNCF se encarga de controlar la movilizaci\u00f3n de productos forestales, en toda la cadena de valor, desde el aprovechamiento en campo de especies maderables, su movilizaci\u00f3n y comercializaci\u00f3n en centros de destinos finales; as\u00ed como, apoyar al control del tr\u00e1fico de vida silvestre y sus elementos constitutivos. Por tal motivo, result\u00f3 fundamental que el personal encargado de realizar estas tareas profundice sus conocimientos y refuerce sus habilidades. \u201cEstamos aprendiendo sobre las caracter\u00edsticas morfol\u00f3gicas de la madera, organol\u00e9pticas. Diferenciamos hojas, cortezas, tallos, entre otras. Elementos muy importantes para la identificaci\u00f3n de especies econ\u00f3micamente rentables [&hellip;]<\/p>\n","protected":false},"author":2,"featured_media":2564,"comment_status":"open","ping_status":"open","sticky":false,"template":"","format":"standard","meta":{"_uf_show_specific_survey":0,"_uf_disable_surveys":false,"footnotes":""},"categories":[30],"tags":[],"class_list":["post-2491","post","type-post","status-publish","format-standard","has-post-thumbnail","hentry","category-conservacion"],"aioseo_notices":[],"_links":{"self":[{"href":"https:\/\/www.proamazonia.org\/ppr\/wp-json\/wp\/v2\/posts\/2491","targetHints":{"allow":["GET"]}}],"collection":[{"href":"https:\/\/www.proamazonia.org\/ppr\/wp-json\/wp\/v2\/posts"}],"about":[{"href":"https:\/\/www.proamazonia.org\/ppr\/wp-json\/wp\/v2\/types\/post"}],"author":[{"embeddable":true,"href":"https:\/\/www.proamazonia.org\/ppr\/wp-json\/wp\/v2\/users\/2"}],"replies":[{"embeddable":true,"href":"https:\/\/www.proamazonia.org\/ppr\/wp-json\/wp\/v2\/comments?post=2491"}],"version-history":[{"count":5,"href":"https:\/\/www.proamazonia.org\/ppr\/wp-json\/wp\/v2\/posts\/2491\/revisions"}],"predecessor-version":[{"id":4092,"href":"https:\/\/www.proamazonia.org\/ppr\/wp-json\/wp\/v2\/posts\/2491\/revisions\/4092"}],"wp:featuredmedia":[{"embeddable":true,"href":"https:\/\/www.proamazonia.org\/ppr\/wp-json\/wp\/v2\/media\/2564"}],"wp:attachment":[{"href":"https:\/\/www.proamazonia.org\/ppr\/wp-json\/wp\/v2\/media?parent=2491"}],"wp:term":[{"taxonomy":"category","embeddable":true,"href":"https:\/\/www.proamazonia.org\/ppr\/wp-json\/wp\/v2\/categories?post=2491"},{"taxonomy":"post_tag","embeddable":true,"href":"https:\/\/www.proamazonia.org\/ppr\/wp-json\/wp\/v2\/tags?post=2491"}],"curies":[{"name":"wp","href":"https:\/\/api.w.org\/{rel}","templated":true}]}}