{"id":2500,"date":"2020-05-21T16:54:03","date_gmt":"2020-05-21T14:54:03","guid":{"rendered":"https:\/\/www.proamazonia.org\/?p=2500"},"modified":"2020-12-12T17:47:03","modified_gmt":"2020-12-12T22:47:03","slug":"trabajamos-en-conjunto-con-el-gobiernos-autonomo-descentralizado-provincial-de-napo-para-reducir-la-deforestacion-y-promover-el-manejo-sostenible-e-integrado-de-los-recursos-naturales-gracias-a-una-ad","status":"publish","type":"post","link":"https:\/\/www.proamazonia.org\/ppr\/trabajamos-en-conjunto-con-el-gobiernos-autonomo-descentralizado-provincial-de-napo-para-reducir-la-deforestacion-y-promover-el-manejo-sostenible-e-integrado-de-los-recursos-naturales-gracias-a-una-ad\/","title":{"rendered":"Trabajamos en conjunto con el Gobierno Aut\u00f3nomo Descentralizado Provincial de Napo para reducir la deforestaci\u00f3n y promover el manejo sostenible e integrado de los recursos naturales gracias a una adecuada planificaci\u00f3n territorial"},"content":{"rendered":"<p>PROAmazon\u00eda es el programa integral amaz\u00f3nico de conservaci\u00f3n de bosques y producci\u00f3n sostenible de los Ministerios del Ambiente y Agricultura y Ganader\u00eda, que cuenta con el apoyo de PNUD y busca vincular los esfuerzos nacionales de reducci\u00f3n de emisiones de gases de efecto invernadero con las agendas prioritarias del pa\u00eds y las pol\u00edticas de los sectores productivos para reducir las causas y agentes de la deforestaci\u00f3n, as\u00ed como promover un manejo sostenible e integrado de los recursos naturales con enfoque de paisaje, en el marco del Plan de Acci\u00f3n REDD+ del Ecuador \u201cBosques para el Buen Vivir\u201d 2016-2025.<\/p>\r\n\r\n\r\n\r\n<ul class=\"wp-block-gallery columns-2 is-cropped wp-block-gallery-1 is-layout-flex wp-block-gallery-is-layout-flex\"><li class=\"blocks-gallery-item\"><figure><img loading=\"lazy\" decoding=\"async\" width=\"1024\" height=\"768\" src=\"https:\/\/www.proamazonia.org\/wp-content\/uploads\/2020\/05\/Napo2-1024x768.jpeg\" alt=\"\" data-id=\"2545\" data-link=\"https:\/\/www.proamazonia.org\/trabajamos-en-conjunto-con-el-gobiernos-autonomo-descentralizado-provincial-de-napo-para-reducir-la-deforestacion-y-promover-el-manejo-sostenible-e-integrado-de-los-recursos-naturales-gracias-a-una-ad\/napo2\/\" class=\"wp-image-2545\" srcset=\"https:\/\/www.proamazonia.org\/ppr\/wp-content\/uploads\/2020\/05\/Napo2-1024x768.jpeg 1024w, https:\/\/www.proamazonia.org\/ppr\/wp-content\/uploads\/2020\/05\/Napo2-300x225.jpeg 300w, https:\/\/www.proamazonia.org\/ppr\/wp-content\/uploads\/2020\/05\/Napo2-768x576.jpeg 768w, https:\/\/www.proamazonia.org\/ppr\/wp-content\/uploads\/2020\/05\/Napo2-400x300.jpeg 400w, https:\/\/www.proamazonia.org\/ppr\/wp-content\/uploads\/2020\/05\/Napo2-800x600.jpeg 800w, https:\/\/www.proamazonia.org\/ppr\/wp-content\/uploads\/2020\/05\/Napo2-1200x900.jpeg 1200w, https:\/\/www.proamazonia.org\/ppr\/wp-content\/uploads\/2020\/05\/Napo2-600x450.jpeg 600w, https:\/\/www.proamazonia.org\/ppr\/wp-content\/uploads\/2020\/05\/Napo2.jpeg 1280w\" sizes=\"auto, (max-width: 1024px) 100vw, 1024px\" \/><\/figure><\/li><li class=\"blocks-gallery-item\"><figure><img loading=\"lazy\" decoding=\"async\" width=\"1024\" height=\"768\" src=\"https:\/\/www.proamazonia.org\/wp-content\/uploads\/2020\/05\/Napo3-1024x768.jpeg\" alt=\"\" data-id=\"2546\" data-link=\"https:\/\/www.proamazonia.org\/trabajamos-en-conjunto-con-el-gobiernos-autonomo-descentralizado-provincial-de-napo-para-reducir-la-deforestacion-y-promover-el-manejo-sostenible-e-integrado-de-los-recursos-naturales-gracias-a-una-ad\/napo3\/\" class=\"wp-image-2546\" srcset=\"https:\/\/www.proamazonia.org\/ppr\/wp-content\/uploads\/2020\/05\/Napo3.jpeg 1024w, https:\/\/www.proamazonia.org\/ppr\/wp-content\/uploads\/2020\/05\/Napo3-300x225.jpeg 300w, https:\/\/www.proamazonia.org\/ppr\/wp-content\/uploads\/2020\/05\/Napo3-768x576.jpeg 768w, https:\/\/www.proamazonia.org\/ppr\/wp-content\/uploads\/2020\/05\/Napo3-400x300.jpeg 400w, https:\/\/www.proamazonia.org\/ppr\/wp-content\/uploads\/2020\/05\/Napo3-800x600.jpeg 800w, https:\/\/www.proamazonia.org\/ppr\/wp-content\/uploads\/2020\/05\/Napo3-600x450.jpeg 600w\" sizes=\"auto, (max-width: 1024px) 100vw, 1024px\" \/><\/figure><\/li><\/ul>\r\n\r\n\r\n\r\n<p>&nbsp;Bajo este contexto el Programa apoya el\r\nproceso de actualizaci\u00f3n &nbsp;del Plan de\r\nDesarrollo y Ordenamiento Territorial del GAD Provincial del Napo y del GAD\r\nCantonal Carlos Julio Arosemena Tola, con \u00e9nfasis en los enfoques de\r\nconservaci\u00f3n, cambio clim\u00e1tico y producci\u00f3n sostenible, libre de deforestaci\u00f3n\r\n(agropecuaria, bioeconom\u00eda, entre otros), g\u00e9nero e interculturalidad dentro de\r\nlas diferentes etapas del PDOT (Diagn\u00f3stico, Propuesta y Modelo de Gesti\u00f3n),\r\nconsiderando las competencias de cada nivel de gobierno. Esto con el fin de\r\nimplementar pol\u00edticas p\u00fablicas locales que promuevan el desarrollo integral y\r\nsostenible de la Provincia Amaz\u00f3nica.<\/p>\r\n\r\n\r\n\r\n<p>El PDOT es un instrumento de planificaci\u00f3n, de car\u00e1cter t\u00e9cnico\r\npol\u00edtico, que orienta\r\na las autoridades locales en la toma de decisiones relacionadas a la gesti\u00f3n del\r\nterritorio, y busca la utilizaci\u00f3n racional y sostenible de los recursos, la\r\nprotecci\u00f3n del patrimonio natural y cultural incluyendo la regulaci\u00f3n de las\r\nintervenciones en la jurisdicci\u00f3n provincial cantonal o parroquial.<\/p>\r\n\r\n\r\n\r\n<p>El Gobierno Provincial del Napo\r\nparticip\u00f3 en la ejecuci\u00f3n del Proyecto <strong>GEF NAPO, <\/strong>financiado por el Fondo Mundial para el Medio Ambiente ,\r\nel cual, como parte de sus actividades, desarroll\u00f3 varios procesos e\r\ninvestigaciones aplicadas al manejo de los recursos naturales, todos estos\r\ninsumos est\u00e1n siendo utilizados en la actualizaci\u00f3n del PDOT Provincial, adem\u00e1s\r\nse han llevado a cabo procesos de socializaci\u00f3n con distintos actores que\r\ninciden en el desarrollo de la provincia para validar e insumir con m\u00e1s\r\ncriterios e informaci\u00f3n a este importante instrumento de planificaci\u00f3n. PDOT <\/p>\r\n\r\n\r\n\r\n<p>Uno de estos espacios de socializaci\u00f3n se llev\u00f3 a cabo el\r\nmes de octubre del a\u00f1o pasado, en el cual, con activa participaci\u00f3n de actores\r\nde la provincia, se defini\u00f3 la principal problem\u00e1tica que enfrenta la Provincia\r\nen el \u00e1mbito ambiental y de producci\u00f3n y se generaron tambi\u00e9n alternativas de\r\nsoluci\u00f3n. Como complemento a este trabajo se establecieron las innumerables\r\npotencialidades con las que cuenta la Provincia del Napo. Todos estos insumos\r\nrecogidos forman parte de la fase de diagn\u00f3stico y sirven de insumo para las\r\nposteriores fases de propuesta y modelo de gesti\u00f3n del PDOT.<\/p>\r\n\r\n\r\n\r\n<p>Invitamos a la ciudadan\u00eda a seguir los\r\ncanales oficiales y cuentas de redes sociales, de PROAmazon\u00eda para mantenerse\r\ninformada sobre el desarrollo de estos importantes instrumentos de\r\nplanificaci\u00f3n.<\/p>","protected":false},"excerpt":{"rendered":"<p>PROAmazon\u00eda es el programa integral amaz\u00f3nico de conservaci\u00f3n de bosques y producci\u00f3n sostenible de los Ministerios del Ambiente y Agricultura y Ganader\u00eda, que cuenta con el apoyo de PNUD y busca vincular los esfuerzos nacionales de reducci\u00f3n de emisiones de gases de efecto invernadero con las agendas prioritarias del pa\u00eds y las pol\u00edticas de los sectores productivos para reducir las causas y agentes de la deforestaci\u00f3n, as\u00ed como promover un manejo sostenible e integrado de los recursos naturales con enfoque de paisaje, en el marco del Plan de Acci\u00f3n REDD+ del Ecuador \u201cBosques para el Buen Vivir\u201d 2016-2025. &nbsp;Bajo este contexto el Programa apoya el proceso de actualizaci\u00f3n &nbsp;del Plan de Desarrollo y Ordenamiento Territorial del GAD Provincial del Napo y del GAD Cantonal Carlos Julio Arosemena Tola, con \u00e9nfasis en los enfoques de conservaci\u00f3n, cambio clim\u00e1tico y producci\u00f3n sostenible, libre de deforestaci\u00f3n (agropecuaria, bioeconom\u00eda, entre otros), g\u00e9nero e interculturalidad dentro de las diferentes etapas del PDOT (Diagn\u00f3stico, Propuesta y Modelo de Gesti\u00f3n), considerando las competencias de cada nivel de gobierno. Esto con el fin de implementar pol\u00edticas p\u00fablicas locales que promuevan el desarrollo integral y sostenible de la Provincia Amaz\u00f3nica. El PDOT es un instrumento de planificaci\u00f3n, de car\u00e1cter [&hellip;]<\/p>\n","protected":false},"author":2,"featured_media":2544,"comment_status":"open","ping_status":"open","sticky":false,"template":"","format":"standard","meta":{"_uf_show_specific_survey":0,"_uf_disable_surveys":false,"footnotes":""},"categories":[24],"tags":[],"class_list":["post-2500","post","type-post","status-publish","format-standard","has-post-thumbnail","hentry","category-politicas-e-institucionalidad"],"aioseo_notices":[],"_links":{"self":[{"href":"https:\/\/www.proamazonia.org\/ppr\/wp-json\/wp\/v2\/posts\/2500","targetHints":{"allow":["GET"]}}],"collection":[{"href":"https:\/\/www.proamazonia.org\/ppr\/wp-json\/wp\/v2\/posts"}],"about":[{"href":"https:\/\/www.proamazonia.org\/ppr\/wp-json\/wp\/v2\/types\/post"}],"author":[{"embeddable":true,"href":"https:\/\/www.proamazonia.org\/ppr\/wp-json\/wp\/v2\/users\/2"}],"replies":[{"embeddable":true,"href":"https:\/\/www.proamazonia.org\/ppr\/wp-json\/wp\/v2\/comments?post=2500"}],"version-history":[{"count":5,"href":"https:\/\/www.proamazonia.org\/ppr\/wp-json\/wp\/v2\/posts\/2500\/revisions"}],"predecessor-version":[{"id":4091,"href":"https:\/\/www.proamazonia.org\/ppr\/wp-json\/wp\/v2\/posts\/2500\/revisions\/4091"}],"wp:featuredmedia":[{"embeddable":true,"href":"https:\/\/www.proamazonia.org\/ppr\/wp-json\/wp\/v2\/media\/2544"}],"wp:attachment":[{"href":"https:\/\/www.proamazonia.org\/ppr\/wp-json\/wp\/v2\/media?parent=2500"}],"wp:term":[{"taxonomy":"category","embeddable":true,"href":"https:\/\/www.proamazonia.org\/ppr\/wp-json\/wp\/v2\/categories?post=2500"},{"taxonomy":"post_tag","embeddable":true,"href":"https:\/\/www.proamazonia.org\/ppr\/wp-json\/wp\/v2\/tags?post=2500"}],"curies":[{"name":"wp","href":"https:\/\/api.w.org\/{rel}","templated":true}]}}