{"id":2502,"date":"2020-05-21T16:57:04","date_gmt":"2020-05-21T14:57:04","guid":{"rendered":"https:\/\/www.proamazonia.org\/?p=2502"},"modified":"2020-12-12T17:39:21","modified_gmt":"2020-12-12T22:39:21","slug":"proamazonia-apoya-la-repotenciacion-del-sistema-nacional-de-control-forestal","status":"publish","type":"post","link":"https:\/\/www.proamazonia.org\/ppr\/proamazonia-apoya-la-repotenciacion-del-sistema-nacional-de-control-forestal\/","title":{"rendered":"PROAmazon\u00eda apoya la repotenciaci\u00f3n del Sistema Nacional de Control Forestal"},"content":{"rendered":"<p>PROAmazon\u00eda trabaja con el Ministerio de Ambiente (MAE)\r\nen la implementaci\u00f3n de la estrategia de control forestal del pa\u00eds. Durante el\r\nprimer trimestre, el programa apoy\u00f3 la capacitaci\u00f3n dirigida al personal del\r\nMAE para identificar especies forestales y realiz\u00f3 la repotenciaci\u00f3n de dos puestos\r\nfijos de control forestal y vida silvestre ubicados en las principales v\u00edas del\r\ncant\u00f3n de Santa Cecilia, en Sucumb\u00edos y en el cant\u00f3n del Coca en Orellana. <\/p>\r\n\r\n\r\n\r\n<p>La repotenciaci\u00f3n de estos puestos se gener\u00f3 a\r\npartir de un an\u00e1lisis realizado por el MAE con el apoyo de PROAmazon\u00eda en el\r\nper\u00edodo 2018 \u2013 2020. Este estudio determin\u00f3 necesidades como: la compra e\r\ninstalaci\u00f3n de <em>campers <\/em>equipados en su totalidad (en reemplazo de los\r\nexistentes) en la Amazon\u00eda Norte, y la adecuaci\u00f3n de otros cuatro en la Amazon\u00eda\r\nSur y Centro. <\/p>\r\n\r\n\r\n\r\n<p>Los\r\ndos<em> campers<\/em> iniciaron su construcci\u00f3n en el mes de diciembre del a\u00f1o\r\n2019 y finalizaron con \u00e9xito en el mes de febrero del 2020. Estas estructuras\r\nfueron entregadas y ubicadas en puestos fijos de control forestal y vida silvestre y se encuentran operativos. La entrega\r\nse realiz\u00f3 los primeros d\u00edas de marzo. La ubicaci\u00f3n de estos\r\npuntos es estrat\u00e9gica y garantiza la revisi\u00f3n oportuna de la producci\u00f3n\r\nforestal, aportando al consumo de productos de origen legal; adem\u00e1s, permite el\r\nregistro del volumen, especie y destino final del producto desde las provincias\r\nproductoras hasta las provincias receptoras.<\/p>\r\n\r\n\r\n\r\n<p>El proceso de licitaci\u00f3n y contrataci\u00f3n sigui\u00f3 los est\u00e1ndares y lineamientos del Programa de las Naciones Unidas para el Desarrollo- PNUD, en estrecha articulaci\u00f3n con el personal de la Direcci\u00f3n Nacional Forestal. Esto permiti\u00f3 un proceso eficiente y transparente para la compra del material y equipos, as\u00ed como, de las adecuaciones realizadas. <em>\u201cEl trabajo realizado contribuye al fortalecimiento de la capacidad instalada del Ministerio\u201d<\/em>, expres\u00f3 Francisco G\u00f3mez, especialista en control y trazabilidad foresta de PROAmazon\u00eda.<\/p>\r\n\r\n\r\n\r\n<ul class=\"wp-block-gallery columns-3 is-cropped wp-block-gallery-1 is-layout-flex wp-block-gallery-is-layout-flex\"><li class=\"blocks-gallery-item\"><figure><img loading=\"lazy\" decoding=\"async\" width=\"1024\" height=\"682\" src=\"https:\/\/www.proamazonia.org\/wp-content\/uploads\/2020\/05\/CentroForestal-Proamazonia-4-1024x682.jpg\" alt=\"\" data-id=\"2506\" data-link=\"https:\/\/www.proamazonia.org\/?attachment_id=2506\" class=\"wp-image-2506\" srcset=\"https:\/\/www.proamazonia.org\/ppr\/wp-content\/uploads\/2020\/05\/CentroForestal-Proamazonia-4-1024x682.jpg 1024w, https:\/\/www.proamazonia.org\/ppr\/wp-content\/uploads\/2020\/05\/CentroForestal-Proamazonia-4-300x200.jpg 300w, https:\/\/www.proamazonia.org\/ppr\/wp-content\/uploads\/2020\/05\/CentroForestal-Proamazonia-4-768x512.jpg 768w, https:\/\/www.proamazonia.org\/ppr\/wp-content\/uploads\/2020\/05\/CentroForestal-Proamazonia-4-600x400.jpg 600w, https:\/\/www.proamazonia.org\/ppr\/wp-content\/uploads\/2020\/05\/CentroForestal-Proamazonia-4.jpg 1280w\" sizes=\"auto, (max-width: 1024px) 100vw, 1024px\" \/><\/figure><\/li><li class=\"blocks-gallery-item\"><figure><img loading=\"lazy\" decoding=\"async\" width=\"1024\" height=\"682\" src=\"https:\/\/www.proamazonia.org\/wp-content\/uploads\/2020\/05\/CentroForestal-Proamazonia-3-1024x682.jpg\" alt=\"\" data-id=\"2505\" data-link=\"https:\/\/www.proamazonia.org\/?attachment_id=2505\" class=\"wp-image-2505\" srcset=\"https:\/\/www.proamazonia.org\/ppr\/wp-content\/uploads\/2020\/05\/CentroForestal-Proamazonia-3-1024x682.jpg 1024w, https:\/\/www.proamazonia.org\/ppr\/wp-content\/uploads\/2020\/05\/CentroForestal-Proamazonia-3-300x200.jpg 300w, https:\/\/www.proamazonia.org\/ppr\/wp-content\/uploads\/2020\/05\/CentroForestal-Proamazonia-3-768x512.jpg 768w, https:\/\/www.proamazonia.org\/ppr\/wp-content\/uploads\/2020\/05\/CentroForestal-Proamazonia-3-600x400.jpg 600w, https:\/\/www.proamazonia.org\/ppr\/wp-content\/uploads\/2020\/05\/CentroForestal-Proamazonia-3.jpg 1280w\" sizes=\"auto, (max-width: 1024px) 100vw, 1024px\" \/><\/figure><\/li><li class=\"blocks-gallery-item\"><figure><img loading=\"lazy\" decoding=\"async\" width=\"1024\" height=\"682\" src=\"https:\/\/www.proamazonia.org\/wp-content\/uploads\/2020\/05\/CentroForestal-Proamazonia-2-2-1024x682.jpg\" alt=\"\" data-id=\"2504\" data-link=\"https:\/\/www.proamazonia.org\/?attachment_id=2504\" class=\"wp-image-2504\" srcset=\"https:\/\/www.proamazonia.org\/ppr\/wp-content\/uploads\/2020\/05\/CentroForestal-Proamazonia-2-2-1024x682.jpg 1024w, https:\/\/www.proamazonia.org\/ppr\/wp-content\/uploads\/2020\/05\/CentroForestal-Proamazonia-2-2-300x200.jpg 300w, https:\/\/www.proamazonia.org\/ppr\/wp-content\/uploads\/2020\/05\/CentroForestal-Proamazonia-2-2-768x512.jpg 768w, https:\/\/www.proamazonia.org\/ppr\/wp-content\/uploads\/2020\/05\/CentroForestal-Proamazonia-2-2-600x400.jpg 600w, https:\/\/www.proamazonia.org\/ppr\/wp-content\/uploads\/2020\/05\/CentroForestal-Proamazonia-2-2.jpg 1280w\" sizes=\"auto, (max-width: 1024px) 100vw, 1024px\" \/><\/figure><\/li><li class=\"blocks-gallery-item\"><figure><img loading=\"lazy\" decoding=\"async\" width=\"1024\" height=\"682\" src=\"https:\/\/www.proamazonia.org\/wp-content\/uploads\/2020\/05\/CentroForestal-Proamazonia-1-2-1-1024x682.jpg\" alt=\"\" data-id=\"2508\" data-link=\"https:\/\/www.proamazonia.org\/?attachment_id=2508\" class=\"wp-image-2508\" srcset=\"https:\/\/www.proamazonia.org\/ppr\/wp-content\/uploads\/2020\/05\/CentroForestal-Proamazonia-1-2-1-1024x682.jpg 1024w, https:\/\/www.proamazonia.org\/ppr\/wp-content\/uploads\/2020\/05\/CentroForestal-Proamazonia-1-2-1-300x200.jpg 300w, https:\/\/www.proamazonia.org\/ppr\/wp-content\/uploads\/2020\/05\/CentroForestal-Proamazonia-1-2-1-768x512.jpg 768w, https:\/\/www.proamazonia.org\/ppr\/wp-content\/uploads\/2020\/05\/CentroForestal-Proamazonia-1-2-1-600x400.jpg 600w, https:\/\/www.proamazonia.org\/ppr\/wp-content\/uploads\/2020\/05\/CentroForestal-Proamazonia-1-2-1.jpg 1280w\" sizes=\"auto, (max-width: 1024px) 100vw, 1024px\" \/><\/figure><\/li><\/ul>\r\n\r\n\r\n\r\n<p>En los puestos fijos de control forestal\r\ny\r\nvida silvestre,\r\ntrabajan m\u00e1s de 70 mujeres y hombres profesionales, quienes laboran en turnos rotativos,\r\nlas 24 horas del d\u00eda, los 365 d\u00edas del a\u00f1o. Cada puesto fijo revisa\r\nmensualmente un aproximado de 12.000 metros c\u00fabicos de madera, la misma que\r\ntransita con su respectiva gu\u00eda de circulaci\u00f3n, esto es el equivalente a cerca\r\nde 500 camiones de gran capacidad.<\/p>","protected":false},"excerpt":{"rendered":"<p>PROAmazon\u00eda trabaja con el Ministerio de Ambiente (MAE) en la implementaci\u00f3n de la estrategia de control forestal del pa\u00eds. Durante el primer trimestre, el programa apoy\u00f3 la capacitaci\u00f3n dirigida al personal del MAE para identificar especies forestales y realiz\u00f3 la repotenciaci\u00f3n de dos puestos fijos de control forestal y vida silvestre ubicados en las principales v\u00edas del cant\u00f3n de Santa Cecilia, en Sucumb\u00edos y en el cant\u00f3n del Coca en Orellana. La repotenciaci\u00f3n de estos puestos se gener\u00f3 a partir de un an\u00e1lisis realizado por el MAE con el apoyo de PROAmazon\u00eda en el per\u00edodo 2018 \u2013 2020. Este estudio determin\u00f3 necesidades como: la compra e instalaci\u00f3n de campers equipados en su totalidad (en reemplazo de los existentes) en la Amazon\u00eda Norte, y la adecuaci\u00f3n de otros cuatro en la Amazon\u00eda Sur y Centro. Los dos campers iniciaron su construcci\u00f3n en el mes de diciembre del a\u00f1o 2019 y finalizaron con \u00e9xito en el mes de febrero del 2020. Estas estructuras fueron entregadas y ubicadas en puestos fijos de control forestal y vida silvestre y se encuentran operativos. La entrega se realiz\u00f3 los primeros d\u00edas de marzo. La ubicaci\u00f3n de estos puntos es estrat\u00e9gica y garantiza la revisi\u00f3n oportuna de [&hellip;]<\/p>\n","protected":false},"author":2,"featured_media":2507,"comment_status":"open","ping_status":"open","sticky":false,"template":"","format":"standard","meta":{"_uf_show_specific_survey":0,"_uf_disable_surveys":false,"footnotes":""},"categories":[30],"tags":[],"class_list":["post-2502","post","type-post","status-publish","format-standard","has-post-thumbnail","hentry","category-conservacion"],"aioseo_notices":[],"_links":{"self":[{"href":"https:\/\/www.proamazonia.org\/ppr\/wp-json\/wp\/v2\/posts\/2502","targetHints":{"allow":["GET"]}}],"collection":[{"href":"https:\/\/www.proamazonia.org\/ppr\/wp-json\/wp\/v2\/posts"}],"about":[{"href":"https:\/\/www.proamazonia.org\/ppr\/wp-json\/wp\/v2\/types\/post"}],"author":[{"embeddable":true,"href":"https:\/\/www.proamazonia.org\/ppr\/wp-json\/wp\/v2\/users\/2"}],"replies":[{"embeddable":true,"href":"https:\/\/www.proamazonia.org\/ppr\/wp-json\/wp\/v2\/comments?post=2502"}],"version-history":[{"count":2,"href":"https:\/\/www.proamazonia.org\/ppr\/wp-json\/wp\/v2\/posts\/2502\/revisions"}],"predecessor-version":[{"id":4089,"href":"https:\/\/www.proamazonia.org\/ppr\/wp-json\/wp\/v2\/posts\/2502\/revisions\/4089"}],"wp:featuredmedia":[{"embeddable":true,"href":"https:\/\/www.proamazonia.org\/ppr\/wp-json\/wp\/v2\/media\/2507"}],"wp:attachment":[{"href":"https:\/\/www.proamazonia.org\/ppr\/wp-json\/wp\/v2\/media?parent=2502"}],"wp:term":[{"taxonomy":"category","embeddable":true,"href":"https:\/\/www.proamazonia.org\/ppr\/wp-json\/wp\/v2\/categories?post=2502"},{"taxonomy":"post_tag","embeddable":true,"href":"https:\/\/www.proamazonia.org\/ppr\/wp-json\/wp\/v2\/tags?post=2502"}],"curies":[{"name":"wp","href":"https:\/\/api.w.org\/{rel}","templated":true}]}}