{"id":2697,"date":"2020-06-29T20:37:51","date_gmt":"2020-06-29T18:37:51","guid":{"rendered":"https:\/\/www.proamazonia.org\/?p=2697"},"modified":"2021-07-13T15:18:42","modified_gmt":"2021-07-13T20:18:42","slug":"rol-del-ministerio-del-ambiente-y-agua-en-el-ecuador","status":"publish","type":"post","link":"https:\/\/www.proamazonia.org\/ppr\/rol-del-ministerio-del-ambiente-y-agua-en-el-ecuador\/","title":{"rendered":"ROL DEL MINISTERIO DEL AMBIENTE Y AGUA EN EL ECUADOR"},"content":{"rendered":"<p>La fecha del 5 de junio, fue establecida en 1974, por la Organizaci\u00f3n de las Naciones Unidas (ONU) como el D\u00eda Mundial del Medio Ambiente.\u00a0\u00a0<\/p>\r\n\r\n\r\n\r\n<p>En esta ocasi\u00f3n, en la Tercera Edici\u00f3n de nuestro Newsletter, entrevistamos al Ministro del Ambiente y Agua, Paulo Proa\u00f1o Andrade para conocer los proyectos que lidera actualmente el MAAE para proteger el ambiente.\u00a0<\/p>\r\n\r\n\r\n\r\n<p><strong>1. \u00bfQu\u00e9 iniciativas se est\u00e1n llevando a cabo, a nivel regional para velar por la conservaci\u00f3n del ambiente? <\/strong>\u00a0\u00a0<\/p>\r\n\r\n\r\n\r\n<p>Con el objetivo de garantizar la protecci\u00f3n de los recursos naturales de la regi\u00f3n, Ecuador firm\u00f3, el pasado 6 de septiembre de 2019, el llamado Pacto de Leticia en el que los Gobiernos de Colombia, Per\u00fa, Bolivia, Brasil, Surinam y Guyana se comprometieron a tomar medidas contundentes para proteger la Amazon\u00eda, un lugar donde se concentran m\u00e1s de la mitad de los bosques tropicales del planeta y que provee poco m\u00e1s del 20 % del agua dulce en La Tierra.\u00a0<\/p>\r\n\r\n\r\n\r\n<p>Este acuerdo busca: fortalecer la acci\u00f3n coordinada para luchar contra la deforestaci\u00f3n; establecer mecanismos de cooperaci\u00f3n regional y de intercambio de informaci\u00f3n; crear la Red Amaz\u00f3nica de Cooperaci\u00f3n ante desastres naturales y, fomentar procesos de investigaci\u00f3n, desarrollo tecnol\u00f3gico, transferencia de tecnolog\u00eda y gesti\u00f3n del conocimiento.\u00a0<\/p>\r\n\r\n\r\n\r\n<p>En ese sentido, y con el prop\u00f3sito de garantizar la conservaci\u00f3n de nuestros bosques, como Ministerio del Ambiente y Agua, impulsamos el Proyecto Socio Bosque, cuyo objetivo es conservar los bosques, manglares y p\u00e1ramos nativos a nivel nacional, por medio de la entrega de incentivos econ\u00f3micos a campesinos y comunidades ind\u00edgenas a cambio de su compromiso de proteger estos ecosistemas.\u00a0<\/p>\r\n\r\n\r\n\r\n<p>Hasta la fecha se han suscrito un total de 1.046 convenios de ejecuci\u00f3n que cubren una superficie de 1\u2019356.492,57 de hect\u00e1reas con una inversi\u00f3n anual de $6\u2019022.452,28 de d\u00f3lares que benefician a 50.456 personas en las seis provincias de la regi\u00f3n amaz\u00f3nica.\u00a0 Esta iniciativa ha logrado un s\u00f3lido posicionamiento a nivel internacional considerando que pa\u00edses como Per\u00fa, Bolivia y El Salvador, est\u00e1n dise\u00f1ando procesos similares.\u00a0<\/p>\r\n\r\n\r\n\r\n<p>Asimismo, esta cartera de Estado suscribi\u00f3 un convenio de cooperaci\u00f3n interinstitucional con el Plan Binacional de Desarrollo de la Regi\u00f3n Fronterizo \u2013 cap\u00edtulo Ecuador para la construcci\u00f3n del Centro de Administraci\u00f3n e Interpretaci\u00f3n \u201cBosques de Paz\u201d, en el cant\u00f3n Zapotillo, provincia de Loja, frontera con el Per\u00fa.\u00a0\u00a0<\/p>\r\n\r\n\r\n\r\n<p>Estas acciones regionales se sustentan en el cumplimiento de compromisos internacionales como el Convenio Binacional Ecuador \u2013 Colombia y el Convenio Binacional Ecuador \u2013 Per\u00fa, as\u00ed como tambi\u00e9n, tratados internacionales como: el Acuerdo de Par\u00eds, la Convenci\u00f3n sobre el Comercio Internacional de Especies Amenazadas de Flora y Fauna (CITES), la Convenci\u00f3n sobre Comercio Internacional de Maderas Tropicales ITTO \u2013 OIMT, y el Foro de Naciones Unidas sobre Bosques \u2013 Agenda de Bosques 2030.\u00a0<\/p>\r\n\r\n\r\n\r\n<p><strong>2. \u00bfQu\u00e9 rol tiene el MAE en la protecci\u00f3n del medio ambiente a nivel nacional? \u00bfCu\u00e1l es su principal misi\u00f3n?\u00a0\u00a0<\/strong><\/p>\r\n\r\n\r\n\r\n<p>El Ministerio del Ambiente y Agua, en concordancia con lo estipulado en la Constituci\u00f3n Pol\u00edtica de la Rep\u00fablica del Ecuador de 2008, velar\u00e1 por un ambiente sano, el respeto de los derechos de la naturaleza o pacha mama. Garantizar\u00e1 un modelo sustentable de desarrollo ambientalmente equilibrado y respetuoso de la diversidad cultural, que conserve la biodiversidad y la capacidad de regeneraci\u00f3n natural de los ecosistemas, y asegure la satisfacci\u00f3n de las necesidades de las generaciones presentes y futuras.\u00a0<\/p>\r\n\r\n\r\n\r\n<p>La misi\u00f3n principal de esta cartera de Estado es ejercer de forma eficaz, eficiente y transparente, la rector\u00eda de la gesti\u00f3n ambiental, garantizando una relaci\u00f3n arm\u00f3nica entre los ejes econ\u00f3micos, social, y ambiental que asegure el manejo sostenible de los recursos naturales estrat\u00e9gicos.\u00a0<\/p>\r\n\r\n\r\n\r\n<p>Como resultado de la aplicaci\u00f3n de pol\u00edticas p\u00fablicas encaminadas a la protecci\u00f3n de la biodiversidad nacional, Ecuador cre\u00f3 el Sistema Nacional de \u00c1reas Protegidas, que en la actualidad conserva 18,4 millones de hect\u00e1reas, distribuidas en 59 \u00e1reas protegidas; esto representa el 20,29% del territorio terrestre nacional y el 12,07% del territorio marino nacional.\u00a0<\/p>\r\n\r\n\r\n\r\n<p>Adem\u00e1s, a trav\u00e9s de programas de restauraci\u00f3n forestal, se ha logrado restaurar 90,374.01 hect\u00e1reas a nivel nacional, por medio de la siembra de \u00e1rboles nativos en zonas de ecosistemas degradados en todo el territorio ecuatoriano.\u00a0\u00a0<\/p>\r\n\r\n\r\n\r\n<p><strong>3. \u00bfC\u00f3mo implementar conceptos de sostenibilidad y conservaci\u00f3n en el Ecuador?\u00a0\u00a0<\/strong><\/p>\r\n\r\n\r\n\r\n<p>Los criterios de conservaci\u00f3n y sostenibilidad van de la mano y deben estar presentes dentro del desarrollo de proyectos ambientales. Dentro de este marco, una oportunidad para el desarrollo sostenible, a trav\u00e9s de la conservaci\u00f3n de los bosques y producci\u00f3n sostenible es el Programa Integral Amaz\u00f3nico de Conservaci\u00f3n de Bosques y Producci\u00f3n Sostenible (PROAmazon\u00eda).\u00a0<\/p>\r\n\r\n\r\n\r\n<p>El proyecto PROAmazon\u00eda es ejecutado bajo el liderazgo de los Ministerios del Ambiente y Agua y, de Agricultura y Ganader\u00eda, con el objetivo de implementar acciones que contribuyan a la reducci\u00f3n de la deforestaci\u00f3n y degradaci\u00f3n de bosques, as\u00ed como el manejo sostenible y conservaci\u00f3n de los recursos naturales para reducir emisiones de gases de efecto invernadero asociadas al sector forestal y consecuentemente proteger el medio ambiente.\u00a0<\/p>\r\n\r\n\r\n\r\n<p>Asimismo, a trav\u00e9s del Programa Conservaci\u00f3n y Uso Sostenible del Patrimonio Natural, nuestro pa\u00eds busca incrementar el porcentaje de las actividades econ\u00f3micas que utilizan recursos de origen biol\u00f3gico como insumo para la provisi\u00f3n de bienes y servicios al a\u00f1o 2021, metas del Plan Nacional de Bioeconom\u00eda del Ecuador.\u00a0<\/p>\r\n\r\n\r\n\r\n<p>Este objetivo posiciona a la Bioeconom\u00eda como una oportunidad para el desarrollo sostenible, a trav\u00e9s del aprovechamiento de los recursos naturales para la generaci\u00f3n de productos con valor agregado a partir de la biodiversidad y el biocomercio que aporten a la diversificaci\u00f3n de la matriz productiva y al combate de la pobreza.\u00a0\u00a0<\/p>\r\n\r\n\r\n\r\n<p><strong>4. \u00bfC\u00f3mo se est\u00e1 protegiendo los recursos naturales y bosques en la Amazon\u00eda Ecuatoriana? \u00bfC\u00f3mo aportan estas acciones a la protecci\u00f3n del ambiente?\u00a0\u00a0<\/strong><\/p>\r\n\r\n\r\n\r\n<p>A trav\u00e9s del proyecto Socio Bosque, Proyecto Sistema Nacional de Control Forestal, Programa Amazon\u00eda Sin Fuegos, Sistema Nacional de Monitoreo de Bosques, Programa Nacional de Reforestaci\u00f3n, Proamazon\u00eda y el Proyecto Red for Early Movers (REM). Estos programas buscan proteger, conservar e impulsar el manejo sostenible de la biodiversidad del territorio ecuatoriano, mejorando la calidad de vida de las poblaciones que viven o se benefician directamente de los bosques. Aportando de esta manera a la reducci\u00f3n de gases de efecto invernadero causadas por la deforestaci\u00f3n, y el incremento de los servicios ecosist\u00e9micos de almacenamiento de carbono y regulaci\u00f3n h\u00eddrica.\u00a0<\/p>\r\n\r\n\r\n\r\n<p>El Ministerio del Ambiente y Agua de Ecuador ejecuta, constantemente, medidas de control a nivel nacional, con mayor \u00e9nfasis en la Amazon\u00eda, con el fin de evitar que acciones como la tala ilegal se desplace a este sector vulnerable.\u00a0\u00a0<\/p>\r\n\r\n\r\n\r\n<p>Dentro de estas acciones preventivas, se suman, la intensificaci\u00f3n de controles fijos y\/o m\u00f3viles, atenci\u00f3n a denuncias, inspecciones preliminares a programas de aprovechamiento forestal y capacitaciones destinadas a los sectores madereros y ciudadan\u00eda en general. <\/p>","protected":false},"excerpt":{"rendered":"<p>La fecha del 5 de junio, fue establecida en 1974, por la Organizaci\u00f3n de las Naciones Unidas (ONU) como el D\u00eda Mundial del Medio Ambiente.\u00a0\u00a0 En esta ocasi\u00f3n, en la Tercera Edici\u00f3n de nuestro Newsletter, entrevistamos al Ministro del Ambiente y Agua, Paulo Proa\u00f1o Andrade para conocer los proyectos que lidera actualmente el MAAE para proteger el ambiente.\u00a0 1. \u00bfQu\u00e9 iniciativas se est\u00e1n llevando a cabo, a nivel regional para velar por la conservaci\u00f3n del ambiente? \u00a0\u00a0 Con el objetivo de garantizar la protecci\u00f3n de los recursos naturales de la regi\u00f3n, Ecuador firm\u00f3, el pasado 6 de septiembre de 2019, el llamado Pacto de Leticia en el que los Gobiernos de Colombia, Per\u00fa, Bolivia, Brasil, Surinam y Guyana se comprometieron a tomar medidas contundentes para proteger la Amazon\u00eda, un lugar donde se concentran m\u00e1s de la mitad de los bosques tropicales del planeta y que provee poco m\u00e1s del 20 % del agua dulce en La Tierra.\u00a0 Este acuerdo busca: fortalecer la acci\u00f3n coordinada para luchar contra la deforestaci\u00f3n; establecer mecanismos de cooperaci\u00f3n regional y de intercambio de informaci\u00f3n; crear la Red Amaz\u00f3nica de Cooperaci\u00f3n ante desastres naturales y, fomentar procesos de investigaci\u00f3n, desarrollo tecnol\u00f3gico, transferencia de tecnolog\u00eda y gesti\u00f3n [&hellip;]<\/p>\n","protected":false},"author":2,"featured_media":2801,"comment_status":"closed","ping_status":"closed","sticky":false,"template":"","format":"standard","meta":{"_uf_show_specific_survey":0,"_uf_disable_surveys":false,"footnotes":""},"categories":[30],"tags":[117],"class_list":["post-2697","post","type-post","status-publish","format-standard","has-post-thumbnail","hentry","category-conservacion","tag-bosque"],"aioseo_notices":[],"_links":{"self":[{"href":"https:\/\/www.proamazonia.org\/ppr\/wp-json\/wp\/v2\/posts\/2697","targetHints":{"allow":["GET"]}}],"collection":[{"href":"https:\/\/www.proamazonia.org\/ppr\/wp-json\/wp\/v2\/posts"}],"about":[{"href":"https:\/\/www.proamazonia.org\/ppr\/wp-json\/wp\/v2\/types\/post"}],"author":[{"embeddable":true,"href":"https:\/\/www.proamazonia.org\/ppr\/wp-json\/wp\/v2\/users\/2"}],"replies":[{"embeddable":true,"href":"https:\/\/www.proamazonia.org\/ppr\/wp-json\/wp\/v2\/comments?post=2697"}],"version-history":[{"count":6,"href":"https:\/\/www.proamazonia.org\/ppr\/wp-json\/wp\/v2\/posts\/2697\/revisions"}],"predecessor-version":[{"id":5280,"href":"https:\/\/www.proamazonia.org\/ppr\/wp-json\/wp\/v2\/posts\/2697\/revisions\/5280"}],"wp:featuredmedia":[{"embeddable":true,"href":"https:\/\/www.proamazonia.org\/ppr\/wp-json\/wp\/v2\/media\/2801"}],"wp:attachment":[{"href":"https:\/\/www.proamazonia.org\/ppr\/wp-json\/wp\/v2\/media?parent=2697"}],"wp:term":[{"taxonomy":"category","embeddable":true,"href":"https:\/\/www.proamazonia.org\/ppr\/wp-json\/wp\/v2\/categories?post=2697"},{"taxonomy":"post_tag","embeddable":true,"href":"https:\/\/www.proamazonia.org\/ppr\/wp-json\/wp\/v2\/tags?post=2697"}],"curies":[{"name":"wp","href":"https:\/\/api.w.org\/{rel}","templated":true}]}}