{"id":3515,"date":"2020-10-29T23:55:32","date_gmt":"2020-10-29T22:55:32","guid":{"rendered":"https:\/\/www.proamazonia.org\/?p=3515"},"modified":"2020-12-11T13:21:48","modified_gmt":"2020-12-11T18:21:48","slug":"1000-hectareas-en-el-canton-cascales-seran-restauradas","status":"publish","type":"post","link":"https:\/\/www.proamazonia.org\/ppr\/1000-hectareas-en-el-canton-cascales-seran-restauradas\/","title":{"rendered":"1000 HECT\u00c1REAS EN EL CANT\u00d3N CASCALES SER\u00c1N RESTAURADAS"},"content":{"rendered":"<p>El 27 de octubre, en el cant\u00f3n Cascales de la provincia de Sucumb\u00edos, se llev\u00f3 a cabo la firma de un convenio de cooperaci\u00f3n en el que participaron: el Ministerio del Ambiente y Agua, y el Gobierno Aut\u00f3nomo Descentralizado Municipal de Cascales. Este encuentro tuvo como objetivo, formalizar el compromiso de las instituciones para la restauraci\u00f3n de 1000 hecta\u0301reas de a\u0301reas deforestadas. <\/p>\r\n\r\n\r\n\r\n<p>Este convenio que se extender\u00e1 hasta el a\u00f1o 2022, y se implementar\u00e1 a trav\u00e9s de PROAmazon\u00eda, un programa liderado por el Ministerio del Ambiente y Agua (MAAE), el Ministerio de Agricultura y Ganader\u00eda (MAG) con apoyo de PNUD, promover\u00e1 acciones de conservaci\u00f3n y restauraci\u00f3n que permitan restablecer los servicios ecosist\u00e9micos de zonas degradadas, mejorar la conectividad ecol\u00f3gica y mitigar los efectos del cambio clim\u00e1tico.<\/p>\r\n\r\n\r\n\r\n<p>La intervenci\u00f3n de este convenio beneficiara\u0301 a cinco comunidades de los pueblos y nacionalidades de la amazon\u00eda que habitan en esta zona; estas son: San Jos\u00e9 de Aguarico; Los Shiris; Jes\u00fas del Gran Poder; Pastaza y Wuamak Urku, ubicadas en el Cant\u00f3n Cascales. Adicional a los beneficios ambientales que traer\u00e1 la restauraci\u00f3n de las \u00e1reas de intervenci\u00f3n, tambi\u00e9n se implementar\u00e1n iniciativas relacionadas a impulsar los bioemprendimientos para dinamizar la econom\u00eda local y la recuperaci\u00f3n de conocimientos ancestrales con el fortalecimiento de productos no maderables del bosque.  <\/p>\r\n\r\n\r\n\r\n<p>Durante el encuentro, se destacaron los efectos positivos de la restauracio\u0301n forestal, que tiene como objetivo mejorar la calidad de vida de los habitantes de esta zona. A futuro, los pobladores contar\u00e1n con \u00e1reas regeneradas que les permitir\u00e1 disfrutar de los beneficios que ofrecen los bosques: provisi\u00f3n de alimentos, medicinas, protecci\u00f3n de los suelos, fuentes de agua, entre otros. <\/p>\r\n\r\n\r\n\r\n<p>El evento cont\u00f3 con la participaci\u00f3n del Ministro del Ambiente y Agua, Paulo Proa\u00f1o; la representante residente del Programa de Naciones Unidas para el Desarrollo, Matilde Mordt; la Gerente del Programa Nacional de Reforestaci\u00f3n, Daniela D\u00e1valos; el Alcalde del GAD del Cant\u00f3n Cascales, Silvio Quevedo; los presidentes de las cinco comunidades integrantes de esta iniciativa, Wilson Jumbo, Luis Guatatuca, Milton Tanguila, Francisco Aguinda y C\u00e1rmen Licuy, y la Gerente de PROAmazon\u00eda, Patricia Serrano. <\/p>\r\n\r\n\r\n\r\n<p>Esta actividad tambi\u00e9n incluy\u00f3, la siembra de plantas en la Comuna San Jos\u00e9 de Aguarico, un acto simb\u00f3lico que marca el inicio del proyecto de restauraci\u00f3n.  <\/p>\r\n\r\n\r\n\r\n<p>Gracias a este convenio se contribuir\u00e1 a promover la conservacio\u0301n de bosques en la Amazoni\u0301a ecuatoriana; un escenario caracterizado por su biodiversidad y a la vez, por ser el hogar de pueblos y comunidades ind\u00edgenas que forman parte del patrimonio de la riqueza natural y cultural del Ecuador. <\/p>\r\n\r\n\r\n\r\n<ul class=\"wp-block-gallery columns-2 is-cropped wp-block-gallery-1 is-layout-flex wp-block-gallery-is-layout-flex\"><li class=\"blocks-gallery-item\"><figure><img loading=\"lazy\" decoding=\"async\" width=\"1024\" height=\"768\" src=\"https:\/\/www.proamazonia.org\/wp-content\/uploads\/2020\/10\/image-1-1024x768.jpeg\" alt=\"\" data-id=\"3517\" data-link=\"https:\/\/www.proamazonia.org\/1000-hectareas-en-el-canton-cascales-seran-restauradas\/image-1-9\/\" class=\"wp-image-3517\" srcset=\"https:\/\/www.proamazonia.org\/ppr\/wp-content\/uploads\/2020\/10\/image-1.jpeg 1024w, https:\/\/www.proamazonia.org\/ppr\/wp-content\/uploads\/2020\/10\/image-1-300x225.jpeg 300w, https:\/\/www.proamazonia.org\/ppr\/wp-content\/uploads\/2020\/10\/image-1-768x576.jpeg 768w, https:\/\/www.proamazonia.org\/ppr\/wp-content\/uploads\/2020\/10\/image-1-400x300.jpeg 400w, https:\/\/www.proamazonia.org\/ppr\/wp-content\/uploads\/2020\/10\/image-1-800x600.jpeg 800w, https:\/\/www.proamazonia.org\/ppr\/wp-content\/uploads\/2020\/10\/image-1-600x450.jpeg 600w\" sizes=\"auto, (max-width: 1024px) 100vw, 1024px\" \/><\/figure><\/li><li class=\"blocks-gallery-item\"><figure><img loading=\"lazy\" decoding=\"async\" width=\"1024\" height=\"768\" src=\"https:\/\/www.proamazonia.org\/wp-content\/uploads\/2020\/10\/image-2-1024x768.jpeg\" alt=\"\" data-id=\"3518\" data-link=\"https:\/\/www.proamazonia.org\/1000-hectareas-en-el-canton-cascales-seran-restauradas\/image-2-9\/\" class=\"wp-image-3518\" srcset=\"https:\/\/www.proamazonia.org\/ppr\/wp-content\/uploads\/2020\/10\/image-2.jpeg 1024w, https:\/\/www.proamazonia.org\/ppr\/wp-content\/uploads\/2020\/10\/image-2-300x225.jpeg 300w, https:\/\/www.proamazonia.org\/ppr\/wp-content\/uploads\/2020\/10\/image-2-768x576.jpeg 768w, https:\/\/www.proamazonia.org\/ppr\/wp-content\/uploads\/2020\/10\/image-2-400x300.jpeg 400w, https:\/\/www.proamazonia.org\/ppr\/wp-content\/uploads\/2020\/10\/image-2-800x600.jpeg 800w, https:\/\/www.proamazonia.org\/ppr\/wp-content\/uploads\/2020\/10\/image-2-600x450.jpeg 600w\" sizes=\"auto, (max-width: 1024px) 100vw, 1024px\" \/><\/figure><\/li><\/ul>\r\n\r\n\r\n\r\n<div class=\"wp-block-image\"><figure class=\"aligncenter is-resized\"><img loading=\"lazy\" decoding=\"async\" src=\"https:\/\/www.proamazonia.org\/wp-content\/uploads\/2020\/10\/image-19-1024x405.jpeg\" alt=\"\" class=\"wp-image-3616\" width=\"768\" height=\"304\" srcset=\"https:\/\/www.proamazonia.org\/ppr\/wp-content\/uploads\/2020\/10\/image-19.jpeg 1024w, https:\/\/www.proamazonia.org\/ppr\/wp-content\/uploads\/2020\/10\/image-19-300x119.jpeg 300w, https:\/\/www.proamazonia.org\/ppr\/wp-content\/uploads\/2020\/10\/image-19-768x304.jpeg 768w\" sizes=\"auto, (max-width: 768px) 100vw, 768px\" \/><figcaption><strong>Fotograf\u00edas:<\/strong>&nbsp;PROAmazon\u00eda&nbsp;&#8211; Evento de firma de Convenio de restauraci\u00f3n&nbsp;&nbsp;<\/figcaption><\/figure><\/div>\r\n\r\n\r\n\r\n<ul class=\"wp-block-gallery columns-2 is-cropped wp-block-gallery-2 is-layout-flex wp-block-gallery-is-layout-flex\"><li class=\"blocks-gallery-item\"><figure><img loading=\"lazy\" decoding=\"async\" width=\"1024\" height=\"682\" src=\"https:\/\/www.proamazonia.org\/wp-content\/uploads\/2020\/10\/image-4-1024x682.jpeg\" alt=\"\" data-id=\"3521\" data-link=\"https:\/\/www.proamazonia.org\/1000-hectareas-en-el-canton-cascales-seran-restauradas\/image-4-8\/\" class=\"wp-image-3521\" srcset=\"https:\/\/www.proamazonia.org\/ppr\/wp-content\/uploads\/2020\/10\/image-4.jpeg 1024w, https:\/\/www.proamazonia.org\/ppr\/wp-content\/uploads\/2020\/10\/image-4-300x200.jpeg 300w, https:\/\/www.proamazonia.org\/ppr\/wp-content\/uploads\/2020\/10\/image-4-768x512.jpeg 768w, https:\/\/www.proamazonia.org\/ppr\/wp-content\/uploads\/2020\/10\/image-4-600x400.jpeg 600w\" sizes=\"auto, (max-width: 1024px) 100vw, 1024px\" \/><\/figure><\/li><li class=\"blocks-gallery-item\"><figure><img loading=\"lazy\" decoding=\"async\" width=\"1024\" height=\"682\" src=\"https:\/\/www.proamazonia.org\/wp-content\/uploads\/2020\/10\/image-3-1024x682.jpeg\" alt=\"\" data-id=\"3520\" data-link=\"https:\/\/www.proamazonia.org\/1000-hectareas-en-el-canton-cascales-seran-restauradas\/image-3-9\/\" class=\"wp-image-3520\" srcset=\"https:\/\/www.proamazonia.org\/ppr\/wp-content\/uploads\/2020\/10\/image-3.jpeg 1024w, https:\/\/www.proamazonia.org\/ppr\/wp-content\/uploads\/2020\/10\/image-3-300x200.jpeg 300w, https:\/\/www.proamazonia.org\/ppr\/wp-content\/uploads\/2020\/10\/image-3-768x512.jpeg 768w, https:\/\/www.proamazonia.org\/ppr\/wp-content\/uploads\/2020\/10\/image-3-600x400.jpeg 600w\" sizes=\"auto, (max-width: 1024px) 100vw, 1024px\" \/><\/figure><\/li><\/ul>\r\n\r\n\r\n\r\n<p style=\"font-size:13px; text-align:center;\">&nbsp;<strong>Fotograf\u00edas:<\/strong>&nbsp;PROAmazon\u00eda&nbsp;&#8211; Siembra simb\u00f3lica en San Jos\u00e9 de Aguarico&nbsp;<\/p>","protected":false},"excerpt":{"rendered":"<p>El 27 de octubre, en el cant\u00f3n Cascales de la provincia de Sucumb\u00edos, se llev\u00f3 a cabo la firma de un convenio de cooperaci\u00f3n en el que participaron: el Ministerio del Ambiente y Agua, y el Gobierno Aut\u00f3nomo Descentralizado Municipal de Cascales. Este encuentro tuvo como objetivo, formalizar el compromiso de las instituciones para la restauraci\u00f3n de 1000 hecta\u0301reas de a\u0301reas deforestadas. Este convenio que se extender\u00e1 hasta el a\u00f1o 2022, y se implementar\u00e1 a trav\u00e9s de PROAmazon\u00eda, un programa liderado por el Ministerio del Ambiente y Agua (MAAE), el Ministerio de Agricultura y Ganader\u00eda (MAG) con apoyo de PNUD, promover\u00e1 acciones de conservaci\u00f3n y restauraci\u00f3n que permitan restablecer los servicios ecosist\u00e9micos de zonas degradadas, mejorar la conectividad ecol\u00f3gica y mitigar los efectos del cambio clim\u00e1tico. La intervenci\u00f3n de este convenio beneficiara\u0301 a cinco comunidades de los pueblos y nacionalidades de la amazon\u00eda que habitan en esta zona; estas son: San Jos\u00e9 de Aguarico; Los Shiris; Jes\u00fas del Gran Poder; Pastaza y Wuamak Urku, ubicadas en el Cant\u00f3n Cascales. Adicional a los beneficios ambientales que traer\u00e1 la restauraci\u00f3n de las \u00e1reas de intervenci\u00f3n, tambi\u00e9n se implementar\u00e1n iniciativas relacionadas a impulsar los bioemprendimientos para dinamizar la econom\u00eda local y la recuperaci\u00f3n [&hellip;]<\/p>\n","protected":false},"author":2,"featured_media":3624,"comment_status":"open","ping_status":"open","sticky":false,"template":"","format":"standard","meta":{"_uf_show_specific_survey":0,"_uf_disable_surveys":false,"footnotes":""},"categories":[30,31],"tags":[],"class_list":["post-3515","post","type-post","status-publish","format-standard","has-post-thumbnail","hentry","category-conservacion","category-restauracion"],"aioseo_notices":[],"_links":{"self":[{"href":"https:\/\/www.proamazonia.org\/ppr\/wp-json\/wp\/v2\/posts\/3515","targetHints":{"allow":["GET"]}}],"collection":[{"href":"https:\/\/www.proamazonia.org\/ppr\/wp-json\/wp\/v2\/posts"}],"about":[{"href":"https:\/\/www.proamazonia.org\/ppr\/wp-json\/wp\/v2\/types\/post"}],"author":[{"embeddable":true,"href":"https:\/\/www.proamazonia.org\/ppr\/wp-json\/wp\/v2\/users\/2"}],"replies":[{"embeddable":true,"href":"https:\/\/www.proamazonia.org\/ppr\/wp-json\/wp\/v2\/comments?post=3515"}],"version-history":[{"count":11,"href":"https:\/\/www.proamazonia.org\/ppr\/wp-json\/wp\/v2\/posts\/3515\/revisions"}],"predecessor-version":[{"id":4053,"href":"https:\/\/www.proamazonia.org\/ppr\/wp-json\/wp\/v2\/posts\/3515\/revisions\/4053"}],"wp:featuredmedia":[{"embeddable":true,"href":"https:\/\/www.proamazonia.org\/ppr\/wp-json\/wp\/v2\/media\/3624"}],"wp:attachment":[{"href":"https:\/\/www.proamazonia.org\/ppr\/wp-json\/wp\/v2\/media?parent=3515"}],"wp:term":[{"taxonomy":"category","embeddable":true,"href":"https:\/\/www.proamazonia.org\/ppr\/wp-json\/wp\/v2\/categories?post=3515"},{"taxonomy":"post_tag","embeddable":true,"href":"https:\/\/www.proamazonia.org\/ppr\/wp-json\/wp\/v2\/tags?post=3515"}],"curies":[{"name":"wp","href":"https:\/\/api.w.org\/{rel}","templated":true}]}}