{"id":3530,"date":"2020-10-30T00:12:14","date_gmt":"2020-10-29T23:12:14","guid":{"rendered":"https:\/\/www.proamazonia.org\/?p=3530"},"modified":"2020-12-23T11:48:33","modified_gmt":"2020-12-23T16:48:33","slug":"del-compromiso-a-la-accion-trazabilidad-de-productos-sostenibles-y-libres-de-deforestacion-en-el-ecuador","status":"publish","type":"post","link":"https:\/\/www.proamazonia.org\/ppr\/del-compromiso-a-la-accion-trazabilidad-de-productos-sostenibles-y-libres-de-deforestacion-en-el-ecuador\/","title":{"rendered":"DEL COMPROMISO A LA ACCI\u00d3N &#8211; TRAZABILIDAD DE PRODUCTOS SOSTENIBLES Y LIBRES DE DEFORESTACI\u00d3N EN EL ECUADOR"},"content":{"rendered":"<p><\/p>\n\n\n<p>\u201cDel Compromiso a la Acci\u00f3n\u201d (From Commitment to Action por sus siglas en Ingl\u00e9s &#8211; FC2A) es una iniciativa global emblem\u00e1tica del PNUD. Su objetivo es ayudar a los pa\u00edses a acelerar la reducci\u00f3n de la deforestaci\u00f3n derivada de commodities como: caf\u00e9, cacao, palma de aceite y ganader\u00eda en las principales ecorregiones forestales del mundo. Esto se consigue ayudando a los pa\u00edses a establecer hojas de ruta para cumplir sus compromisos de promover productos que no causen deforestaci\u00f3n, mediante el di\u00e1logo entre m\u00faltiples interesados a nivel nacional. En 2019, la iniciativa C2A se puso a prueba en la ecorregi\u00f3n amaz\u00f3nica con la participaci\u00f3n de: el sector p\u00fablico, privado y las partes interesadas de la sociedad civil, as\u00ed como entidades t\u00e9cnicas y financieras en tres pa\u00edses con altos niveles de exportaci\u00f3n de productos b\u00e1sicos agr\u00edcolas: Per\u00fa, Colombia y Ecuador.   <\/p>\n\n\n\n<p>La expansi\u00f3n de la producci\u00f3n de cultivos de productos b\u00e1sicos, ha sido una de las principales causas de deforestaci\u00f3n en muchos de los principales bosques que quedan en el mundo, lo que ha provocado una p\u00e9rdida de sumideros de carbono valiosos y de otros servicios importantes para la sociedad, como fuentes limpias de aire y agua, y medios de vida para los pueblos que dependen de los bosques.  <\/p>\n\n\n\n<p>Se han adquirido muchos compromisos \u2013 tanto por parte de los gobiernos como de las empresas \u2013 para reducir la deforestaci\u00f3n causada por la producci\u00f3n de cultivos de productos b\u00e1sicos; sin embargo, los avances para conseguir los objetivos establecidos en estos acuerdos han sido lentos.<\/p>\n\n\n\n<p>Uno de los obst\u00e1culos que impiden avanzar es la falta de un di\u00e1logo efectivo entre los sectores p\u00fablico y privado, as\u00ed como la sociedad civil, y los asociados t\u00e9cnicos y financieros. La mayor\u00eda de las empresas multinacionales compradoras de productos b\u00e1sicos como carne de ganado vacuno, aceite de palma, caf\u00e9 y cacao, as\u00ed como madera y productos madereros, se han comprometido a adquirir \u00fanicamente productos cuyo cultivo no favorezca la deforestaci\u00f3n; y varios acuerdos comerciales entre pa\u00edses incluyen objetivos similares. Los compromisos en el sector privado contemplan la observaci\u00f3n de las normas de certificaci\u00f3n, pol\u00edticas de inversi\u00f3n y regulaciones medioambientales. No obstante, en la pr\u00e1ctica no existen siempre a nivel nacional, sistemas que faciliten el aprovisionamiento responsable. Las empresas compradoras ven una necesidad cada vez mayor de colaborar de manera directa con los gobiernos y los productores en esta \u00e1rea, as\u00ed como en los procesos que contemplan la reforma de las pol\u00edticas y normativas del Estado.  <\/p>\n\n\n\n<p>Bajo este contexto, el PNUD ofrece un paquete de servicios de apoyo a los pa\u00edses participantes, su ayuda consiste en pasar \u201cdel compromiso a la acci\u00f3n\u201d; a trav\u00e9s de hojas de ruta en las que se estipula c\u00f3mo cumplir\u00e1 el pa\u00eds sus compromisos, y cuyo seguimiento ser\u00e1 facilitado mediante la participaci\u00f3n de los sectores p\u00fablico y privado. Esta participaci\u00f3n tendr\u00e1 lugar dentro de un marco m\u00e1s amplio de institucionalidad intersectorial, al igual que el di\u00e1logo entre las distintas partes involucradas, en procesos relativos al cambio del uso de la tierra y la silvicultura \u2013 incluyendo comunidades ind\u00edgenas y locales, agricultores y asociaciones agr\u00edcolas, autoridades de los gobiernos locales, instituciones financieras nacionales y privadas; as\u00ed como empresas compradoras nacionales y multinacionales. <\/p>\n\n\n\n<p>En el Ecuador, el enfoque fue la actualizaci\u00f3n y\/o construcci\u00f3n de hojas de ruta para pasar del compromiso a la acci\u00f3n en el \u00e1mbito de la trazabilidad de cacao, caf\u00e9, palma de aceite y ganader\u00eda, los cuales se puedan integrar a la verificaci\u00f3n de productos sostenibles y libres de deforestaci\u00f3n.  \r\n<\/br>\r\nLos resultados de este estudio fueron presentados en agosto del 2019.    \r\n\u202f <\/p>\n\n\n\n<p>En el siguiente reporte se encuentran las conclusiones de este trabajo regional:  <\/p>\n\n\n\n<p>Link de acceso:  <a href=\"https:\/\/www.greencommodities.org\/content\/gcp\/en\/home\/global-initiatives\/c2b.html\">https:\/\/www.greencommodities.org\/content\/gcp\/en\/home\/global-initiatives\/c2b.html<\/a><\/p>\n\n\n\n<ul class=\"wp-block-gallery columns-3 is-cropped wp-block-gallery-1 is-layout-flex wp-block-gallery-is-layout-flex\"><li class=\"blocks-gallery-item\"><figure><img loading=\"lazy\" decoding=\"async\" width=\"1024\" height=\"576\" src=\"https:\/\/www.proamazonia.org\/wp-content\/uploads\/2020\/10\/image-10-1024x576.jpeg\" alt=\"\" data-id=\"3533\" data-link=\"https:\/\/www.proamazonia.org\/del-compromiso-a-la-accion-trazabilidad-de-productos-sostenibles-y-libres-de-deforestacion-en-el-ecuador\/image-10-4\/\" class=\"wp-image-3533\" srcset=\"https:\/\/www.proamazonia.org\/ppr\/wp-content\/uploads\/2020\/10\/image-10.jpeg 1024w, https:\/\/www.proamazonia.org\/ppr\/wp-content\/uploads\/2020\/10\/image-10-300x169.jpeg 300w, https:\/\/www.proamazonia.org\/ppr\/wp-content\/uploads\/2020\/10\/image-10-768x432.jpeg 768w, https:\/\/www.proamazonia.org\/ppr\/wp-content\/uploads\/2020\/10\/image-10-1000x563.jpeg 1000w\" sizes=\"auto, (max-width: 1024px) 100vw, 1024px\" \/><\/figure><\/li><li class=\"blocks-gallery-item\"><figure><img loading=\"lazy\" decoding=\"async\" width=\"1024\" height=\"683\" src=\"https:\/\/www.proamazonia.org\/wp-content\/uploads\/2020\/10\/image-9-1024x683.jpeg\" alt=\"\" data-id=\"3532\" data-link=\"https:\/\/www.proamazonia.org\/del-compromiso-a-la-accion-trazabilidad-de-productos-sostenibles-y-libres-de-deforestacion-en-el-ecuador\/image-9-4\/\" class=\"wp-image-3532\" srcset=\"https:\/\/www.proamazonia.org\/ppr\/wp-content\/uploads\/2020\/10\/image-9.jpeg 1024w, https:\/\/www.proamazonia.org\/ppr\/wp-content\/uploads\/2020\/10\/image-9-300x200.jpeg 300w, https:\/\/www.proamazonia.org\/ppr\/wp-content\/uploads\/2020\/10\/image-9-768x512.jpeg 768w, https:\/\/www.proamazonia.org\/ppr\/wp-content\/uploads\/2020\/10\/image-9-600x400.jpeg 600w\" sizes=\"auto, (max-width: 1024px) 100vw, 1024px\" \/><\/figure><\/li><li class=\"blocks-gallery-item\"><figure><img loading=\"lazy\" decoding=\"async\" width=\"1024\" height=\"576\" src=\"https:\/\/www.proamazonia.org\/wp-content\/uploads\/2020\/10\/image-8-1024x576.jpeg\" alt=\"\" data-id=\"3531\" data-link=\"https:\/\/www.proamazonia.org\/del-compromiso-a-la-accion-trazabilidad-de-productos-sostenibles-y-libres-de-deforestacion-en-el-ecuador\/image-8-6\/\" class=\"wp-image-3531\" srcset=\"https:\/\/www.proamazonia.org\/ppr\/wp-content\/uploads\/2020\/10\/image-8.jpeg 1024w, https:\/\/www.proamazonia.org\/ppr\/wp-content\/uploads\/2020\/10\/image-8-300x169.jpeg 300w, https:\/\/www.proamazonia.org\/ppr\/wp-content\/uploads\/2020\/10\/image-8-768x432.jpeg 768w, https:\/\/www.proamazonia.org\/ppr\/wp-content\/uploads\/2020\/10\/image-8-1000x563.jpeg 1000w\" sizes=\"auto, (max-width: 1024px) 100vw, 1024px\" \/><\/figure><\/li><\/ul>\n\n\n\n<p style=\"text-align:center; font-size:13px;\"><strong>Fotograf\u00edas: <\/strong>Ministerio de Agricultura y Ganader\u00eda<\/p>\n\n\n\n<p><strong>Autora:<\/strong>&nbsp;&nbsp;Kathya&nbsp;Ort\u00edz&nbsp;&#8211;&nbsp;T\u00e9cnica de Trazabilidad, Certificaci\u00f3n y Compras Responsables \u2013 Productos Agropecuarios libres de&nbsp;deforestaci\u00f3n\u202fde&nbsp;PROAmazon\u00eda&nbsp;<\/p>\n\n\n<p><\/p>","protected":false},"excerpt":{"rendered":"<p>\u201cDel Compromiso a la Acci\u00f3n\u201d (From Commitment to Action por sus siglas en Ingl\u00e9s &#8211; FC2A) es una iniciativa global emblem\u00e1tica del PNUD. Su objetivo es ayudar a los pa\u00edses a acelerar la reducci\u00f3n de la deforestaci\u00f3n derivada de commodities como: caf\u00e9, cacao, palma de aceite y ganader\u00eda en las principales ecorregiones forestales del mundo. Esto se consigue ayudando a los pa\u00edses a establecer hojas de ruta para cumplir sus compromisos de promover productos que no causen deforestaci\u00f3n, mediante el di\u00e1logo entre m\u00faltiples interesados a nivel nacional. En 2019, la iniciativa C2A se puso a prueba en la ecorregi\u00f3n amaz\u00f3nica con la participaci\u00f3n de: el sector p\u00fablico, privado y las partes interesadas de la sociedad civil, as\u00ed como entidades t\u00e9cnicas y financieras en tres pa\u00edses con altos niveles de exportaci\u00f3n de productos b\u00e1sicos agr\u00edcolas: Per\u00fa, Colombia y Ecuador. La expansi\u00f3n de la producci\u00f3n de cultivos de productos b\u00e1sicos, ha sido una de las principales causas de deforestaci\u00f3n en muchos de los principales bosques que quedan en el mundo, lo que ha provocado una p\u00e9rdida de sumideros de carbono valiosos y de otros servicios importantes para la sociedad, como fuentes limpias de aire y agua, y medios de vida para los [&hellip;]<\/p>\n","protected":false},"author":2,"featured_media":3620,"comment_status":"open","ping_status":"open","sticky":false,"template":"","format":"standard","meta":{"_uf_show_specific_survey":0,"_uf_disable_surveys":false,"footnotes":""},"categories":[25],"tags":[],"class_list":["post-3530","post","type-post","status-publish","format-standard","has-post-thumbnail","hentry","category-produccion-sostenible"],"aioseo_notices":[],"_links":{"self":[{"href":"https:\/\/www.proamazonia.org\/ppr\/wp-json\/wp\/v2\/posts\/3530","targetHints":{"allow":["GET"]}}],"collection":[{"href":"https:\/\/www.proamazonia.org\/ppr\/wp-json\/wp\/v2\/posts"}],"about":[{"href":"https:\/\/www.proamazonia.org\/ppr\/wp-json\/wp\/v2\/types\/post"}],"author":[{"embeddable":true,"href":"https:\/\/www.proamazonia.org\/ppr\/wp-json\/wp\/v2\/users\/2"}],"replies":[{"embeddable":true,"href":"https:\/\/www.proamazonia.org\/ppr\/wp-json\/wp\/v2\/comments?post=3530"}],"version-history":[{"count":8,"href":"https:\/\/www.proamazonia.org\/ppr\/wp-json\/wp\/v2\/posts\/3530\/revisions"}],"predecessor-version":[{"id":4238,"href":"https:\/\/www.proamazonia.org\/ppr\/wp-json\/wp\/v2\/posts\/3530\/revisions\/4238"}],"wp:featuredmedia":[{"embeddable":true,"href":"https:\/\/www.proamazonia.org\/ppr\/wp-json\/wp\/v2\/media\/3620"}],"wp:attachment":[{"href":"https:\/\/www.proamazonia.org\/ppr\/wp-json\/wp\/v2\/media?parent=3530"}],"wp:term":[{"taxonomy":"category","embeddable":true,"href":"https:\/\/www.proamazonia.org\/ppr\/wp-json\/wp\/v2\/categories?post=3530"},{"taxonomy":"post_tag","embeddable":true,"href":"https:\/\/www.proamazonia.org\/ppr\/wp-json\/wp\/v2\/tags?post=3530"}],"curies":[{"name":"wp","href":"https:\/\/api.w.org\/{rel}","templated":true}]}}