{"id":3536,"date":"2020-10-30T00:22:13","date_gmt":"2020-10-29T23:22:13","guid":{"rendered":"https:\/\/www.proamazonia.org\/?p=3536"},"modified":"2020-12-11T13:06:37","modified_gmt":"2020-12-11T18:06:37","slug":"seminarios-virtuales-cafe-antes-y-post-covid-19","status":"publish","type":"post","link":"https:\/\/www.proamazonia.org\/ppr\/seminarios-virtuales-cafe-antes-y-post-covid-19\/","title":{"rendered":"SEMINARIOS VIRTUALES: CAF\u00c9 ANTES Y POST COVID &#8211; 19"},"content":{"rendered":"<p>Durante los dos \u00faltimos meses, a partir de agosto de 2020, PROAmazon\u00eda<sup>1 <\/sup>ha participado de manera activa en un ciclo de Di\u00e1logos sobre la cadena del caf\u00e9 a nivel latinoamericano. El objetivo de los \u201cDi\u00e1logos Virtuales en Caf\u00e9\u201d, como se ha denominado a esta actividad, ha sido generar un espacio de di\u00e1logo e intercambio de experiencias a nivel continental entre diversos actores del sector (productores, empresarios, emprendedores etc.) para conocer, discutir y aportar a las estrategias y nuevas formas de trabajo ante y post pandemia en la cadena productiva de Caf\u00e9.  <\/p>\r\n\r\n\r\n\r\n<p>Los di\u00e1logos son organizados por Rikolto en Latinoam\u00e9rica, Promecaf\u00e9, Jacobs Douwe Egberts, Cospe y PROAmazon\u00eda. Estos conversatorios cuentan con el apoyo de Sierra y Selva Exportadora (Per\u00fa), la Global Coffee Platform; y el auspicio de la Cooperaci\u00f3n Belga para el desarrollo (B\u00e9lgica), Ministerio del Ambiente y Agua (Ecuador), Ministerio de Agricultura y Ganader\u00eda (Ecuador), Fundaci\u00f3n Giuseppe e Pericle Lavazza (Italia), PNUD (Ecuador), Green Climate Fund (GCF) y Global Environment Facility (GEF). \r\n<\/p>\r\n\r\n\r\n\r\n<div class=\"wp-block-image\"><figure class=\"aligncenter is-resized\"><img loading=\"lazy\" decoding=\"async\" src=\"https:\/\/www.proamazonia.org\/wp-content\/uploads\/2020\/10\/image-11-1024x512.jpeg\" alt=\"\" class=\"wp-image-3537\" width=\"512\" height=\"256\" srcset=\"https:\/\/www.proamazonia.org\/ppr\/wp-content\/uploads\/2020\/10\/image-11.jpeg 1024w, https:\/\/www.proamazonia.org\/ppr\/wp-content\/uploads\/2020\/10\/image-11-300x150.jpeg 300w, https:\/\/www.proamazonia.org\/ppr\/wp-content\/uploads\/2020\/10\/image-11-768x384.jpeg 768w, https:\/\/www.proamazonia.org\/ppr\/wp-content\/uploads\/2020\/10\/image-11-1000x500.jpeg 1000w\" sizes=\"auto, (max-width: 512px) 100vw, 512px\" \/><\/figure><\/div>\r\n\r\n\r\n\r\n<p>En este sentido, en esta serie de cinco di\u00e1logos, se ha compartido con los diferentes actores de la cadena de valor, el impacto del COVID -19 en el sector; as\u00ed como las diferentes estrategias que se han puesto en pr\u00e1ctica para enfrentarlo. Al mismo tiempo, se ha promovido espacios de discusi\u00f3n desde la \u00f3ptica del ejercicio de derechos, se ha resaltado, como la pandemia obliga al sector a analizar temas relacionados al: acceso a la alimentaci\u00f3n saludable, la salud, el empleo digno entre otros. <\/p>\r\n\r\n\r\n\r\n<p>Otro de los temas analizados hace referencia a los elementos clave que los actores de la cadena deben atender, generar y sostener para la resiliencia del sector en tiempos de pandemia y otras posibles situaciones cr\u00edticas. Esto con el objetivo de delinear directrices a corto, mediano y largo plazo, para que cada actor pueda definir su propio plan de trabajo en el marco de este nuevo contexto. <\/p>\r\n\r\n\r\n\r\n<p>Las tem\u00e1ticas abordadas en cada serie son&nbsp;de di\u00e1logos&nbsp;fueron:&nbsp;<\/p>\r\n\r\n\r\n\r\n<ul>\r\n<li>El COVID-19 y su impacto en el desarrollo del sector cafetalero. <\/li><li>Innovaciones en la cadena de caf\u00e9: organizaciones de productores, cadena de suministro y empresas.&nbsp;&nbsp;<\/li><li>Caf\u00e9 al 2050: fortaleciendo la resiliencia del sector.&nbsp;<\/li><li>Elementos clave para la resiliencia del sector.&nbsp;&nbsp;<\/li><li>Institucionalidad en el sector.&nbsp;&nbsp;<\/li><\/ul>\r\n\r\n\r\n\r\n<p>Sin lugar a duda los di\u00e1logos virtuales, nos han permitido conocer como las organizaciones de los productores cafetaleros de pa\u00edses de Centro y Sur Am\u00e9rica, se adecuaron con nuevas pr\u00e1cticas y formas de sobrellevar la actividad a pesar de las limitaciones generadas por la pandemia. De igual manera, se ha evidenciado, las acciones innovadoras que algunos actores, entre ellos los que agregan valor al grano (Torrefacci\u00f3n), as\u00ed como los que realizan log\u00edstica de comercializaci\u00f3n, de manera progresiva, se han adaptado a nuevas formas de mercadeo. <\/p>\r\n\r\n\r\n\r\n<p>Una de las necesidades identificadas en los Di\u00e1logos del Caf\u00e9 es impulsar acciones para construir en la agenda p\u00fablica un marco regulatorio adecuado a la realidad del sector en los diferentes pa\u00edses; as\u00ed como promover y fortalecer los espacios de concertaci\u00f3n, la creaci\u00f3n\/consolidaci\u00f3n de la institucionalidad en la que participan actores p\u00fablicos y privados en una l\u00ednea de trabajo concertada. <\/p>\r\n\r\n\r\n\r\n<p>A corto y mediano plazo debe consolidarse la producci\u00f3n de caf\u00e9 sostenible, tomando en cuenta factores como la contribuci\u00f3n a los bosques, el cambio de concepto de costos ambientales, al de pagos ambientales al productor, y las acciones de mitigaci\u00f3n de cambio clim\u00e1tico. <\/p>\r\n\r\n\r\n\r\n<p>En el marco del componente de producci\u00f3n sostenible libre de deforestaci\u00f3n, PROAmazon\u00eda trabaja actualmente con alrededor de 5.000 productores en 37 organizaciones de caf\u00e9 y cacao de la regi\u00f3n amaz\u00f3nica, en una superficie de 6.000 hect\u00e1reas. <\/p>\r\n\r\n\r\n\r\n<p>Las estrategias de trabajo est\u00e1n enfocadas en promover y consolidar la producci\u00f3n sostenible libre de deforestaci\u00f3n para que su producci\u00f3n se inserte en las nuevas tendencias del mercado mundial, puesto que la creciente exigencia internacional de eliminar la deforestaci\u00f3n en el mundo, ha hecho que cada vez se establezcan regulaciones m\u00e1s rigurosas.   \r\n<\/br>\r\nDesde PROAmazon\u00eda apoyamos estos espacios de an\u00e1lisis y discusi\u00f3n para contribuir con la producci\u00f3n sostenible en la Amazon\u00eda del Ecuador.  <\/p>\r\n\r\n\r\n\r\n<div class=\"wp-block-image\"><figure class=\"aligncenter is-resized\"><img loading=\"lazy\" decoding=\"async\" src=\"https:\/\/www.proamazonia.org\/wp-content\/uploads\/2020\/10\/image-1024x556.png\" alt=\"\" class=\"wp-image-3538\" width=\"512\" height=\"278\" srcset=\"https:\/\/www.proamazonia.org\/ppr\/wp-content\/uploads\/2020\/10\/image.png 1024w, https:\/\/www.proamazonia.org\/ppr\/wp-content\/uploads\/2020\/10\/image-300x163.png 300w, https:\/\/www.proamazonia.org\/ppr\/wp-content\/uploads\/2020\/10\/image-768x417.png 768w\" sizes=\"auto, (max-width: 512px) 100vw, 512px\" \/><figcaption><strong>Fotograf\u00eda:&nbsp;<\/strong>PROAmazon\u00eda&nbsp;&nbsp;(Fecha:&nbsp;01 de septiembre)<\/figcaption><\/figure><\/div>\r\n\r\n\r\n\r\n<p style=\"padding-bottom:20px;\"><strong>Autores:<\/strong><\/br>\r\nLuc\u00eda Valverde \u2013 Especialista T\u00e9cnica en Asociatividad y Cooperativismo de PROAmazon\u00eda <\/br>\r\nMarlon Narv\u00e1ez \u2013 Especialista T\u00e9cnico en Caf\u00e9 Sostenible de PROAmazon\u00eda \r\n<\/p>\r\n\r\n\r\n\r\n<p><a href=\"https:\/\/word-edit.officeapps.live.com\/we\/wordeditorframe.aspx?ui=es%2DEC&amp;rs=es%2DES&amp;wopisrc=https%3A%2F%2Fproamazonia-my.sharepoint.com%2Fpersonal%2Fpserrano_proamazonia_org%2F_vti_bin%2Fwopi.ashx%2Ffiles%2Ffe8b2768744943508af2f3dae5ecf3b0&amp;wdenableroaming=1&amp;mscc=1&amp;wdodb=1&amp;hid=623C859F-10EF-A000-7486-65A62256E3AB&amp;wdorigin=OWA-NT&amp;wdhostclicktime=1603123369004&amp;jsapi=1&amp;jsapiver=v1&amp;newsession=1&amp;corrid=12bc1f0f-052d-45a6-b176-75c3649f916f&amp;usid=12bc1f0f-052d-45a6-b176-75c3649f916f&amp;sftc=1&amp;instantedit=1&amp;wopicomplete=1&amp;wdredirectionreason=Unified_SingleFlush&amp;rct=Medium&amp;ctp=LeastProtected#_ftnref1\" target=\"_blank\" rel=\"noreferrer noopener\"><sup>[1]<\/sup><\/a>&nbsp;2019.&nbsp;The&nbsp;European&nbsp;Green Deal.<\/br>\r\n<a href=\"https:\/\/word-edit.officeapps.live.com\/we\/wordeditorframe.aspx?ui=es%2DEC&amp;rs=es%2DES&amp;wopisrc=https%3A%2F%2Fproamazonia-my.sharepoint.com%2Fpersonal%2Fpserrano_proamazonia_org%2F_vti_bin%2Fwopi.ashx%2Ffiles%2Ffe8b2768744943508af2f3dae5ecf3b0&amp;wdenableroaming=1&amp;mscc=1&amp;wdodb=1&amp;hid=623C859F-10EF-A000-7486-65A62256E3AB&amp;wdorigin=OWA-NT&amp;wdhostclicktime=1603123369004&amp;jsapi=1&amp;jsapiver=v1&amp;newsession=1&amp;corrid=12bc1f0f-052d-45a6-b176-75c3649f916f&amp;usid=12bc1f0f-052d-45a6-b176-75c3649f916f&amp;sftc=1&amp;instantedit=1&amp;wopicomplete=1&amp;wdredirectionreason=Unified_SingleFlush&amp;rct=Medium&amp;ctp=LeastProtected#_ftnref2\" target=\"_blank\" rel=\"noreferrer noopener\"><sup>[2]<\/sup><\/a>&nbsp;2019. California&nbsp;Deforestation-Free&nbsp;Procurement&nbsp;Act.&nbsp;<a href=\"http:\/\/leginfo.legislature.ca.gov\/faces\/billTextClient.xhtml?bill_id=201920200AB2002\" target=\"_blank\" rel=\"noreferrer noopener\">http:\/\/leginfo.legislature.ca.gov\/faces\/billTextClient.xhtml?bill_id=201920200AB2002<\/a>&nbsp;<\/p>","protected":false},"excerpt":{"rendered":"<p>Durante los dos \u00faltimos meses, a partir de agosto de 2020, PROAmazon\u00eda1 ha participado de manera activa en un ciclo de Di\u00e1logos sobre la cadena del caf\u00e9 a nivel latinoamericano. El objetivo de los \u201cDi\u00e1logos Virtuales en Caf\u00e9\u201d, como se ha denominado a esta actividad, ha sido generar un espacio de di\u00e1logo e intercambio de experiencias a nivel continental entre diversos actores del sector (productores, empresarios, emprendedores etc.) para conocer, discutir y aportar a las estrategias y nuevas formas de trabajo ante y post pandemia en la cadena productiva de Caf\u00e9. Los di\u00e1logos son organizados por Rikolto en Latinoam\u00e9rica, Promecaf\u00e9, Jacobs Douwe Egberts, Cospe y PROAmazon\u00eda. Estos conversatorios cuentan con el apoyo de Sierra y Selva Exportadora (Per\u00fa), la Global Coffee Platform; y el auspicio de la Cooperaci\u00f3n Belga para el desarrollo (B\u00e9lgica), Ministerio del Ambiente y Agua (Ecuador), Ministerio de Agricultura y Ganader\u00eda (Ecuador), Fundaci\u00f3n Giuseppe e Pericle Lavazza (Italia), PNUD (Ecuador), Green Climate Fund (GCF) y Global Environment Facility (GEF). En este sentido, en esta serie de cinco di\u00e1logos, se ha compartido con los diferentes actores de la cadena de valor, el impacto del COVID -19 en el sector; as\u00ed como las diferentes estrategias que se han puesto [&hellip;]<\/p>\n","protected":false},"author":2,"featured_media":3628,"comment_status":"open","ping_status":"open","sticky":false,"template":"","format":"standard","meta":{"_uf_show_specific_survey":0,"_uf_disable_surveys":false,"footnotes":""},"categories":[25],"tags":[],"class_list":["post-3536","post","type-post","status-publish","format-standard","has-post-thumbnail","hentry","category-produccion-sostenible"],"aioseo_notices":[],"_links":{"self":[{"href":"https:\/\/www.proamazonia.org\/ppr\/wp-json\/wp\/v2\/posts\/3536","targetHints":{"allow":["GET"]}}],"collection":[{"href":"https:\/\/www.proamazonia.org\/ppr\/wp-json\/wp\/v2\/posts"}],"about":[{"href":"https:\/\/www.proamazonia.org\/ppr\/wp-json\/wp\/v2\/types\/post"}],"author":[{"embeddable":true,"href":"https:\/\/www.proamazonia.org\/ppr\/wp-json\/wp\/v2\/users\/2"}],"replies":[{"embeddable":true,"href":"https:\/\/www.proamazonia.org\/ppr\/wp-json\/wp\/v2\/comments?post=3536"}],"version-history":[{"count":9,"href":"https:\/\/www.proamazonia.org\/ppr\/wp-json\/wp\/v2\/posts\/3536\/revisions"}],"predecessor-version":[{"id":4050,"href":"https:\/\/www.proamazonia.org\/ppr\/wp-json\/wp\/v2\/posts\/3536\/revisions\/4050"}],"wp:featuredmedia":[{"embeddable":true,"href":"https:\/\/www.proamazonia.org\/ppr\/wp-json\/wp\/v2\/media\/3628"}],"wp:attachment":[{"href":"https:\/\/www.proamazonia.org\/ppr\/wp-json\/wp\/v2\/media?parent=3536"}],"wp:term":[{"taxonomy":"category","embeddable":true,"href":"https:\/\/www.proamazonia.org\/ppr\/wp-json\/wp\/v2\/categories?post=3536"},{"taxonomy":"post_tag","embeddable":true,"href":"https:\/\/www.proamazonia.org\/ppr\/wp-json\/wp\/v2\/tags?post=3536"}],"curies":[{"name":"wp","href":"https:\/\/api.w.org\/{rel}","templated":true}]}}