{"id":3541,"date":"2020-10-30T00:31:01","date_gmt":"2020-10-29T23:31:01","guid":{"rendered":"https:\/\/www.proamazonia.org\/?p=3541"},"modified":"2020-12-11T12:56:45","modified_gmt":"2020-12-11T17:56:45","slug":"convenio-interinstitucional-promueve-esfuerzos-conjuntos-para-conservar-los-bosques","status":"publish","type":"post","link":"https:\/\/www.proamazonia.org\/ppr\/convenio-interinstitucional-promueve-esfuerzos-conjuntos-para-conservar-los-bosques\/","title":{"rendered":"CONVENIO INTERINSTITUCIONAL PROMUEVE ESFUERZOS CONJUNTOS PARA CONSERVAR LOS BOSQUES"},"content":{"rendered":"<p>El 27 de octubre; a trav\u00e9s de un evento virtual, se llev\u00f3 a cabo la firma de un convenio de cooperaci\u00f3n interinstitucional en el que participaron: el Ministerio del Ambiente y Agua, el Ministerio de Agricultura y Ganader\u00eda y 28 Gobiernos Aut\u00f3nomos Descentralizados amaz\u00f3nicos. El objetivo de este encuentro fue formalizar el compromiso de las partes, para continuar trabajando de manera articulada en el desarrollo de proyectos e instrumentos de planificaci\u00f3n local, entre los que se encuentran: los Planes de Desarrollo y Ordenamiento Territorial (PDOT) y los Planes de Uso y Gesti\u00f3n del Suelo (PUGS).  <\/p>\r\n\r\n\r\n\r\n<p>Este convenio, que tendr\u00e1 una duraci\u00f3n de 4 a\u00f1os a partir de su firma, crear\u00e1 un marco institucional y operativo para la ejecuci\u00f3n de pol\u00edticas habilitantes y acciones locales encaminadas a mitigar los efectos del cambio clim\u00e1tico, fomentar la producci\u00f3n sostenible libre de deforestaci\u00f3n; y la conservaci\u00f3n de bosques en la Amazon\u00eda ecuatoriana. <\/p>\r\n\r\n\r\n\r\n<p>Bajo este enfoque, PROAmazon\u00eda, una iniciativa del Ministerio del Ambiente y Agua (MAAE), el Ministerio de Agricultura y Ganader\u00eda (MAG) con apoyo de PNUD; implementar\u00e1 las acciones enmarcadas en este convenio, en coordinaci\u00f3n con los GAD, y dar\u00e1 continuidad a la asistencia t\u00e9cnica que brinda actualmente a los Gobiernos Aut\u00f3nomos Descentralizados de los tres niveles de gobierno, desde el 2019, para actualizar sus PDOT. Esto con el objetivo de contribuir con iniciativas relacionadas al desarrollo de programas de restauraci\u00f3n en \u00e1reas deforestadas, proyectos de agricultura y ganader\u00eda, la creaci\u00f3n de \u00e1reas protegidas, entre otros proyectos. <\/p>\r\n\r\n\r\n\r\n<p>Durante este evento, se resalt\u00f3 que este convenio constituye un instrumento habilitante que facilitar\u00e1 la implementaci\u00f3n y aplicaci\u00f3n de pol\u00edticas p\u00fablicas especializadas, que contemplan las necesidades de la Amazon\u00eda, considerando sus caracter\u00edsticas biof\u00edsicas y socio culturales, que promuevan la utilizaci\u00f3n sostenible de los recursos naturales de la regi\u00f3n, lo que contribuir\u00e1 a mejorar las condiciones de vida de sus habitantes. <\/p>\r\n\r\n\r\n\r\n<p>Este encuentro cont\u00f3 con la participaci\u00f3n del ministro del Ambiente y Agua, Paulo Proa\u00f1o; el ministro de Agricultura y Ganader\u00eda, Xavier Laso; la representante del Programa de Naciones Unidas para el Desarrollo, Matilde Mordt, la Coordinadora del Componente de Pol\u00edticas e Institucionalidad de PROAmazon\u00eda, Ver\u00f3nica Estrella; los representantes de los municipios, prefecturas y juntas parroquiales de las seis provincias amaz\u00f3nicas de: Sucumb\u00edos; Orellana; Napo; Pastaza, Morona Santiago y Zamora Chinchipe. <\/p>\r\n\r\n\r\n\r\n<p>De esta manera; a trav\u00e9s del trabajo conjunto entre instituciones de los tres niveles de gobierno, se contribuir\u00e1 a promover el desarrollo en las provincias de la Amazon\u00eda ecuatoriana, proteger la biodiversidad y su enorme riqueza natural que hace de este escenario un lugar \u00fanico en el mundo. <\/p>\r\n\r\n\r\n\r\n<div class=\"wp-block-image\"><figure class=\"aligncenter is-resized\"><img loading=\"lazy\" decoding=\"async\" src=\"https:\/\/www.proamazonia.org\/wp-content\/uploads\/2020\/10\/image-1-1024x618.png\" alt=\"\" class=\"wp-image-3542\" width=\"512\" height=\"309\" srcset=\"https:\/\/www.proamazonia.org\/ppr\/wp-content\/uploads\/2020\/10\/image-1.png 1024w, https:\/\/www.proamazonia.org\/ppr\/wp-content\/uploads\/2020\/10\/image-1-300x181.png 300w, https:\/\/www.proamazonia.org\/ppr\/wp-content\/uploads\/2020\/10\/image-1-768x464.png 768w\" sizes=\"auto, (max-width: 512px) 100vw, 512px\" \/><figcaption><strong>Fotograf\u00eda:<\/strong>&nbsp;PROAmazon\u00eda&nbsp;&#8211; Evento virtual de firma de Convenio&nbsp;<\/figcaption><\/figure><\/div>","protected":false},"excerpt":{"rendered":"<p>El 27 de octubre; a trav\u00e9s de un evento virtual, se llev\u00f3 a cabo la firma de un convenio de cooperaci\u00f3n interinstitucional en el que participaron: el Ministerio del Ambiente y Agua, el Ministerio de Agricultura y Ganader\u00eda y 28 Gobiernos Aut\u00f3nomos Descentralizados amaz\u00f3nicos. El objetivo de este encuentro fue formalizar el compromiso de las partes, para continuar trabajando de manera articulada en el desarrollo de proyectos e instrumentos de planificaci\u00f3n local, entre los que se encuentran: los Planes de Desarrollo y Ordenamiento Territorial (PDOT) y los Planes de Uso y Gesti\u00f3n del Suelo (PUGS). Este convenio, que tendr\u00e1 una duraci\u00f3n de 4 a\u00f1os a partir de su firma, crear\u00e1 un marco institucional y operativo para la ejecuci\u00f3n de pol\u00edticas habilitantes y acciones locales encaminadas a mitigar los efectos del cambio clim\u00e1tico, fomentar la producci\u00f3n sostenible libre de deforestaci\u00f3n; y la conservaci\u00f3n de bosques en la Amazon\u00eda ecuatoriana. Bajo este enfoque, PROAmazon\u00eda, una iniciativa del Ministerio del Ambiente y Agua (MAAE), el Ministerio de Agricultura y Ganader\u00eda (MAG) con apoyo de PNUD; implementar\u00e1 las acciones enmarcadas en este convenio, en coordinaci\u00f3n con los GAD, y dar\u00e1 continuidad a la asistencia t\u00e9cnica que brinda actualmente a los Gobiernos Aut\u00f3nomos Descentralizados de [&hellip;]<\/p>\n","protected":false},"author":2,"featured_media":3582,"comment_status":"open","ping_status":"open","sticky":false,"template":"","format":"standard","meta":{"_uf_show_specific_survey":0,"_uf_disable_surveys":false,"footnotes":""},"categories":[24],"tags":[],"class_list":["post-3541","post","type-post","status-publish","format-standard","has-post-thumbnail","hentry","category-politicas-e-institucionalidad"],"aioseo_notices":[],"_links":{"self":[{"href":"https:\/\/www.proamazonia.org\/ppr\/wp-json\/wp\/v2\/posts\/3541","targetHints":{"allow":["GET"]}}],"collection":[{"href":"https:\/\/www.proamazonia.org\/ppr\/wp-json\/wp\/v2\/posts"}],"about":[{"href":"https:\/\/www.proamazonia.org\/ppr\/wp-json\/wp\/v2\/types\/post"}],"author":[{"embeddable":true,"href":"https:\/\/www.proamazonia.org\/ppr\/wp-json\/wp\/v2\/users\/2"}],"replies":[{"embeddable":true,"href":"https:\/\/www.proamazonia.org\/ppr\/wp-json\/wp\/v2\/comments?post=3541"}],"version-history":[{"count":5,"href":"https:\/\/www.proamazonia.org\/ppr\/wp-json\/wp\/v2\/posts\/3541\/revisions"}],"predecessor-version":[{"id":4049,"href":"https:\/\/www.proamazonia.org\/ppr\/wp-json\/wp\/v2\/posts\/3541\/revisions\/4049"}],"wp:featuredmedia":[{"embeddable":true,"href":"https:\/\/www.proamazonia.org\/ppr\/wp-json\/wp\/v2\/media\/3582"}],"wp:attachment":[{"href":"https:\/\/www.proamazonia.org\/ppr\/wp-json\/wp\/v2\/media?parent=3541"}],"wp:term":[{"taxonomy":"category","embeddable":true,"href":"https:\/\/www.proamazonia.org\/ppr\/wp-json\/wp\/v2\/categories?post=3541"},{"taxonomy":"post_tag","embeddable":true,"href":"https:\/\/www.proamazonia.org\/ppr\/wp-json\/wp\/v2\/tags?post=3541"}],"curies":[{"name":"wp","href":"https:\/\/api.w.org\/{rel}","templated":true}]}}