{"id":3545,"date":"2020-10-30T00:38:56","date_gmt":"2020-10-29T23:38:56","guid":{"rendered":"https:\/\/www.proamazonia.org\/?p=3545"},"modified":"2020-12-11T12:21:57","modified_gmt":"2020-12-11T17:21:57","slug":"desde-la-amazonia-voces-por-la-igualdad","status":"publish","type":"post","link":"https:\/\/www.proamazonia.org\/ppr\/desde-la-amazonia-voces-por-la-igualdad\/","title":{"rendered":"DESDE LA AMAZON\u00cdA; VOCES POR LA IGUALDAD"},"content":{"rendered":"<p>Pese a los problemas de discriminaci\u00f3n y violencia que han enfrentado durante generaciones, las mujeres rurales, ellas se encuentran en la primera l\u00ednea de lucha frente a la crisis sanitaria mundial. En conmemoraci\u00f3n del D\u00eda Internacional de las Mujeres rurales, que se conmemora cada 15 de octubre, ellas nos hablan de sus esfuerzos de resiliencia. <\/p>\r\n\r\n\r\n\r\n<p><em>\u201cLa situaci\u00f3n de la mujer rural es muy penosa; somos discriminadas, violentadas, sufrimos un machismo estructural y ahora somos las m\u00e1s afectadas por la pandemia, teniendo que enfrentar el COVID-19\u201d <\/em>comenta Carmen Sukilanda, mujer dirigente de Salud Intercultural y Soberan\u00eda Alimentaria de la Confederaci\u00f3n de Nacionalidades Ind\u00edgenas del Ecuador (CONAIE).<\/p>\r\n\r\n\r\n\r\n<p>En ese sentido, la Directora Ejecutiva de ONU Mujeres, Phumzile Mlambo-Ngcuka, con motivo del D\u00eda Internacional de las Mujeres Rurales, se\u00f1al\u00f3 que: <em>\u201cLas funciones esenciales de las mujeres rurales como agricultoras, trabajadoras, emprendedoras, l\u00edderes comunitarias y personal de atenci\u00f3n en primera l\u00ednea en momentos de crisis son fundamentales para construir sociedades pac\u00edficas, pr\u00f3speras y sostenibles. La pandemia de COVID-19 amenaza con hacer retroceder estas importantes contribuciones\u201d.<\/em><\/p>\r\n\r\n\r\n\r\n<p>La crisis sanitaria confront\u00f3 a las mujeres rurales a nuevos retos: horarios de trabajo extendidos en la labor diaria por mantener la seguridad alimentaria de los suyos y de sus comunidades, cuidados especiales para proteger a sus familias del virus y en muchos casos, mercados cerrados que les imped\u00edan la venta de sus productos. Pese a ello, han encontrado respuestas en el mismo campo. <\/p>\r\n\r\n\r\n\r\n<p>Dominga Ant\u00fa, vicepresidenta de la Federaci\u00f3n de la Nacionalidad Shuar de Zamora Chinchipe (FEPNASH-ZCH), asegura que la pandemia no la limit\u00f3 a trabajar en sus plantaciones de yuca, pl\u00e1tanos, de cuidar sus aves, o continuar con los oficios dom\u00e9sticos; as\u00ed como ejercer sus funciones de lideresas comunitarias. <\/p>\r\n\r\n\r\n\r\n<p>Ella, al igual que Carmen Sukilanda y un amplio grupo de mujeres de las nacionalidades Shuar, Kichwa, Waorani, Achuar, Shiwiar, Andwa, Siekopai, Cofan, Quijos y Saraguro participan en un proceso de formaci\u00f3n en la Escuela Antisuyu Warmikuna \u201cYachay Wasi\u201d en donde analizan temas de igualdad de g\u00e9nero, derechos humanos y derechos de las mujeres como parte del trabajo que realiza el proyecto \u201cIncorporaci\u00f3n del enfoque de g\u00e9nero en el programa PROAmazon\u00eda: Proyecto GEF\u201d implementado por ONU Mujeres en Convenio con PNUD.   <\/p>\r\n\r\n\r\n\r\n<p>Integrar adecuadamente la participaci\u00f3n plena de los pueblos y nacionalidades ind\u00edgenas, considerando la igualdad de g\u00e9nero es fundamental para lograr los objetivos integrales del programa PROAmazon\u00eda, iniciativa liderada por el Ministerio del Ambiente y Agua (MAAE) y el Ministerio de Agricultura y Ganader\u00eda (MAG) con apoyo de PNUD. <\/p>\r\n\r\n\r\n\r\n<p>La incorporaci\u00f3n del enfoque de g\u00e9nero en los espacios de toma de decisiones, en su organizaci\u00f3n y en sus mecanismos, posibilita debilitar las barreras de acceso que las mujeres deben enfrentar. Cuando un espacio de toma de decisiones ha incluido el enfoque de g\u00e9nero se pueden establecer, por ejemplo, la consideraci\u00f3n de los horarios de las mujeres, la corresponsabilidad en las tareas del cuidado y la creaci\u00f3n de espacios seguros para la participaci\u00f3n de las mujeres. Seg\u00fan el \u201cDiagn\u00f3stico de la situaci\u00f3n de las mujeres amaz\u00f3nicas, ONU Mujeres &#8211; PROAmazon\u00eda\u201d (octubre 2020), las brechas de g\u00e9nero est\u00e1n m\u00e1s marcadas en esta regi\u00f3n. En promedio, las mujeres amaz\u00f3nicas dedican cuatro veces m\u00e1s tiempo que los hombres al trabajo no remunerado. <\/p>\r\n\r\n\r\n\r\n<p>Aunque tanto Dominga como Carmen coinciden en que por la pandemia las mujeres campesinas enfrentaron diferentes formas de discriminaci\u00f3n, encontraron entre ellas el apoyo necesario para solventar las necesidades. Seg\u00fan Carmen, por las medidas de bioseguridad \u201calgunas mujeres quer\u00edan entrar a un banco y les dec\u00edan que deb\u00edan entrar con los guantes, con las mascarillas y quiz\u00e1s nuestras mujeres no ten\u00edan ese d\u00f3lar para poder comprar esos implementos de seguridad\u201d pero entre ellas se organizaron para gestionar kits y se apoyaron para la compra de productos como jab\u00f3n.<\/p>\r\n\r\n\r\n\r\n<p><em>\u201cHemos visto que los hermanos mestizos en la ciudad han sufrido bastante, a nosotros en el campo no nos ha faltado nada; pescado tengo, gallina tengo, yuca tengo y si de repente nos hace falta algo, organizamos algo m\u00e1s con lo que hay\u201d <\/em>asegura Dominga, quien se\u00f1ala que la pandemia nos ha hecho despertar a todos. <\/p>\r\n\r\n\r\n\r\n<p>Carmen asegura que <em>\u201ctenemos que volver la mirada al campo, a nuestra Pachamama, a nuestra tierra, a nuestros sembr\u00edos. \u00bfPor qu\u00e9 no lo valoramos? En esta pandemia, hemos visto cu\u00e1nto vale la medicina ancestral, cu\u00e1nto vale volver la mirada al campo, que nos mantiene fuertes\u201d. <\/em><\/p>\r\n\r\n\r\n\r\n<ul class=\"wp-block-gallery columns-3 is-cropped\"><li class=\"blocks-gallery-item\"><figure><img loading=\"lazy\" decoding=\"async\" width=\"1024\" height=\"576\" src=\"https:\/\/www.proamazonia.org\/wp-content\/uploads\/2020\/10\/image-12-1024x576.jpeg\" alt=\"\" data-id=\"3546\" data-link=\"https:\/\/www.proamazonia.org\/?attachment_id=3546\" class=\"wp-image-3546\" srcset=\"https:\/\/www.proamazonia.org\/ppr\/wp-content\/uploads\/2020\/10\/image-12.jpeg 1024w, https:\/\/www.proamazonia.org\/ppr\/wp-content\/uploads\/2020\/10\/image-12-300x169.jpeg 300w, https:\/\/www.proamazonia.org\/ppr\/wp-content\/uploads\/2020\/10\/image-12-768x432.jpeg 768w, https:\/\/www.proamazonia.org\/ppr\/wp-content\/uploads\/2020\/10\/image-12-1000x563.jpeg 1000w\" sizes=\"auto, (max-width: 1024px) 100vw, 1024px\" \/><\/figure><\/li><li class=\"blocks-gallery-item\"><figure><img loading=\"lazy\" decoding=\"async\" width=\"1024\" height=\"576\" src=\"https:\/\/www.proamazonia.org\/wp-content\/uploads\/2020\/10\/image-13-1024x576.jpeg\" alt=\"\" data-id=\"3547\" data-link=\"https:\/\/www.proamazonia.org\/?attachment_id=3547\" class=\"wp-image-3547\" srcset=\"https:\/\/www.proamazonia.org\/ppr\/wp-content\/uploads\/2020\/10\/image-13.jpeg 1024w, https:\/\/www.proamazonia.org\/ppr\/wp-content\/uploads\/2020\/10\/image-13-300x169.jpeg 300w, https:\/\/www.proamazonia.org\/ppr\/wp-content\/uploads\/2020\/10\/image-13-768x432.jpeg 768w, https:\/\/www.proamazonia.org\/ppr\/wp-content\/uploads\/2020\/10\/image-13-1000x563.jpeg 1000w\" sizes=\"auto, (max-width: 1024px) 100vw, 1024px\" \/><\/figure><\/li><li class=\"blocks-gallery-item\"><figure><img loading=\"lazy\" decoding=\"async\" width=\"1024\" height=\"576\" src=\"https:\/\/www.proamazonia.org\/wp-content\/uploads\/2020\/10\/image-14-1024x576.jpeg\" alt=\"\" data-id=\"3548\" data-link=\"https:\/\/www.proamazonia.org\/?attachment_id=3548\" class=\"wp-image-3548\" srcset=\"https:\/\/www.proamazonia.org\/ppr\/wp-content\/uploads\/2020\/10\/image-14.jpeg 1024w, https:\/\/www.proamazonia.org\/ppr\/wp-content\/uploads\/2020\/10\/image-14-300x169.jpeg 300w, https:\/\/www.proamazonia.org\/ppr\/wp-content\/uploads\/2020\/10\/image-14-768x432.jpeg 768w, https:\/\/www.proamazonia.org\/ppr\/wp-content\/uploads\/2020\/10\/image-14-1000x563.jpeg 1000w\" sizes=\"auto, (max-width: 1024px) 100vw, 1024px\" \/><\/figure><\/li><\/ul>\r\n<p style=\"text-align:center\"><p style=\"text-align:center; text-align:13px;\"><strong>Fotograf\u00edas<\/strong><strong>:<\/strong>&nbsp;Marcelo Echeverr\u00eda &#8211; La&nbsp;Incre\/ONUMujeres,&nbsp;(Noviembre&nbsp;del 2019)&nbsp;<\/p><\/p>\r\n\r\n\r\n\r\n<p><strong>Autora:&nbsp;<\/strong>Julissa Guevara \u2013&nbsp;Consultora&nbsp;de&nbsp;Comunicaci\u00f3n&nbsp;&#8211;&nbsp;ONU Mujeres&nbsp;<\/p>","protected":false},"excerpt":{"rendered":"<p>Pese a los problemas de discriminaci\u00f3n y violencia que han enfrentado durante generaciones, las mujeres rurales, ellas se encuentran en la primera l\u00ednea de lucha frente a la crisis sanitaria mundial. En conmemoraci\u00f3n del D\u00eda Internacional de las Mujeres rurales, que se conmemora cada 15 de octubre, ellas nos hablan de sus esfuerzos de resiliencia. \u201cLa situaci\u00f3n de la mujer rural es muy penosa; somos discriminadas, violentadas, sufrimos un machismo estructural y ahora somos las m\u00e1s afectadas por la pandemia, teniendo que enfrentar el COVID-19\u201d comenta Carmen Sukilanda, mujer dirigente de Salud Intercultural y Soberan\u00eda Alimentaria de la Confederaci\u00f3n de Nacionalidades Ind\u00edgenas del Ecuador (CONAIE). En ese sentido, la Directora Ejecutiva de ONU Mujeres, Phumzile Mlambo-Ngcuka, con motivo del D\u00eda Internacional de las Mujeres Rurales, se\u00f1al\u00f3 que: \u201cLas funciones esenciales de las mujeres rurales como agricultoras, trabajadoras, emprendedoras, l\u00edderes comunitarias y personal de atenci\u00f3n en primera l\u00ednea en momentos de crisis son fundamentales para construir sociedades pac\u00edficas, pr\u00f3speras y sostenibles. La pandemia de COVID-19 amenaza con hacer retroceder estas importantes contribuciones\u201d. La crisis sanitaria confront\u00f3 a las mujeres rurales a nuevos retos: horarios de trabajo extendidos en la labor diaria por mantener la seguridad alimentaria de los suyos y de [&hellip;]<\/p>\n","protected":false},"author":2,"featured_media":3627,"comment_status":"open","ping_status":"open","sticky":false,"template":"","format":"standard","meta":{"_uf_show_specific_survey":0,"_uf_disable_surveys":false,"footnotes":""},"categories":[33],"tags":[],"class_list":["post-3545","post","type-post","status-publish","format-standard","has-post-thumbnail","hentry","category-involucramiento-de-actores"],"aioseo_notices":[],"_links":{"self":[{"href":"https:\/\/www.proamazonia.org\/ppr\/wp-json\/wp\/v2\/posts\/3545","targetHints":{"allow":["GET"]}}],"collection":[{"href":"https:\/\/www.proamazonia.org\/ppr\/wp-json\/wp\/v2\/posts"}],"about":[{"href":"https:\/\/www.proamazonia.org\/ppr\/wp-json\/wp\/v2\/types\/post"}],"author":[{"embeddable":true,"href":"https:\/\/www.proamazonia.org\/ppr\/wp-json\/wp\/v2\/users\/2"}],"replies":[{"embeddable":true,"href":"https:\/\/www.proamazonia.org\/ppr\/wp-json\/wp\/v2\/comments?post=3545"}],"version-history":[{"count":7,"href":"https:\/\/www.proamazonia.org\/ppr\/wp-json\/wp\/v2\/posts\/3545\/revisions"}],"predecessor-version":[{"id":4048,"href":"https:\/\/www.proamazonia.org\/ppr\/wp-json\/wp\/v2\/posts\/3545\/revisions\/4048"}],"wp:featuredmedia":[{"embeddable":true,"href":"https:\/\/www.proamazonia.org\/ppr\/wp-json\/wp\/v2\/media\/3627"}],"wp:attachment":[{"href":"https:\/\/www.proamazonia.org\/ppr\/wp-json\/wp\/v2\/media?parent=3545"}],"wp:term":[{"taxonomy":"category","embeddable":true,"href":"https:\/\/www.proamazonia.org\/ppr\/wp-json\/wp\/v2\/categories?post=3545"},{"taxonomy":"post_tag","embeddable":true,"href":"https:\/\/www.proamazonia.org\/ppr\/wp-json\/wp\/v2\/tags?post=3545"}],"curies":[{"name":"wp","href":"https:\/\/api.w.org\/{rel}","templated":true}]}}