{"id":3550,"date":"2020-10-30T00:45:01","date_gmt":"2020-10-29T23:45:01","guid":{"rendered":"https:\/\/www.proamazonia.org\/?p=3550"},"modified":"2020-12-11T12:14:53","modified_gmt":"2020-12-11T17:14:53","slug":"ecuador-presenta-el-segundo-nivel-de-referencia-de-emisiones-forestales-a-las-naciones-unidas","status":"publish","type":"post","link":"https:\/\/www.proamazonia.org\/ppr\/ecuador-presenta-el-segundo-nivel-de-referencia-de-emisiones-forestales-a-las-naciones-unidas\/","title":{"rendered":"ECUADOR PRESENTA EL SEGUNDO NIVEL DE REFERENCIA DE EMISIONES FORESTALES A LAS NACIONES UNIDAS"},"content":{"rendered":"<p>El Ministerio del Ambiente y Agua<sup>[1]<\/sup> (MAAE); present\u00f3 el segundo Nivel de Referencia de Emisiones Forestales por Deforestaci\u00f3n, periodo 2001-2014, a la Convenci\u00f3n Marco de las Naciones Unidas para el Cambio Clim\u00e1tico (CMNUCC), el 06 de enero de 2020. <\/p>\r\n\r\n\r\n\r\n<p>El Nivel de Referencia de Emisiones Forestales por Deforestaci\u00f3n (NREF-D) tiene un alcance nacional, se establece como la l\u00ednea base para evaluar el desempe\u00f1o del pa\u00eds en la implementaci\u00f3n de actividades REDD+ y es el par\u00e1metro para la medici\u00f3n, reporte y verificaci\u00f3n de la reducci\u00f3n de emisiones de carbono forestal en contexto de pago por resultados. <\/p>\r\n\r\n\r\n\r\n<p>La Evaluaci\u00f3n T\u00e9cnica se encuentra a cargo de los expertos de la CMNUCC, y se halla actualmente en revisi\u00f3n. El equipo t\u00e9cnico del MAAE, ha mantenido una primera interacci\u00f3n con los evaluadores y seguir\u00e1 atendiendo los requerimientos para solventar las dudas que surjan dentro de este proceso. <\/p>\r\n\r\n\r\n\r\n<p>El MAAE; a trav\u00e9s de este informe espera avanzar hacia nuevos acuerdos multilaterales o bilaterales para acceder y obtener Pagos por Resultados de REDD+. Actualmente, el Ecuador est\u00e1 ejecutando y desarrollando medidas, acciones y planes estrat\u00e9gicos de intervenci\u00f3n territorial con \u00e9nfasis en la reducci\u00f3n la deforestaci\u00f3n a nivel nacional. <\/p>\r\n\r\n\r\n\r\n<p><strong>Antecedentes<\/strong>&nbsp;<\/p>\r\n\r\n\r\n\r\n<p>En el 2014, Ecuador present\u00f3 su primer Nivel de Referencia de Emisiones Forestales por Deforestaci\u00f3n (NREF-D) con un alcance nacional. El documento pas\u00f3 por un proceso de Evaluaci\u00f3n T\u00e9cnica por parte de los expertos de la CMNUCC en el a\u00f1o 2015. El informe t\u00e9cnico de los evaluadores, consider\u00f3 que este fue, consistente, coherente y transparente. <\/p>\r\n\r\n\r\n\r\n<p style=\"padding-bottom:20px;\">Puede encontrar el primer informe en el siguiente link:&nbsp;<a rel=\"noreferrer noopener\" href=\"http:\/\/reddecuador.ambiente.gob.ec\/redd\/wp-content\/uploads\/2017\/08\/Nivel-Referencia-Emisiones-Forestales-Deforestacion_Ecuador_Actualizado-2015_ingles.pdf\" target=\"_blank\">http:\/\/reddecuador.ambiente.gob.ec\/redd\/wp-content\/uploads\/2017\/08\/Nivel-Referencia-Emisiones-Forestales-Deforestacion_Ecuador_Actualizado-2015_ingles.pdf<\/a><\/p>\r\n\r\n\r\n\r\n<ul class=\"wp-block-gallery columns-2 is-cropped wp-block-gallery-1 is-layout-flex wp-block-gallery-is-layout-flex\"><li class=\"blocks-gallery-item\"><figure><img loading=\"lazy\" decoding=\"async\" width=\"1024\" height=\"683\" src=\"https:\/\/www.proamazonia.org\/wp-content\/uploads\/2020\/10\/image-15-1024x683.jpeg\" alt=\"\" data-id=\"3551\" data-link=\"https:\/\/www.proamazonia.org\/ecuador-presenta-el-segundo-nivel-de-referencia-de-emisiones-forestales-a-las-naciones-unidas\/image-15-3\/\" class=\"wp-image-3551\" srcset=\"https:\/\/www.proamazonia.org\/ppr\/wp-content\/uploads\/2020\/10\/image-15.jpeg 1024w, https:\/\/www.proamazonia.org\/ppr\/wp-content\/uploads\/2020\/10\/image-15-300x200.jpeg 300w, https:\/\/www.proamazonia.org\/ppr\/wp-content\/uploads\/2020\/10\/image-15-768x512.jpeg 768w, https:\/\/www.proamazonia.org\/ppr\/wp-content\/uploads\/2020\/10\/image-15-600x400.jpeg 600w\" sizes=\"auto, (max-width: 1024px) 100vw, 1024px\" \/><\/figure><\/li><li class=\"blocks-gallery-item\"><figure><img loading=\"lazy\" decoding=\"async\" width=\"1024\" height=\"683\" src=\"https:\/\/www.proamazonia.org\/wp-content\/uploads\/2020\/10\/image-16-1024x683.jpeg\" alt=\"\" data-id=\"3552\" data-link=\"https:\/\/www.proamazonia.org\/ecuador-presenta-el-segundo-nivel-de-referencia-de-emisiones-forestales-a-las-naciones-unidas\/image-16-3\/\" class=\"wp-image-3552\" srcset=\"https:\/\/www.proamazonia.org\/ppr\/wp-content\/uploads\/2020\/10\/image-16.jpeg 1024w, https:\/\/www.proamazonia.org\/ppr\/wp-content\/uploads\/2020\/10\/image-16-300x200.jpeg 300w, https:\/\/www.proamazonia.org\/ppr\/wp-content\/uploads\/2020\/10\/image-16-768x512.jpeg 768w, https:\/\/www.proamazonia.org\/ppr\/wp-content\/uploads\/2020\/10\/image-16-600x400.jpeg 600w\" sizes=\"auto, (max-width: 1024px) 100vw, 1024px\" \/><\/figure><\/li><\/ul>\r\n\r\n\r\n\r\n<p style=\"text-align:center; font-size:13px;\"><strong>Fotograf\u00edas: <\/strong>Jorge Armijos   \r\n<\/br>\r\n<strong>Descripci\u00f3n:<\/strong> Cant\u00f3n M\u00e9ndez, Provincia de Morona Santiago<\/p>\r\n\r\n\r\n\r\n<p><strong>Autor:<\/strong>  Jorge Armijos \u2013 T\u00e9cnico Especialista en Nivel de Referencia de Emisiones Forestales FAO-PROAmazon\u00eda <\/p>\r\n\r\n\r\n\r\n<p><a rel=\"noreferrer noopener\" href=\"https:\/\/usc-word-edit.officeapps.live.com\/we\/wordeditorframe.aspx?ui=es%2DES&amp;rs=es%2DES&amp;wopisrc=https%3A%2F%2Fproamazonia-my.sharepoint.com%2Fpersonal%2Fpserrano_proamazonia_org%2F_vti_bin%2Fwopi.ashx%2Ffiles%2F2ebfc6a958dc4d8fa1b30b39a155294a&amp;wdenableroaming=1&amp;mscc=1&amp;wdodb=1&amp;hid=73A1879F-404D-B000-5AAC-F26AD19C7159&amp;wdorigin=ItemsView&amp;wdhostclicktime=1603766213528&amp;jsapi=1&amp;jsapiver=v1&amp;newsession=1&amp;corrid=1b981f0d-040a-4713-b65b-748a0ced8271&amp;usid=1b981f0d-040a-4713-b65b-748a0ced8271&amp;sftc=1&amp;instantedit=1&amp;wopicomplete=1&amp;wdredirectionreason=Unified_SingleFlush&amp;rct=Medium&amp;ctp=LeastProtected#_ftnref1\" target=\"_blank\"><sup>[1]<\/sup><\/a>\u00a0Las unidades directamente vinculadas en el desarrollo de este documento son: la Subsecretar\u00eda de Cambio Clim\u00e1tico, la Subsecretar\u00eda de Patrimonio Natural con el Sistema Nacional de Monitoreo de Bosques y adem\u00e1s cuenta con el apoyo t\u00e9cnico de la Organizaci\u00f3n de las Naciones Unidas para la Alimentaci\u00f3n y la Agricultura (FAO), a trav\u00e9s de\u00a0PROAmazon\u00eda.\u00a0<\/p>","protected":false},"excerpt":{"rendered":"<p>El Ministerio del Ambiente y Agua[1] (MAAE); present\u00f3 el segundo Nivel de Referencia de Emisiones Forestales por Deforestaci\u00f3n, periodo 2001-2014, a la Convenci\u00f3n Marco de las Naciones Unidas para el Cambio Clim\u00e1tico (CMNUCC), el 06 de enero de 2020. El Nivel de Referencia de Emisiones Forestales por Deforestaci\u00f3n (NREF-D) tiene un alcance nacional, se establece como la l\u00ednea base para evaluar el desempe\u00f1o del pa\u00eds en la implementaci\u00f3n de actividades REDD+ y es el par\u00e1metro para la medici\u00f3n, reporte y verificaci\u00f3n de la reducci\u00f3n de emisiones de carbono forestal en contexto de pago por resultados. La Evaluaci\u00f3n T\u00e9cnica se encuentra a cargo de los expertos de la CMNUCC, y se halla actualmente en revisi\u00f3n. El equipo t\u00e9cnico del MAAE, ha mantenido una primera interacci\u00f3n con los evaluadores y seguir\u00e1 atendiendo los requerimientos para solventar las dudas que surjan dentro de este proceso. El MAAE; a trav\u00e9s de este informe espera avanzar hacia nuevos acuerdos multilaterales o bilaterales para acceder y obtener Pagos por Resultados de REDD+. Actualmente, el Ecuador est\u00e1 ejecutando y desarrollando medidas, acciones y planes estrat\u00e9gicos de intervenci\u00f3n territorial con \u00e9nfasis en la reducci\u00f3n la deforestaci\u00f3n a nivel nacional. Antecedentes&nbsp; En el 2014, Ecuador present\u00f3 su primer Nivel [&hellip;]<\/p>\n","protected":false},"author":2,"featured_media":3630,"comment_status":"open","ping_status":"open","sticky":false,"template":"","format":"standard","meta":{"_uf_show_specific_survey":0,"_uf_disable_surveys":false,"footnotes":""},"categories":[30,31],"tags":[],"class_list":["post-3550","post","type-post","status-publish","format-standard","has-post-thumbnail","hentry","category-conservacion","category-restauracion"],"aioseo_notices":[],"_links":{"self":[{"href":"https:\/\/www.proamazonia.org\/ppr\/wp-json\/wp\/v2\/posts\/3550","targetHints":{"allow":["GET"]}}],"collection":[{"href":"https:\/\/www.proamazonia.org\/ppr\/wp-json\/wp\/v2\/posts"}],"about":[{"href":"https:\/\/www.proamazonia.org\/ppr\/wp-json\/wp\/v2\/types\/post"}],"author":[{"embeddable":true,"href":"https:\/\/www.proamazonia.org\/ppr\/wp-json\/wp\/v2\/users\/2"}],"replies":[{"embeddable":true,"href":"https:\/\/www.proamazonia.org\/ppr\/wp-json\/wp\/v2\/comments?post=3550"}],"version-history":[{"count":16,"href":"https:\/\/www.proamazonia.org\/ppr\/wp-json\/wp\/v2\/posts\/3550\/revisions"}],"predecessor-version":[{"id":4047,"href":"https:\/\/www.proamazonia.org\/ppr\/wp-json\/wp\/v2\/posts\/3550\/revisions\/4047"}],"wp:featuredmedia":[{"embeddable":true,"href":"https:\/\/www.proamazonia.org\/ppr\/wp-json\/wp\/v2\/media\/3630"}],"wp:attachment":[{"href":"https:\/\/www.proamazonia.org\/ppr\/wp-json\/wp\/v2\/media?parent=3550"}],"wp:term":[{"taxonomy":"category","embeddable":true,"href":"https:\/\/www.proamazonia.org\/ppr\/wp-json\/wp\/v2\/categories?post=3550"},{"taxonomy":"post_tag","embeddable":true,"href":"https:\/\/www.proamazonia.org\/ppr\/wp-json\/wp\/v2\/tags?post=3550"}],"curies":[{"name":"wp","href":"https:\/\/api.w.org\/{rel}","templated":true}]}}