{"id":3563,"date":"2020-10-30T01:08:05","date_gmt":"2020-10-30T00:08:05","guid":{"rendered":"https:\/\/www.proamazonia.org\/?p=3563"},"modified":"2020-12-11T10:31:15","modified_gmt":"2020-12-11T15:31:15","slug":"consulta-libre-previa-e-informada-de-la-asociacion-shuar-el-pangui-elaboracion-de-plan-de-vida","status":"publish","type":"post","link":"https:\/\/www.proamazonia.org\/ppr\/consulta-libre-previa-e-informada-de-la-asociacion-shuar-el-pangui-elaboracion-de-plan-de-vida\/","title":{"rendered":"CONSULTA LIBRE, PREVIA E INFORMADA DE LA ASOCIACI\u00d3N SHUAR EL PANGUI &#8211; ELABORACI\u00d3N DE PLAN DE VIDA"},"content":{"rendered":"<p>Un Plan de Vida es considerado un instrumento que aporta a la gobernanza de pueblos y nacionalidades;  por medio del cual se planifica su desarrollo, se establecen objetivos y metas que est\u00e1n alineadas con su cosmovisi\u00f3n; a trav\u00e9s de consensos entre toda la comunidad. Tambi\u00e9n es una herramienta que orienta las formas de relacionarse con actores externos a la comunidad. El plan de vida permite conocer sobre el territorio, bioeconom\u00eda, pluriversidad, cosmovisi\u00f3n, autonom\u00eda para involucrar estos temas en la planificaci\u00f3n y articulaci\u00f3n multinivel con los Gobiernos Aut\u00f3nomos Descentralizados.  Por lo tanto, un plan de vida es importante para considerar la cosmovisi\u00f3n de comunidades ind\u00edgenas en la planificaci\u00f3n del desarrollo y ordenamiento territorial.  <\/p>\r\n\r\n\r\n\r\n<p>PROAmazon\u00eda, ha apoyado en coordinaci\u00f3n con la CONFENIAE, a la formulaci\u00f3n de cuatro Planes de Vida. Desde el mes de septiembre del presente a\u00f1o, se coordinan acciones con la Confederaci\u00f3n y Asociaci\u00f3n Provincial de la Federaci\u00f3n Shuar de Zamora Chinchipe \u2013 FEPNASH- Zamora Chinchipe  para iniciar con el apoyo de un quinto Plan en la Asociaci\u00f3n Shuar El Pangui, ubicada en el cant\u00f3n El Pangui de la Provincia de Zamora Chinchipe.  Es importante mencionar, que es el primer plan de vida que se realizar\u00e1 para la nacionalidad Shuar en la provincia.  <\/p>\r\n\r\n\r\n\r\n<p>Bajo este contexto, el d\u00eda 11 de septiembre de 2020, en la comunidad Pashkius, se inici\u00f3 las actividades para el Plan de Vida. El primer paso es la \u201cConsulta previa, libre, e informada\u201d. Cabe mencionar, que, desde la Constituci\u00f3n Pol\u00edtica del Ecuador del a\u00f1o 1998, los pueblos ind\u00edgenas tienen derecho colectivo a la consulta previa en los casos de actividades extractivas de recursos naturales no renovables. As\u00ed tambi\u00e9n a partir de la Constituci\u00f3n del a\u00f1o 2008, el Estado reconoce y protege las diferentes culturas en un espacio territorial com\u00fan y tiene la obligaci\u00f3n de realizar la consulta a pueblos ind\u00edgenas, comunas, comunidades, pueblos y nacionalidades. En este sentido, implica el derecho de la participaci\u00f3n de estos colectivos para acceder a la informaci\u00f3n ambiental, a participar de los procesos de toma de decisiones y justicia ambiental.  <\/p>\r\n\r\n\r\n\r\n<p>Seg\u00fan la Defensor\u00eda del Pueblo (2011), la participaci\u00f3n es un derecho humano que busca lograr que las personas, comunidades y pueblos participen en la vida social y pol\u00edtica del Estado. Por lo tanto, para este comienzo del plan de vida, la consulta previa, libre e informada se realiz\u00f3 con la participaci\u00f3n de los s\u00edndicos de las cinco comunidades pertenecientes a la Asociaci\u00f3n; su Presidente, el se\u00f1or Pedro Hugo Ayui y representantes de las diferentes comunidades. Tambi\u00e9n participaron en este proceso el presidente de la CONFENIAE, se\u00f1or Marlon Vargas; el presidente de la FEPNASH-ZCH, se\u00f1or Washington Tiwi; as\u00ed como, representantes de las direcciones distritales del MAG, MAAE y de la Universidad Nacional de Loja. <\/p>\r\n\r\n\r\n\r\n<p>En este espacio se expres\u00f3 la voluntad de la Asociaci\u00f3n; a trav\u00e9s de sus representantes, de colaborar en el desarrollo del Plan de Vida, proceso que estar\u00e1 a cargo de la Universidad Nacional de Loja y de un equipo t\u00e9cnico designado por CONFENIAE en el marco de PROAmazon\u00eda. Posteriormente, se realizar\u00e1n encuestas para levantar la informaci\u00f3n en campo y realizar el diagn\u00f3stico respectivo de las comunidades de la Asociaci\u00f3n. <\/p>\r\n\r\n\r\n\r\n<div class=\"wp-block-image\"><figure class=\"aligncenter is-resized\"><img loading=\"lazy\" decoding=\"async\" src=\"https:\/\/www.proamazonia.org\/wp-content\/uploads\/2020\/10\/image-2.png\" alt=\"\" class=\"wp-image-3564\" width=\"564\" height=\"316\" srcset=\"https:\/\/www.proamazonia.org\/ppr\/wp-content\/uploads\/2020\/10\/image-2.png 503w, https:\/\/www.proamazonia.org\/ppr\/wp-content\/uploads\/2020\/10\/image-2-300x168.png 300w\" sizes=\"auto, (max-width: 564px) 100vw, 564px\" \/><figcaption><strong>Fotograf\u00eda:&nbsp;<\/strong>PROAmazon\u00eda&nbsp;&nbsp;<br>Dirigentes de la CONFENIAE, autoridades de MAG y MAAE de la provincia de Zamora Chinchipe&nbsp;en la Consulta&nbsp;previa,&nbsp;libre e&nbsp;informada para la Asociaci\u00f3n El&nbsp;Pangui.&nbsp;&nbsp;<br><strong>Fecha:&nbsp;<\/strong>11 de septiembre de 2020&nbsp;<\/figcaption><\/figure><\/div>\r\n\r\n\r\n\r\n<div class=\"wp-block-image\"><figure class=\"aligncenter is-resized\"><img loading=\"lazy\" decoding=\"async\" src=\"https:\/\/www.proamazonia.org\/wp-content\/uploads\/2020\/10\/image-3.png\" alt=\"\" class=\"wp-image-3565\" width=\"564\" height=\"372\"\/><figcaption><strong>Fotograf\u00eda:<\/strong>&nbsp;PROAmazon\u00eda&nbsp;<br>Pobladores y s\u00edndicos en la asamblea de la Asociaci\u00f3n El Pangui&nbsp;para la&nbsp;\u201cConsulta Previa,&nbsp;Libre e&nbsp;informada del Plan de vida\u201d&nbsp;<br><strong>Fecha:<\/strong>&nbsp;11 de septiembre de 2020&nbsp;<\/figcaption><\/figure><\/div>\r\n\r\n\r\n\r\n<p><strong>Autora:<\/strong>&nbsp;Ericka&nbsp;Hidalgo&#8211;&nbsp;T\u00e9cnica de Plataformas de la provincia de Zamora Chinchipe &#8211;&nbsp;PROAmazon\u00eda&nbsp;<\/p>","protected":false},"excerpt":{"rendered":"<p>Un Plan de Vida es considerado un instrumento que aporta a la gobernanza de pueblos y nacionalidades; por medio del cual se planifica su desarrollo, se establecen objetivos y metas que est\u00e1n alineadas con su cosmovisi\u00f3n; a trav\u00e9s de consensos entre toda la comunidad. Tambi\u00e9n es una herramienta que orienta las formas de relacionarse con actores externos a la comunidad. El plan de vida permite conocer sobre el territorio, bioeconom\u00eda, pluriversidad, cosmovisi\u00f3n, autonom\u00eda para involucrar estos temas en la planificaci\u00f3n y articulaci\u00f3n multinivel con los Gobiernos Aut\u00f3nomos Descentralizados. Por lo tanto, un plan de vida es importante para considerar la cosmovisi\u00f3n de comunidades ind\u00edgenas en la planificaci\u00f3n del desarrollo y ordenamiento territorial. PROAmazon\u00eda, ha apoyado en coordinaci\u00f3n con la CONFENIAE, a la formulaci\u00f3n de cuatro Planes de Vida. Desde el mes de septiembre del presente a\u00f1o, se coordinan acciones con la Confederaci\u00f3n y Asociaci\u00f3n Provincial de la Federaci\u00f3n Shuar de Zamora Chinchipe \u2013 FEPNASH- Zamora Chinchipe para iniciar con el apoyo de un quinto Plan en la Asociaci\u00f3n Shuar El Pangui, ubicada en el cant\u00f3n El Pangui de la Provincia de Zamora Chinchipe. Es importante mencionar, que es el primer plan de vida que se realizar\u00e1 para la nacionalidad Shuar [&hellip;]<\/p>\n","protected":false},"author":2,"featured_media":3641,"comment_status":"open","ping_status":"open","sticky":false,"template":"","format":"standard","meta":{"_uf_show_specific_survey":0,"_uf_disable_surveys":false,"footnotes":""},"categories":[24],"tags":[],"class_list":["post-3563","post","type-post","status-publish","format-standard","has-post-thumbnail","hentry","category-politicas-e-institucionalidad"],"aioseo_notices":[],"_links":{"self":[{"href":"https:\/\/www.proamazonia.org\/ppr\/wp-json\/wp\/v2\/posts\/3563","targetHints":{"allow":["GET"]}}],"collection":[{"href":"https:\/\/www.proamazonia.org\/ppr\/wp-json\/wp\/v2\/posts"}],"about":[{"href":"https:\/\/www.proamazonia.org\/ppr\/wp-json\/wp\/v2\/types\/post"}],"author":[{"embeddable":true,"href":"https:\/\/www.proamazonia.org\/ppr\/wp-json\/wp\/v2\/users\/2"}],"replies":[{"embeddable":true,"href":"https:\/\/www.proamazonia.org\/ppr\/wp-json\/wp\/v2\/comments?post=3563"}],"version-history":[{"count":13,"href":"https:\/\/www.proamazonia.org\/ppr\/wp-json\/wp\/v2\/posts\/3563\/revisions"}],"predecessor-version":[{"id":4044,"href":"https:\/\/www.proamazonia.org\/ppr\/wp-json\/wp\/v2\/posts\/3563\/revisions\/4044"}],"wp:featuredmedia":[{"embeddable":true,"href":"https:\/\/www.proamazonia.org\/ppr\/wp-json\/wp\/v2\/media\/3641"}],"wp:attachment":[{"href":"https:\/\/www.proamazonia.org\/ppr\/wp-json\/wp\/v2\/media?parent=3563"}],"wp:term":[{"taxonomy":"category","embeddable":true,"href":"https:\/\/www.proamazonia.org\/ppr\/wp-json\/wp\/v2\/categories?post=3563"},{"taxonomy":"post_tag","embeddable":true,"href":"https:\/\/www.proamazonia.org\/ppr\/wp-json\/wp\/v2\/tags?post=3563"}],"curies":[{"name":"wp","href":"https:\/\/api.w.org\/{rel}","templated":true}]}}