{"id":4585,"date":"2021-03-03T09:19:10","date_gmt":"2021-03-03T14:19:10","guid":{"rendered":"https:\/\/www.proamazonia.org\/?p=4585"},"modified":"2021-10-22T13:39:56","modified_gmt":"2021-10-22T18:39:56","slug":"tendiendo-puentes-y-construyendo-alianzas","status":"publish","type":"post","link":"https:\/\/www.proamazonia.org\/ppr\/tendiendo-puentes-y-construyendo-alianzas\/","title":{"rendered":"Tendiendo puentes y construyendo alianzas"},"content":{"rendered":"<p><\/p>\n<h3 style=\"text-align: left;\">Aportes del enfoque de g\u00e9nero con pertinencia cultural en la actualizaci\u00f3n del Plan de manejo del Bosque Protector Kutuku Shaimi 2021-2025<\/h3>\n<p><img loading=\"lazy\" decoding=\"async\" class=\" wp-image-4586 alignleft\" src=\"https:\/\/www.proamazonia.org\/wp-content\/uploads\/2021\/03\/7.Bosque.protector.amazonia.ecuatoriana.proamazonia.conservacion.kutuku-240x300.jpg\" alt=\"\" width=\"585\" height=\"732\" data-id=\"4586\" srcset=\"https:\/\/www.proamazonia.org\/ppr\/wp-content\/uploads\/2021\/03\/7.Bosque.protector.amazonia.ecuatoriana.proamazonia.conservacion.kutuku-240x300.jpg 240w, https:\/\/www.proamazonia.org\/ppr\/wp-content\/uploads\/2021\/03\/7.Bosque.protector.amazonia.ecuatoriana.proamazonia.conservacion.kutuku.jpg 560w\" sizes=\"auto, (max-width: 585px) 100vw, 585px\" \/>El Bosque y la Vegetaci\u00f3n Protectora \u201cBosques de la Cordillera de Kutuku y Shaimi\u201d son consideradas las \u00e1reas protectoras m\u00e1s grandes del pa\u00eds. Esta \u00e1rea forma parte del Patrimonio Forestal del Estado y se localiza al Sur de la Amazon\u00eda ecuatoriana, en la Provincia de Morona Santiago. Su declaratoria fue emitida en 1990 por el ex INEFAN hoy Ministerio del Ambiente y Agua, en el a\u00f1o 2015 se aprob\u00f3 una ampliaci\u00f3n del \u00e1rea que alcanza las 342.025 hect\u00e1reas. Abarca una significativa \u00e1rea localizada en siete Gobiernos Aut\u00f3nomos Descentralizado (GAD) cantonales y 13 GAD parroquiales que influyen en la din\u00e1mica social, cultural, econ\u00f3mica y pol\u00edtica del \u00e1rea y de su poblaci\u00f3n.<\/p>\n<p>En el a\u00f1o 2012, se construy\u00f3 el primer Plan de Manejo del Bosque Protector Kutuku Shaimi (BPKS), y en 2017 culmin\u00f3 su per\u00edodo de cumplimiento. En junio de 2019, PROAmazon\u00eda, iniciativa del \u00a0Ministerio del Ambiente y Agua (MAAE) y el Ministerio de Agricultura y Ganader\u00eda (MAG), con apoyo del Programa de Naciones Unidas para el Desarrollo (PNUD), junto con la Confederaci\u00f3n de Nacionalidades Ind\u00edgenas de la Amazon\u00eda Ecuatoriana (CONFENIAE) presentaron los resultados de la \u201cEvaluaci\u00f3n de Efectividad de Manejo\u201d de esta \u00e1rea protegida durante los a\u00f1os de ejecuci\u00f3n, en los que se emiten recomendaciones para la actualizaci\u00f3n del siguiente plan de manejo.<\/p>\n<p>Estos documentos constituyeron la l\u00ednea base y las directrices que orientaron al equipo t\u00e9cnico del Proyecto FAO-PROAmazon\u00eda a desarrollar la propuesta metodol\u00f3gica que gui\u00f3 el proceso participativo para su actualizaci\u00f3n.<\/p>\n<p><b><span style=\"font-size: 10.0pt; color: windowtext;\">Fotograf\u00eda:<\/span><\/b><span style=\"font-size: 10.0pt; color: windowtext;\"> Jorge Armijos<br \/>\n<\/span><b><\/b><b><span style=\"font-size: 10.0pt; color: windowtext;\">Descripci\u00f3n:<\/span><\/b><span style=\"font-size: 10.0pt; color: windowtext;\">\u00a0Bosque Protector Kutuku Shaimi, parroquia Macuma<\/span><\/p>\n<p>A partir de julio de 2019, el equipo t\u00e9cnico del proyecto inici\u00f3 las actividades de actualizaci\u00f3n del plan de manejo. Su propuesta metodol\u00f3gica apost\u00f3 por un proceso participativo y t\u00e9cnico que consider\u00f3 la pertinencia cultural y el enfoque de g\u00e9nero. La consulta, socializaci\u00f3n y los pasos a seguir fueron una constante, tanto para las comunidades como para las instituciones; el consentimiento de las primeras y el compromiso de las segundas contribuyeron a objetivos comunes entre los que se encuentran: la conservaci\u00f3n y manejo sostenible del bosque protector, el cumplimiento de las competencias ambientales y sociales de las entidades locales, junto con el mejoramiento de la calidad de vida de sus habitantes.<\/p>\n<p>La actualizaci\u00f3n del plan de manejo fue desafiante por ser un \u00e1rea de gran extensi\u00f3n, con una poblaci\u00f3n de alrededor 18.000 personas de la nacionalidad shuar y en menor proporci\u00f3n asentamientos colonos, quienes habitan en m\u00e1s de 100 comunidades. El equipo t\u00e9cnico de FAO-PROAmazon\u00eda abord\u00f3 el proceso con una s\u00f3lida propuesta metodol\u00f3gica que requiri\u00f3 en la marcha de un manejo adaptativo, flexible y sensible a los tiempos que demanda la participaci\u00f3n comunitaria.<\/p>\n<p>El levantamiento de informaci\u00f3n del \u00e1rea permiti\u00f3 los primeros acercamientos en la zona de influencia. La CONFENIAE, la Federaci\u00f3n Interprovincial de Centros Shuar (FICSH), Naci\u00f3n Shuar del\u00a0Ecuador (NASHE), Pueblo Shuar Arutam (PSHA), la delegaci\u00f3n provincial del MAAE, los GAD, adem\u00e1s del equipo local de PROAmazon\u00eda fueron aliados estrat\u00e9gicos y actores relevantes en el territorio. En los talleres iniciales con las comunidades, el equipo t\u00e9cnico de FAO-PROAmazon\u00eda inform\u00f3 sobre la importancia de actualizar el plan de manejo, as\u00ed como la socializaci\u00f3n de los pasos metodol\u00f3gicos.<\/p>\n<p>Posteriormente, los talleres participativos presenciales de diagn\u00f3stico se retomaron en octubre del a\u00f1o 2020 debido a la emergencia sanitaria provocada por el coronavirus. Los problemas identificados por las mujeres y hombres, como la econom\u00eda, la vida comunitaria, as\u00ed como la forma de vida tradicional y actual de la nacionalidad shuar en el bosque protector, fueron decantando en alternativas de soluci\u00f3n, y finalmente, en perfiles de proyectos desde un enfoque de g\u00e9nero vinculados a cuatro programas: 1) Territorio y gobernanza participativa; 2) Producci\u00f3n sostenible y bioeconom\u00eda; 3) Manejo forestal sostenible; y 4) G\u00e9nero e interculturalidad. Estos a su vez, se relacionan con las \u00e1reas de zonificaci\u00f3n establecidas por el MAAE: (1) Protecci\u00f3n permanente; (2) Otros usos; (3) Restauraci\u00f3n; y (4) Manejo de bosque natural.<\/p>\n<p>En los talleres participativos la mayor\u00eda de s\u00edndicos\/as y socios\/as expresaron su preocupaci\u00f3n por dos problemas que tienen las comunidades del BPKS:<\/p>\n<p><em>Somos m\u00e1s de 60 familias shuar que no tenemos t\u00edtulo [de propiedad] en esta comunidad, [los] colonos [que habitan en el BPKS] tampoco tienen t\u00edtulo, tenemos que invitar a ellos para ver si se puede solucionar. Antes no hab\u00eda necesidad de t\u00edtulos, todo era nuestro, los abuelitos nos dejaron esta tierra, ellos cuidaron para nosotros. Este es el m\u00e1s grande problema que tenemos. La miner\u00eda es otro [problema], la FICSH hizo una asamblea y decidimos que no queremos miner\u00eda, pero algunos s\u00edndicos la han dejado entrar a las comunidades porque les va a dar trabajo. <\/em>Seg\u00fan el testimonio de s\u00edndicos participantes de la Aso. Kanus. Morona Santiago, diciembre 2020.<\/p>\n<p>Para las mujeres la titulaci\u00f3n y la miner\u00eda tambi\u00e9n son los principales problemas. Adem\u00e1s, manifestaron su preocupaci\u00f3n por la p\u00e9rdida de la diversidad y pr\u00e1ctica cultural de la shuar aja<a href=\"#_ftn1\" name=\"_ftnref1\">[1]<\/a> entre las mujeres j\u00f3venes y adultas. Con relaci\u00f3n a la comercializaci\u00f3n, sostuvieron que los productos de la aja no son valorados por las personas de las ciudades como los de la sierra, plantearon la necesidad de contar espacios para vender y que se aseguren precios justos. Reflexionaron sobre su poca participaci\u00f3n en espacios de capacitaci\u00f3n y en la pol\u00edtica comunitaria. Expusieron tambi\u00e9n que la violencia de g\u00e9nero como un problema muy sentido que afecta a muchas mujeres.<\/p>\n<p><em>\u201cMi mam\u00e1 me cont\u00f3 que su suegra le dec\u00eda que 60 productos deben tener la shuar aja. Ya no tenemos esta cantidad porque no hemos practicado, porque ya entr\u00f3 el negocio, por la venta de yuca, de papa china ya no le conservamos. Las abuelas ten\u00edan hasta siete clases de camotes, cinco clases de yuca, no les faltaba nada, se alimentaban bien. Ahora tengo papa china, yuca, pl\u00e1tano eso comemos en mi casa y tambi\u00e9n vendo, camote ya no le tengo porque hay que limpiar bastante y mucho viene la culebra\u201d. <\/em>(Testimonios de mujeres shuar, Aso. Sevilla Don Bosco. Morona Santiago, octubre 2020).<\/p>\n<p>En contraste hay mujeres que s\u00ed mantienen la shuar aja, como es el caso de las familias que habitan al interior del BPKS:<\/p>\n<p><em>\u201cMis hermanas dicen t\u00fa eres como mam\u00e1, mantienes como antiguamente, yo tengo como mis abuelas, tengo todo, plantas medicinales, maicawua, jengibre para COVID nos recomendaron tomar como remedio, le preparamos con otra planta, y tambi\u00e9n para irritaci\u00f3n de las gargantas. Todo lo que hay en la aja es para mi casa, nunca he vendido\u201d,<\/em> coment\u00f3 una mujer shuar adulta de la Asociaci\u00f3n Santiak durante las reuniones de trabajo.<\/p>\n<p>En relaci\u00f3n al fortalecimiento de capacidades y formaci\u00f3n en derechos espec\u00edficos como la violencia de g\u00e9nero y la participaci\u00f3n pol\u00edtica las mujeres sostuvieron que \u201c<em>Hay mujeres que tienen miedo de hablar; a muchas les maltratan. Hay s\u00edndicas, [son] autoridades con car\u00e1cter fuerte, s\u00ed hay, son pocas, pero s\u00ed hay. Necesitamos conocer nuestros derechos, necesitamos cambiar para defendernos y defender a las j\u00f3venes, [ellas] son nuestras herederas\u201d (Testimonio de lideresas de Asociaci\u00f3n Sevilla Don Bosco, octubre 2020).<\/em><\/p>\n<p>Estas y otras problem\u00e1ticas, mediante el uso de herramientas participativas, se convirtieron en perfiles de proyectos con enfoque de g\u00e9nero y pertinencia cultural. Posteriormente, fueron socializadas a las delegaciones de los GAD de los cantones y parroquias relacionadas con el BPKS para establecer sinergias con el objetivo de que los perfiles sean considerados en su planificaci\u00f3n, y de esta manera, el plan de manejo logre implementarse.<\/p>\n<p>Las contribuciones del enfoque de g\u00e9nero y la pertinencia cultural, enriquecieron al plan de manejo, al reflejar la realidad completa sobre los problemas de mujeres y hombres dentro y fuera del bosque protector. Es por esto sus propuestas surgen de estas vivencias.<\/p>\n<p><strong>Aspectos destacados:<\/strong><\/p>\n<ul>\n<li>Representantes de al menos 65 comunidades participaron en los talleres de socializaci\u00f3n iniciales y en el proceso de construcci\u00f3n del plan de manejo.<\/li>\n<li>S\u00edndicas y s\u00edndicos participaron en m\u00e1s de 20 talleres de zonificaci\u00f3n, diagn\u00f3stico, visi\u00f3n, perfiles de proyectos y modelo de gesti\u00f3n.<\/li>\n<li>Se organizaron tres talleres: 2 virtuales y 1 presencial con la asistencia de 40 t\u00e9cnicos de los GAD y de PROAmazon\u00eda.<\/li>\n<li>En el primer semestre del a\u00f1o 2021, se contar\u00e1 con el plan de manejo del bosque protector Kutuku Shaimi 2021-2025 actualizado.<\/li>\n<\/ul>\n<p style=\"text-align: center;\"><img loading=\"lazy\" decoding=\"async\" class=\"alignnone wp-image-4583\" src=\"https:\/\/www.proamazonia.org\/wp-content\/uploads\/2021\/03\/2.Bosque.protector.amazonia.ecuatoriana.proamazonia.conservacion.kutuku-300x225.jpg\" alt=\"\" width=\"472\" height=\"354\" data-id=\"4583\" srcset=\"https:\/\/www.proamazonia.org\/ppr\/wp-content\/uploads\/2021\/03\/2.Bosque.protector.amazonia.ecuatoriana.proamazonia.conservacion.kutuku-300x225.jpg 300w, https:\/\/www.proamazonia.org\/ppr\/wp-content\/uploads\/2021\/03\/2.Bosque.protector.amazonia.ecuatoriana.proamazonia.conservacion.kutuku-768x576.jpg 768w, https:\/\/www.proamazonia.org\/ppr\/wp-content\/uploads\/2021\/03\/2.Bosque.protector.amazonia.ecuatoriana.proamazonia.conservacion.kutuku-400x300.jpg 400w, https:\/\/www.proamazonia.org\/ppr\/wp-content\/uploads\/2021\/03\/2.Bosque.protector.amazonia.ecuatoriana.proamazonia.conservacion.kutuku-800x600.jpg 800w, https:\/\/www.proamazonia.org\/ppr\/wp-content\/uploads\/2021\/03\/2.Bosque.protector.amazonia.ecuatoriana.proamazonia.conservacion.kutuku.jpg 900w\" sizes=\"auto, (max-width: 472px) 100vw, 472px\" \/> \u00a0<img loading=\"lazy\" decoding=\"async\" class=\"alignnone wp-image-4582\" src=\"https:\/\/www.proamazonia.org\/wp-content\/uploads\/2021\/03\/3.Bosque.protector.amazonia.ecuatoriana.proamazonia.conservacion.kutuku-300x225.jpg\" alt=\"\" width=\"474\" height=\"355\" data-id=\"4582\" srcset=\"https:\/\/www.proamazonia.org\/ppr\/wp-content\/uploads\/2021\/03\/3.Bosque.protector.amazonia.ecuatoriana.proamazonia.conservacion.kutuku-300x225.jpg 300w, https:\/\/www.proamazonia.org\/ppr\/wp-content\/uploads\/2021\/03\/3.Bosque.protector.amazonia.ecuatoriana.proamazonia.conservacion.kutuku-768x576.jpg 768w, https:\/\/www.proamazonia.org\/ppr\/wp-content\/uploads\/2021\/03\/3.Bosque.protector.amazonia.ecuatoriana.proamazonia.conservacion.kutuku-400x300.jpg 400w, https:\/\/www.proamazonia.org\/ppr\/wp-content\/uploads\/2021\/03\/3.Bosque.protector.amazonia.ecuatoriana.proamazonia.conservacion.kutuku-800x600.jpg 800w, https:\/\/www.proamazonia.org\/ppr\/wp-content\/uploads\/2021\/03\/3.Bosque.protector.amazonia.ecuatoriana.proamazonia.conservacion.kutuku.jpg 900w\" sizes=\"auto, (max-width: 474px) 100vw, 474px\" \/><\/p>\n<p style=\"text-align: center;\"><b><span style=\"font-size: 10.0pt; color: windowtext;\">Fotograf\u00edas:<\/span><\/b><span style=\"font-size: 10.0pt; color: windowtext;\"> Susana Alb\u00e1n Bed\u00f3n<br \/>\n<b><\/b><\/span><b><span style=\"font-size: 10.0pt; color: windowtext;\">Descripci\u00f3n:<\/span><\/b><span style=\"font-size: 10.0pt; color: windowtext;\">\u00a0Mujeres de la nacionalidad shuar venden productos de las aja en la feria local de Macuma. (Taisha, octubre 2020)<\/span><\/p>\n<p><a href=\"#_ftnref1\" name=\"_ftn1\">[1]<\/a> La shuar aja es el espacio de producci\u00f3n para la autosubsistencia familiar, los excedentes son vendidos por algunas mujeres de la nacionalidad.\u00a0 La aja es la equivalencia a la huerta, parcela o chakra.<\/p>\n<p><strong>Autora: <\/strong>Susana Alb\u00e1n Bed\u00f3n, Especialista sociocultural, g\u00e9nero y ambiente-Proyecto FAO-PROAmazon\u00eda.<\/p>","protected":false},"excerpt":{"rendered":"<p>Aportes del enfoque de g\u00e9nero con pertinencia cultural en la actualizaci\u00f3n del Plan de manejo del Bosque Protector Kutuku Shaimi 2021-2025 El Bosque y la Vegetaci\u00f3n Protectora \u201cBosques de la Cordillera de Kutuku y Shaimi\u201d son consideradas las \u00e1reas protectoras m\u00e1s grandes del pa\u00eds. Esta \u00e1rea forma parte del Patrimonio Forestal del Estado y se localiza al Sur de la Amazon\u00eda ecuatoriana, en la Provincia de Morona Santiago. Su declaratoria fue emitida en 1990 por el ex INEFAN hoy Ministerio del Ambiente y Agua, en el a\u00f1o 2015 se aprob\u00f3 una ampliaci\u00f3n del \u00e1rea que alcanza las 342.025 hect\u00e1reas. Abarca una significativa \u00e1rea localizada en siete Gobiernos Aut\u00f3nomos Descentralizado (GAD) cantonales y 13 GAD parroquiales que influyen en la din\u00e1mica social, cultural, econ\u00f3mica y pol\u00edtica del \u00e1rea y de su poblaci\u00f3n. En el a\u00f1o 2012, se construy\u00f3 el primer Plan de Manejo del Bosque Protector Kutuku Shaimi (BPKS), y en 2017 culmin\u00f3 su per\u00edodo de cumplimiento. En junio de 2019, PROAmazon\u00eda, iniciativa del \u00a0Ministerio del Ambiente y Agua (MAAE) y el Ministerio de Agricultura y Ganader\u00eda (MAG), con apoyo del Programa de Naciones Unidas para el Desarrollo (PNUD), junto con la Confederaci\u00f3n de Nacionalidades Ind\u00edgenas de la Amazon\u00eda Ecuatoriana (CONFENIAE) [&hellip;]<\/p>\n","protected":false},"author":2,"featured_media":4584,"comment_status":"open","ping_status":"open","sticky":false,"template":"","format":"standard","meta":{"_uf_show_specific_survey":0,"_uf_disable_surveys":false,"footnotes":""},"categories":[30,3,23,31],"tags":[42,77,74,75,76],"class_list":["post-4585","post","type-post","status-publish","format-standard","has-post-thumbnail","hentry","category-conservacion","category-noticias","category-noticias-home","category-restauracion","tag-ecuador","tag-genero","tag-kutuku","tag-mujeres","tag-productos"],"aioseo_notices":[],"_links":{"self":[{"href":"https:\/\/www.proamazonia.org\/ppr\/wp-json\/wp\/v2\/posts\/4585","targetHints":{"allow":["GET"]}}],"collection":[{"href":"https:\/\/www.proamazonia.org\/ppr\/wp-json\/wp\/v2\/posts"}],"about":[{"href":"https:\/\/www.proamazonia.org\/ppr\/wp-json\/wp\/v2\/types\/post"}],"author":[{"embeddable":true,"href":"https:\/\/www.proamazonia.org\/ppr\/wp-json\/wp\/v2\/users\/2"}],"replies":[{"embeddable":true,"href":"https:\/\/www.proamazonia.org\/ppr\/wp-json\/wp\/v2\/comments?post=4585"}],"version-history":[{"count":9,"href":"https:\/\/www.proamazonia.org\/ppr\/wp-json\/wp\/v2\/posts\/4585\/revisions"}],"predecessor-version":[{"id":5602,"href":"https:\/\/www.proamazonia.org\/ppr\/wp-json\/wp\/v2\/posts\/4585\/revisions\/5602"}],"wp:featuredmedia":[{"embeddable":true,"href":"https:\/\/www.proamazonia.org\/ppr\/wp-json\/wp\/v2\/media\/4584"}],"wp:attachment":[{"href":"https:\/\/www.proamazonia.org\/ppr\/wp-json\/wp\/v2\/media?parent=4585"}],"wp:term":[{"taxonomy":"category","embeddable":true,"href":"https:\/\/www.proamazonia.org\/ppr\/wp-json\/wp\/v2\/categories?post=4585"},{"taxonomy":"post_tag","embeddable":true,"href":"https:\/\/www.proamazonia.org\/ppr\/wp-json\/wp\/v2\/tags?post=4585"}],"curies":[{"name":"wp","href":"https:\/\/api.w.org\/{rel}","templated":true}]}}