{"id":4594,"date":"2021-03-03T09:58:46","date_gmt":"2021-03-03T14:58:46","guid":{"rendered":"https:\/\/www.proamazonia.org\/?p=4594"},"modified":"2021-10-22T15:06:43","modified_gmt":"2021-10-22T20:06:43","slug":"personal-tecnico-del-ministerio-de-ambiente-y-agua-se-capacita-en-wordpress-y-open-foris-collect","status":"publish","type":"post","link":"https:\/\/www.proamazonia.org\/ppr\/personal-tecnico-del-ministerio-de-ambiente-y-agua-se-capacita-en-wordpress-y-open-foris-collect\/","title":{"rendered":"Personal t\u00e9cnico del Ministerio de Ambiente y Agua se capacita en WordPress y Open Foris Collect"},"content":{"rendered":"<p>El Ministerio de Ambiente y Agua (MAAE) cuenta con varios espacios virtuales para recopilar y difundir informaci\u00f3n que permita conducir la pol\u00edtica ambiental del Ecuador. Entre ellos se encuentran los sitios web: Evaluaci\u00f3n Nacional Forestal, REDD+, Sistema Nacional de Monitoreo de Bosques y Sistema Nacional de Inventarios de Gases de Efecto Invernadero. Para actualizar esta informaci\u00f3n, el personal t\u00e9cnico de campo requiere del uso de plataformas virtuales que le permita enviar y recibir informaci\u00f3n fundamental para realizar controles y actividades de monitoreo ambiental, en especial de los bosques.<\/p>\n<p>Tomando en consideraci\u00f3n estas necesidades y en el marco del Proyecto FAO-PROAmazon\u00eda, se elabor\u00f3 un plan de capacitaci\u00f3n en el uso de plataformas y sistemas inform\u00e1ticos dirigido al personal t\u00e9cnico responsable de la gesti\u00f3n y actualizaci\u00f3n de estos soportes virtuales, y herramientas inform\u00e1ticas, las mismas que son desarrolladas para el uso y toma de decisiones del MAAE. El objetivo es difundir y socializar la informaci\u00f3n al p\u00fablico, as\u00ed como recopilar datos importantes sobre el estado y conservaci\u00f3n del Patrimonio Forestal Nacional.<\/p>\n<p>En estos cursos virtuales participaron 76 personas vinculadas al \u00e1rea t\u00e9cnica, quienes se encargan de administrar y gestionar la informaci\u00f3n de los sitios web. El personal ampli\u00f3 sus conocimientos en el manejo del programa WordPress. Esta aplicaci\u00f3n de libre distribuci\u00f3n permite dise\u00f1ar, crear contenidos, colocar fotograf\u00edas, videos, enlaces a otras plataformas virtuales as\u00ed como, documentos de consulta que le permitir\u00e1 al MAAE socializar con la ciudadan\u00eda, la labor que realiza en territorio para conservar el ambiente y cumplir con los compromisos internacionales con respecto a las metas anuales para evitar la deforestaci\u00f3n y degradaci\u00f3n de los bosques. Estas plataformas se encuentran en etapa de pruebas; sin embargo, una vez que se encuentre en operaci\u00f3n, podr\u00e1 ser consultada libremente por las instituciones y la sociedad civil en general.<\/p>\n<p>El curso de WordPress fue te\u00f3rico-pr\u00e1ctico, las y los participantes al final de la capacitaci\u00f3n construyeron bocetos de p\u00e1ginas principales e internas de los sitios web, plantearon nuevas estructuras, con la ayuda de plugins (peque\u00f1os programas complementarios que ampl\u00edan las funciones de la aplicaci\u00f3n web), as\u00ed tambi\u00e9n aprendieron sobre el procedimiento para la actualizaci\u00f3n de textos, fotograf\u00edas, videos y documentos en cada uno de los sitios web desarrollados, herramientas que permitir\u00e1n una mejor interacci\u00f3n del p\u00fablico con su autoridad ambiental.<\/p>\n<p>Por otra parte, el personal de la Direcci\u00f3n Nacional de Bosques, encargado de la supervisi\u00f3n t\u00e9cnica de la Evaluaci\u00f3n Nacional Forestal (ENF), particip\u00f3 desde el 8 al 16 de septiembre de 2020 en un curso te\u00f3rico-pr\u00e1ctico sobre la instalaci\u00f3n, configuraci\u00f3n, uso y mantenimiento de la herramienta Open Foris Collect que forma parte de la <a href=\"http:\/\/www.openforis.org\/\" target=\"_blank\" rel=\"noopener noreferrer\">Iniciativa Open Foris<\/a>.<\/p>\n<p>El enfoque de este curso se centr\u00f3 en mejorar las destrezas en el uso de la herramienta, para manejar las m\u00faltiples funcionalidades de esta plataforma tecnol\u00f3gica y apoyar los procesos de gesti\u00f3n de informaci\u00f3n para la Evaluaci\u00f3n Nacional Forestal.<\/p>\n<p>Entre los principales temas tratados durante este proceso de fortalecimiento de capacidades, se enfatiz\u00f3:\u00a0 el manejo de informaci\u00f3n personalizada para procesar datos colectados en campo; a trav\u00e9s del m\u00f3dulo de reporter\u00eda que tiene la herramienta Open Foris Collect: SAIKU<a href=\"#_ftn1\" name=\"_ftnref1\">[1]<\/a>.<\/p>\n<p>En el 2021, se prev\u00e9 realizar, en modalidad virtual, nuevos talleres y actividades de formaci\u00f3n t\u00e9cnica y tecnol\u00f3gica, capacitaci\u00f3n en el uso de herramientas, principalmente sobre las nuevas funcionalidades desarrolladas en el m\u00f3dulo de reporter\u00eda y geovisor del Sistema Nacional de Monitoreo de Bosques (SNMB).<\/p>\n<p style=\"text-align: center;\"><img loading=\"lazy\" decoding=\"async\" class=\"alignnone wp-image-4595\" src=\"https:\/\/www.proamazonia.org\/wp-content\/uploads\/2021\/03\/4.web_.capacitacion.bosques.ministerio.proamazonia.ambiente.ecuador-300x169.jpg\" alt=\"\" width=\"464\" height=\"261\" data-id=\"4595\" srcset=\"https:\/\/www.proamazonia.org\/ppr\/wp-content\/uploads\/2021\/03\/4.web_.capacitacion.bosques.ministerio.proamazonia.ambiente.ecuador-300x169.jpg 300w, https:\/\/www.proamazonia.org\/ppr\/wp-content\/uploads\/2021\/03\/4.web_.capacitacion.bosques.ministerio.proamazonia.ambiente.ecuador-768x432.jpg 768w, https:\/\/www.proamazonia.org\/ppr\/wp-content\/uploads\/2021\/03\/4.web_.capacitacion.bosques.ministerio.proamazonia.ambiente.ecuador-800x452.jpg 800w, https:\/\/www.proamazonia.org\/ppr\/wp-content\/uploads\/2021\/03\/4.web_.capacitacion.bosques.ministerio.proamazonia.ambiente.ecuador.jpg 803w\" sizes=\"auto, (max-width: 464px) 100vw, 464px\" \/> \u00a0<img loading=\"lazy\" decoding=\"async\" class=\"alignnone wp-image-4596\" src=\"https:\/\/www.proamazonia.org\/wp-content\/uploads\/2021\/03\/5.web_.capacitacion.bosques.ministerio.proamazonia.ambiente.ecuador-300x169.jpg\" alt=\"\" width=\"458\" height=\"258\" data-id=\"4596\" srcset=\"https:\/\/www.proamazonia.org\/ppr\/wp-content\/uploads\/2021\/03\/5.web_.capacitacion.bosques.ministerio.proamazonia.ambiente.ecuador-300x169.jpg 300w, https:\/\/www.proamazonia.org\/ppr\/wp-content\/uploads\/2021\/03\/5.web_.capacitacion.bosques.ministerio.proamazonia.ambiente.ecuador-768x432.jpg 768w, https:\/\/www.proamazonia.org\/ppr\/wp-content\/uploads\/2021\/03\/5.web_.capacitacion.bosques.ministerio.proamazonia.ambiente.ecuador-800x452.jpg 800w, https:\/\/www.proamazonia.org\/ppr\/wp-content\/uploads\/2021\/03\/5.web_.capacitacion.bosques.ministerio.proamazonia.ambiente.ecuador.jpg 803w\" sizes=\"auto, (max-width: 458px) 100vw, 458px\" \/><\/p>\n<p style=\"text-align: center;\"><img loading=\"lazy\" decoding=\"async\" class=\"alignnone wp-image-4592\" src=\"https:\/\/www.proamazonia.org\/wp-content\/uploads\/2021\/03\/1.web_.capacitacion.bosques.ministerio.proamazonia.ambiente.ecuador-300x169.jpg\" alt=\"\" width=\"465\" height=\"262\" data-id=\"4592\" srcset=\"https:\/\/www.proamazonia.org\/ppr\/wp-content\/uploads\/2021\/03\/1.web_.capacitacion.bosques.ministerio.proamazonia.ambiente.ecuador-300x169.jpg 300w, https:\/\/www.proamazonia.org\/ppr\/wp-content\/uploads\/2021\/03\/1.web_.capacitacion.bosques.ministerio.proamazonia.ambiente.ecuador-768x432.jpg 768w, https:\/\/www.proamazonia.org\/ppr\/wp-content\/uploads\/2021\/03\/1.web_.capacitacion.bosques.ministerio.proamazonia.ambiente.ecuador-1024x576.jpg 1024w, https:\/\/www.proamazonia.org\/ppr\/wp-content\/uploads\/2021\/03\/1.web_.capacitacion.bosques.ministerio.proamazonia.ambiente.ecuador-1000x563.jpg 1000w, https:\/\/www.proamazonia.org\/ppr\/wp-content\/uploads\/2021\/03\/1.web_.capacitacion.bosques.ministerio.proamazonia.ambiente.ecuador.jpg 1366w\" sizes=\"auto, (max-width: 465px) 100vw, 465px\" \/>\u00a0 \u00a0<img loading=\"lazy\" decoding=\"async\" class=\"alignnone wp-image-4591\" src=\"https:\/\/www.proamazonia.org\/wp-content\/uploads\/2021\/03\/2.web_.capacitacion.bosques.ministerio.proamazonia.ambiente.ecuador-300x169.jpg\" alt=\"\" width=\"467\" height=\"263\" data-id=\"4591\" srcset=\"https:\/\/www.proamazonia.org\/ppr\/wp-content\/uploads\/2021\/03\/2.web_.capacitacion.bosques.ministerio.proamazonia.ambiente.ecuador-300x169.jpg 300w, https:\/\/www.proamazonia.org\/ppr\/wp-content\/uploads\/2021\/03\/2.web_.capacitacion.bosques.ministerio.proamazonia.ambiente.ecuador-768x432.jpg 768w, https:\/\/www.proamazonia.org\/ppr\/wp-content\/uploads\/2021\/03\/2.web_.capacitacion.bosques.ministerio.proamazonia.ambiente.ecuador-1024x576.jpg 1024w, https:\/\/www.proamazonia.org\/ppr\/wp-content\/uploads\/2021\/03\/2.web_.capacitacion.bosques.ministerio.proamazonia.ambiente.ecuador-1000x563.jpg 1000w, https:\/\/www.proamazonia.org\/ppr\/wp-content\/uploads\/2021\/03\/2.web_.capacitacion.bosques.ministerio.proamazonia.ambiente.ecuador.jpg 1366w\" sizes=\"auto, (max-width: 467px) 100vw, 467px\" \/><\/p>\n<p style=\"text-align: center;\"><b><span style=\"font-size: 10.0pt; color: windowtext;\">Fotograf\u00edas:<\/span><\/b><span style=\"font-size: 10.0pt; color: windowtext;\"> Mar\u00eda Clara Eguiguren<br \/>\n<\/span><b><span style=\"font-size: 10.0pt; color: windowtext;\">Descripci\u00f3n:<\/span><\/b><span style=\"font-size: 10.0pt; color: windowtext;\">\u00a0Im\u00e1genes de los talleres virtuales impartidos<\/span><\/p>\n<p><a href=\"#_ftnref1\" name=\"_ftn1\">[1]<\/a> Saiku es una herramienta de software que se utiliza para realizar procesamiento anal\u00edtico en l\u00ednea y que se la utiliza como Inteligencia de negocios para agilizar la consulta de grandes cantidades de datos. Adem\u00e1s, permite a los usuarios explorar fuentes de datos complejas, utilizando una interfaz familiar de arrastrar y soltar y una terminolog\u00eda f\u00e1cil de entender, todo dentro de un navegador. Seleccione los datos que le interesan, m\u00edrelos desde diferentes perspectivas, profundice en los detalles. Una vez que tenga su respuesta, guarde sus resultados, comp\u00e1rtalos, exp\u00f3rtelos a Excel o PDF, todo directamente desde el navegador.<\/p>\n<p><strong>Autores: <\/strong>Equipo FAO-PROAmazon\u00eda (Jorge Armijos, Guillermo Cadena, Mar\u00eda Clara Eguiguren y Xavier Salazar)<\/p>","protected":false},"excerpt":{"rendered":"<p>El Ministerio de Ambiente y Agua (MAAE) cuenta con varios espacios virtuales para recopilar y difundir informaci\u00f3n que permita conducir la pol\u00edtica ambiental del Ecuador. Entre ellos se encuentran los sitios web: Evaluaci\u00f3n Nacional Forestal, REDD+, Sistema Nacional de Monitoreo de Bosques y Sistema Nacional de Inventarios de Gases de Efecto Invernadero. Para actualizar esta informaci\u00f3n, el personal t\u00e9cnico de campo requiere del uso de plataformas virtuales que le permita enviar y recibir informaci\u00f3n fundamental para realizar controles y actividades de monitoreo ambiental, en especial de los bosques. Tomando en consideraci\u00f3n estas necesidades y en el marco del Proyecto FAO-PROAmazon\u00eda, se elabor\u00f3 un plan de capacitaci\u00f3n en el uso de plataformas y sistemas inform\u00e1ticos dirigido al personal t\u00e9cnico responsable de la gesti\u00f3n y actualizaci\u00f3n de estos soportes virtuales, y herramientas inform\u00e1ticas, las mismas que son desarrolladas para el uso y toma de decisiones del MAAE. El objetivo es difundir y socializar la informaci\u00f3n al p\u00fablico, as\u00ed como recopilar datos importantes sobre el estado y conservaci\u00f3n del Patrimonio Forestal Nacional. En estos cursos virtuales participaron 76 personas vinculadas al \u00e1rea t\u00e9cnica, quienes se encargan de administrar y gestionar la informaci\u00f3n de los sitios web. El personal ampli\u00f3 sus conocimientos en el [&hellip;]<\/p>\n","protected":false},"author":2,"featured_media":4593,"comment_status":"open","ping_status":"open","sticky":false,"template":"","format":"standard","meta":{"_uf_show_specific_survey":0,"_uf_disable_surveys":false,"footnotes":""},"categories":[30,3,23,31],"tags":[79,42,44],"class_list":["post-4594","post","type-post","status-publish","format-standard","has-post-thumbnail","hentry","category-conservacion","category-noticias","category-noticias-home","category-restauracion","tag-capacitaciones","tag-ecuador","tag-proamazonia"],"aioseo_notices":[],"_links":{"self":[{"href":"https:\/\/www.proamazonia.org\/ppr\/wp-json\/wp\/v2\/posts\/4594","targetHints":{"allow":["GET"]}}],"collection":[{"href":"https:\/\/www.proamazonia.org\/ppr\/wp-json\/wp\/v2\/posts"}],"about":[{"href":"https:\/\/www.proamazonia.org\/ppr\/wp-json\/wp\/v2\/types\/post"}],"author":[{"embeddable":true,"href":"https:\/\/www.proamazonia.org\/ppr\/wp-json\/wp\/v2\/users\/2"}],"replies":[{"embeddable":true,"href":"https:\/\/www.proamazonia.org\/ppr\/wp-json\/wp\/v2\/comments?post=4594"}],"version-history":[{"count":7,"href":"https:\/\/www.proamazonia.org\/ppr\/wp-json\/wp\/v2\/posts\/4594\/revisions"}],"predecessor-version":[{"id":5603,"href":"https:\/\/www.proamazonia.org\/ppr\/wp-json\/wp\/v2\/posts\/4594\/revisions\/5603"}],"wp:featuredmedia":[{"embeddable":true,"href":"https:\/\/www.proamazonia.org\/ppr\/wp-json\/wp\/v2\/media\/4593"}],"wp:attachment":[{"href":"https:\/\/www.proamazonia.org\/ppr\/wp-json\/wp\/v2\/media?parent=4594"}],"wp:term":[{"taxonomy":"category","embeddable":true,"href":"https:\/\/www.proamazonia.org\/ppr\/wp-json\/wp\/v2\/categories?post=4594"},{"taxonomy":"post_tag","embeddable":true,"href":"https:\/\/www.proamazonia.org\/ppr\/wp-json\/wp\/v2\/tags?post=4594"}],"curies":[{"name":"wp","href":"https:\/\/api.w.org\/{rel}","templated":true}]}}