{"id":4604,"date":"2021-03-03T10:37:40","date_gmt":"2021-03-03T15:37:40","guid":{"rendered":"https:\/\/www.proamazonia.org\/?p=4604"},"modified":"2021-10-22T17:53:51","modified_gmt":"2021-10-22T22:53:51","slug":"entrevista-a-david-romo-integrante-de-la-mesa-redd","status":"publish","type":"post","link":"https:\/\/www.proamazonia.org\/ppr\/entrevista-a-david-romo-integrante-de-la-mesa-redd\/","title":{"rendered":"Entrevista a David Romo &#8211; integrante de la Mesa REDD+"},"content":{"rendered":"<p><img loading=\"lazy\" decoding=\"async\" class=\" wp-image-4600 alignleft\" src=\"https:\/\/www.proamazonia.org\/wp-content\/uploads\/2021\/03\/3.david_.romo_.proamazonia.ecuador.redd_.ambiente.bosques.salvaguardar-225x300.jpg\" alt=\"david.romo.proamazonia.ecuador.redd+.ambiente.bosques.salvaguardar\" width=\"453\" height=\"604\" data-id=\"4600\" srcset=\"https:\/\/www.proamazonia.org\/ppr\/wp-content\/uploads\/2021\/03\/3.david_.romo_.proamazonia.ecuador.redd_.ambiente.bosques.salvaguardar-225x300.jpg 225w, https:\/\/www.proamazonia.org\/ppr\/wp-content\/uploads\/2021\/03\/3.david_.romo_.proamazonia.ecuador.redd_.ambiente.bosques.salvaguardar-768x1024.jpg 768w, https:\/\/www.proamazonia.org\/ppr\/wp-content\/uploads\/2021\/03\/3.david_.romo_.proamazonia.ecuador.redd_.ambiente.bosques.salvaguardar.jpg 864w\" sizes=\"auto, (max-width: 453px) 100vw, 453px\" \/><\/p>\n<p>David Romo es docente de la Universidad San Francisco y Director de la Estaci\u00f3n de Biodiversidad Tiputini.<\/p>\n<p>Ha sido miembro de la Mesa REDD+ segundo y tercer Periodo, en representaci\u00f3n de la USFQ, y el sector acad\u00e9mico. En esta ocasi\u00f3n, le hicimos una entrevista para conocer sobre el alcance y los beneficios de espacios participativos en los cuales se analicen temas relacionados al medio ambiente.<\/p>\n<p><strong>1. \u00bfQu\u00e9 es la Mesa REDD+, c\u00f3mo se conforma y cu\u00e1l es su objetivo?<\/strong><\/p>\n<p style=\"padding-left: 80px;\"><strong>\u00a0<\/strong>La Mesa REDD+ es un espacio destinado para el aporte de la sociedad civil en el que, de manera participativa, consensuada y respetuosa, podemos contribuir en la gesti\u00f3n del Ecuador con relaci\u00f3n a la implementaci\u00f3n de pol\u00edticas y proyectos destinados a reducir de la deforestaci\u00f3n.<\/p>\n<p><strong>2. \u00bfCu\u00e1les son los temas m\u00e1s relevantes que se han priorizado en el Tercer Periodo de la Mesa REDD+?<\/strong><\/p>\n<p style=\"padding-left: 80px;\">En este per\u00edodo se puede ver un enfoque muy fuerte en lo que tiene que ver con proyectos que ser\u00e1n financiados por las contribuciones que recibi\u00f3 el Ecuador como la referente al Proyecto de Pago por Resultados de REDD+ Ecuador. Cuando empezamos con el trabajo de REDD+ en el pa\u00eds, tuvimos que crear una serie de compromisos en cuanto a la reducci\u00f3n de la deforestaci\u00f3n en nuestro pa\u00eds.<\/p>\n<p style=\"text-align: left;\"><b><\/b><b><span style=\"font-size: 10.0pt; color: windowtext;\">Fotograf\u00edas:<\/span><\/b><span style=\"font-size: 10.0pt; color: windowtext;\"> Cortes\u00eda de David Romo<br \/>\n<\/span><b><span style=\"font-size: 10.0pt; color: windowtext;\">Descripci\u00f3n:<\/span><\/b><span style=\"font-size: 10.0pt; color: windowtext;\"> Comunidad de Guiyero, Bloque 16<\/span><\/p>\n<p style=\"padding-left: 80px;\">Esto exig\u00eda que desarrollemos no solo pol\u00edticas, sino procesos y tecnolog\u00edas para medir nuestro progreso. Al ser pioneros y adem\u00e1s haber demostrado una reducci\u00f3n sostenida de la deforestaci\u00f3n, recibimos contribuciones del extranjero.<\/p>\n<p style=\"padding-left: 80px;\">En este periodo, a m\u00e1s de supervisar la implementaci\u00f3n de proyectos, buscamos incidir en que otras l\u00edneas de acci\u00f3n se desarrollen con el objetivo de garantizar el cumplimiento de las salvaguardas y promover que estas oportunidades lleguen a m\u00e1s actores, y desde mi posici\u00f3n, que es la academia, tratar de promover la investigaci\u00f3n.<\/p>\n<p style=\"padding-left: 80px;\"><strong>3. \u00bfPor qu\u00e9 es importante la creaci\u00f3n de espacios y procesos participativos que est\u00e9n relacionados a temas de conservaci\u00f3n de bosques?<\/strong><\/p>\n<p style=\"padding-left: 80px;\">Es f\u00e1cil enunciar que la naturaleza es de todos, que los bosques son de todos, que las \u00e1reas protegidas son de todos. Es muy dif\u00edcil tomar responsabilidad y buscar que ese bien com\u00fan sea bien manejado. Cuando algo es de todos, es m\u00e1s f\u00e1cil pensar que todos podemos simplemente usar dicho recurso. Por esta raz\u00f3n, las estrategias de REDD+ est\u00e1n dirigidas a promover un mejor trato de los recursos que NO son de todos.<\/p>\n<p style=\"padding-left: 80px;\">El objetivo es que con un buen manejo, se pueda dejar poco a poco la tendencia a explotar lo que es de \u201ctodos\u201d. Los proyectos de bioemprendimientos dan prioridad al trabajo con las comunidades para que al contar con recursos propios, se reduzca la propensi\u00f3n a la deforestaci\u00f3n de las \u00e1reas comunales e indirectamente, as\u00ed se reduzca el riesgo de la tala ilegal dentro de \u00e1reas protegidas.<strong>\u00a0<\/strong><\/p>\n<p style=\"padding-left: 80px;\"><strong>4. \u00bfC\u00f3mo eval\u00faa la participaci\u00f3n de la Mesa REDD+ durante la construcci\u00f3n de la propuesta y el Taller de Arranque del Proyecto de Pago por Resultados?<\/strong><\/p>\n<p style=\"padding-left: 80px;\">Al haber sido miembro de la Segunda Mesa, el arranque de la tercera fase, me ten\u00eda muy preocupado porque est\u00e1bamos bajo las reglas de distanciamiento por la pandemia del COVID -19. El equipo de ProAmazon\u00eda, y en especial, Magdalena Mu\u00f1oz, hicieron un trabajo fenomenal pues ahora somos m\u00e1s organizaciones, tuvimos que capacitarnos para usar tecnolog\u00edas virtuales, mismas que eran nuevas para la mayor\u00eda de participantes. Algo muy valioso fue el curso de nivelaci\u00f3n, en el que las personas nuevas dentro del entorno REDD+ tuvieron la oportunidad de \u201cigualarse\u201d en conocimientos sobre los procesos y alcances de la Mesa.<\/p>\n<p style=\"padding-left: 80px;\"><strong>5. \u00bfCu\u00e1les son las metas y el alcance que tiene la Mesa REDD+ en este tercer periodo y en el a\u00f1o 2021?<\/strong><\/p>\n<p style=\"padding-left: 80px;\">Acabamos de aprobar nuestro plan de trabajo. M\u00e1s bien me gustar\u00eda hacer \u00e9nfasis, aqu\u00ed en que hemos tenido un peque\u00f1o cambio que estoy seguro que dar\u00e1 excelentes resultados. Para cada sector, se ha elegido dos representantes y se espera crear grupos peque\u00f1os de trabajo para tratar temas puntuales. Esta es una forma de lograr m\u00e1s cosas en menos tiempo. Durante el a\u00f1o tenemos cuatro reuniones en total, con posibilidad a sesiones extraordinarias; sin embargo, las acciones suelen requerir tiempos m\u00e1s cortos. Esto ser\u00e1 f\u00e1cilmente superado con esta metodolog\u00eda.<\/p>\n<p style=\"padding-left: 80px;\"><strong>6. \u00bfCu\u00e1les han sido los logros alcanzados por la Mesa REDD+ hasta el momento? Especialmente, durante el segundo periodo, etapa desde la cu\u00e1l usted es miembro.<\/strong><\/p>\n<p style=\"padding-left: 80px;\">El mayor logro que hemos tenido hasta el momento, es el alto nivel de participaci\u00f3n y que muchos de los miembros, incluyendo a representantes de comunidades alejadas, han logrado participar y usar la tecnolog\u00eda de manera adecuada.<\/p>\n<p style=\"padding-left: 80px;\"><strong>7. \u00bfCu\u00e1les son las expectativas de los integrantes de la Mesa REDD+ sobre la implementaci\u00f3n de REDD+ en los pr\u00f3ximos a\u00f1os?<\/strong><\/p>\n<p style=\"padding-left: 80px;\">Siempre las expectativas son muy grandes. Hay personas que a\u00fan no entienden muy bien como funciona este espacio y quieren resolver temas puntuales que les afectan a sus organizaciones.\u00a0 En lo personal, espero que podamos contribuir con procesos de capacitaci\u00f3n, que es algo que ya lo est\u00e1bamos haciendo al usar el espacio de la Mesa REDD+, para presentar experiencias exitosas.<\/p>\n<p style=\"text-align: center;\"><img loading=\"lazy\" decoding=\"async\" class=\"alignnone wp-image-4603\" src=\"https:\/\/www.proamazonia.org\/wp-content\/uploads\/2021\/03\/david.romo_.proamazonia.ecuador.redd_.ambiente.bosques.salvaguardar-300x199.jpg\" alt=\"\" width=\"465\" height=\"308\" data-id=\"4603\" srcset=\"https:\/\/www.proamazonia.org\/ppr\/wp-content\/uploads\/2021\/03\/david.romo_.proamazonia.ecuador.redd_.ambiente.bosques.salvaguardar-300x199.jpg 300w, https:\/\/www.proamazonia.org\/ppr\/wp-content\/uploads\/2021\/03\/david.romo_.proamazonia.ecuador.redd_.ambiente.bosques.salvaguardar-768x508.jpg 768w, https:\/\/www.proamazonia.org\/ppr\/wp-content\/uploads\/2021\/03\/david.romo_.proamazonia.ecuador.redd_.ambiente.bosques.salvaguardar.jpg 950w\" sizes=\"auto, (max-width: 465px) 100vw, 465px\" \/> \u00a0<img loading=\"lazy\" decoding=\"async\" class=\"alignnone wp-image-4602\" src=\"https:\/\/www.proamazonia.org\/wp-content\/uploads\/2021\/03\/1.david_.romo_.proamazonia.ecuador.redd_.ambiente.bosques.salvaguardar-300x199.jpg\" alt=\"\" width=\"463\" height=\"306\" data-id=\"4602\" srcset=\"https:\/\/www.proamazonia.org\/ppr\/wp-content\/uploads\/2021\/03\/1.david_.romo_.proamazonia.ecuador.redd_.ambiente.bosques.salvaguardar-300x199.jpg 300w, https:\/\/www.proamazonia.org\/ppr\/wp-content\/uploads\/2021\/03\/1.david_.romo_.proamazonia.ecuador.redd_.ambiente.bosques.salvaguardar-768x508.jpg 768w, https:\/\/www.proamazonia.org\/ppr\/wp-content\/uploads\/2021\/03\/1.david_.romo_.proamazonia.ecuador.redd_.ambiente.bosques.salvaguardar.jpg 950w\" sizes=\"auto, (max-width: 463px) 100vw, 463px\" \/><\/p>\n<p style=\"text-align: center;\"><b><span style=\"font-size: 10.0pt; color: windowtext;\">Fotograf\u00edas:<\/span><\/b><span style=\"font-size: 10.0pt; color: windowtext;\"> Magdalena Mu\u00f1\u00f3z<br \/>\n<\/span><b><span style=\"font-size: 10.0pt; color: windowtext;\">Descripci\u00f3n:<\/span><\/b><span style=\"font-size: 10.0pt; color: windowtext;\">\u00a0Im\u00e1genes de Archivo \u2013 Reuni\u00f3n de Clausura del Segundo Per\u00edodo de la Mesa de Trabajo REDD+, julio 2019<\/span><\/p>\n<p><\/p>","protected":false},"excerpt":{"rendered":"<p>David Romo es docente de la Universidad San Francisco y Director de la Estaci\u00f3n de Biodiversidad Tiputini. Ha sido miembro de la Mesa REDD+ segundo y tercer Periodo, en representaci\u00f3n de la USFQ, y el sector acad\u00e9mico. En esta ocasi\u00f3n, le hicimos una entrevista para conocer sobre el alcance y los beneficios de espacios participativos en los cuales se analicen temas relacionados al medio ambiente. 1. \u00bfQu\u00e9 es la Mesa REDD+, c\u00f3mo se conforma y cu\u00e1l es su objetivo? \u00a0La Mesa REDD+ es un espacio destinado para el aporte de la sociedad civil en el que, de manera participativa, consensuada y respetuosa, podemos contribuir en la gesti\u00f3n del Ecuador con relaci\u00f3n a la implementaci\u00f3n de pol\u00edticas y proyectos destinados a reducir de la deforestaci\u00f3n. 2. \u00bfCu\u00e1les son los temas m\u00e1s relevantes que se han priorizado en el Tercer Periodo de la Mesa REDD+? En este per\u00edodo se puede ver un enfoque muy fuerte en lo que tiene que ver con proyectos que ser\u00e1n financiados por las contribuciones que recibi\u00f3 el Ecuador como la referente al Proyecto de Pago por Resultados de REDD+ Ecuador. Cuando empezamos con el trabajo de REDD+ en el pa\u00eds, tuvimos que crear una serie de compromisos [&hellip;]<\/p>\n","protected":false},"author":2,"featured_media":4601,"comment_status":"open","ping_status":"open","sticky":false,"template":"","format":"standard","meta":{"_uf_show_specific_survey":0,"_uf_disable_surveys":false,"footnotes":""},"categories":[59,3,23],"tags":[62,58,80,82,57,81],"class_list":["post-4604","post","type-post","status-publish","format-standard","has-post-thumbnail","hentry","category-entrevista","category-noticias","category-noticias-home","tag-bosques","tag-conservacion","tag-david","tag-proamazonia-ecuador","tag-redd","tag-romo"],"aioseo_notices":[],"_links":{"self":[{"href":"https:\/\/www.proamazonia.org\/ppr\/wp-json\/wp\/v2\/posts\/4604","targetHints":{"allow":["GET"]}}],"collection":[{"href":"https:\/\/www.proamazonia.org\/ppr\/wp-json\/wp\/v2\/posts"}],"about":[{"href":"https:\/\/www.proamazonia.org\/ppr\/wp-json\/wp\/v2\/types\/post"}],"author":[{"embeddable":true,"href":"https:\/\/www.proamazonia.org\/ppr\/wp-json\/wp\/v2\/users\/2"}],"replies":[{"embeddable":true,"href":"https:\/\/www.proamazonia.org\/ppr\/wp-json\/wp\/v2\/comments?post=4604"}],"version-history":[{"count":15,"href":"https:\/\/www.proamazonia.org\/ppr\/wp-json\/wp\/v2\/posts\/4604\/revisions"}],"predecessor-version":[{"id":5610,"href":"https:\/\/www.proamazonia.org\/ppr\/wp-json\/wp\/v2\/posts\/4604\/revisions\/5610"}],"wp:featuredmedia":[{"embeddable":true,"href":"https:\/\/www.proamazonia.org\/ppr\/wp-json\/wp\/v2\/media\/4601"}],"wp:attachment":[{"href":"https:\/\/www.proamazonia.org\/ppr\/wp-json\/wp\/v2\/media?parent=4604"}],"wp:term":[{"taxonomy":"category","embeddable":true,"href":"https:\/\/www.proamazonia.org\/ppr\/wp-json\/wp\/v2\/categories?post=4604"},{"taxonomy":"post_tag","embeddable":true,"href":"https:\/\/www.proamazonia.org\/ppr\/wp-json\/wp\/v2\/tags?post=4604"}],"curies":[{"name":"wp","href":"https:\/\/api.w.org\/{rel}","templated":true}]}}