{"id":4726,"date":"2021-03-30T16:28:56","date_gmt":"2021-03-30T21:28:56","guid":{"rendered":"https:\/\/www.proamazonia.org\/?p=4726"},"modified":"2021-05-03T18:46:20","modified_gmt":"2021-05-03T23:46:20","slug":"reconocimiento-al-informe-de-medio-termino-de-proamazonia-por-excelencia-en-su-evaluacion","status":"publish","type":"post","link":"https:\/\/www.proamazonia.org\/ppr\/reconocimiento-al-informe-de-medio-termino-de-proamazonia-por-excelencia-en-su-evaluacion\/","title":{"rendered":"RECONOCIMIENTO AL INFORME DE MEDIO T\u00c9RMINO DE PROAMAZON\u00cdA POR EXCELENCIA EN SU EVALUACI\u00d3N"},"content":{"rendered":"<p>En el marco del trabajo realizado por PROAmazon\u00eda, Ministerio del Ambiente y Agua y el Ministerio de Agricultura y Ganader\u00eda del Ecuador, con el apoyo del PNUD y el financiamiento del Fondo Verde para el clima (GCF) y el Fondo para el Medio Ambiente Mundial (GEF); se realiz\u00f3 en el 2020 la Evaluaci\u00f3n de Medio T\u00e9rmino del proyecto \u00abPreparaci\u00f3n de instrumentos financieros y de planificaci\u00f3n del uso de la tierra para reducir las emisiones de la deforestaci\u00f3n\u201d; en la cual se evalu\u00f3 las acciones realizadas durante dos a\u00f1os y medio de ejecuci\u00f3n (mayo de 2017- diciembre de 2019).<\/p>\n<p>El objetivo de este documento fue analizar y evaluar el cumplimiento de hitos y resultados del proyecto; as\u00ed como revisar las estrategias que garanticen su sostenibilidad. Para esto, se examinaron categor\u00edas como la estrategia; relevancia y eficiencia; implementaci\u00f3n de proyectos y gesti\u00f3n adaptativa; sostenibilidad; innovaci\u00f3n en \u00e1reas de resultados entre otros aspectos que evidencian las acciones realizadas en territorio a favor de las comunidades amaz\u00f3nicas y productores; as\u00ed como la implementaci\u00f3n del enfoque de g\u00e9nero en nuestras acciones para garantizar la inclusi\u00f3n de todas y todos los actores en este proceso.<\/p>\n<p>Gracias al proceso y calidad con la que se llev\u00f3 a cabo esta revisi\u00f3n de medio t\u00e9rmino, el informe presentado a la Oficina de Evaluaci\u00f3n Independiente (OEI) del PNUD fue seleccionado como uno de los dos ganadores del premio a la excelencia por la evaluaci\u00f3n descentralizada 2020, esto luego de un competitivo proceso de evaluaci\u00f3n entre 170 proyectos alrededor del mundo.<\/p>\n<p><em>\u201cEl informe del proyecto es detallado, basado en pruebas y convincente. Su fortaleza est\u00e1 en la presentaci\u00f3n de hallazgos, conclusiones y recomendaciones de evaluaciones basadas en datos\u2026Los hallazgos sobre la apropiaci\u00f3n del pa\u00eds, brindan informaci\u00f3n \u00fatil sobre las formas y estrategias que el PNUD puede adoptar para ser relevantes para el contexto del desarrollo\u201d, <\/em>concluyeron miembros del Panel Asesor de Evaluaci\u00f3n de la OEI del PNUD.<\/p>\n<p>Los Premios a la Excelencia en la Evaluaci\u00f3n fueron establecidos por la OEI del PNUD en el 2020 para promover el reconocimiento y el uso de evaluaciones descentralizadas de alta calidad en toda la agencia.<\/p>\n<p>De manera paralela, el informe rescat\u00f3 el importante avance de PROAmazon\u00eda hacia la obtenci\u00f3n de resultados y avance en la gesti\u00f3n. Entre las conclusiones y hallazgos m\u00e1s destacados, el equipo evaluador encontr\u00f3 que el programa, en su dise\u00f1o conceptual, es coherente con los objetivos del GCF; se encuentra alineado con las pol\u00edticas y legislaciones nacionales, con las prioridades estrat\u00e9gicas de los donantes y las necesidades de la zona de intervenci\u00f3n. Adem\u00e1s, se reconoci\u00f3 que es el primer programa que sigue al 100% los lineamientos del Acuerdo de Varsovia de REDD+ del UNFCCC.<\/p>\n<p>PROAmazon\u00eda, continuar\u00e1 su trabajo, basado en la implementaci\u00f3n del Plan de Acci\u00f3n REDD+ \u201cBosques para el Buen vivir\u201d con el objetivo de\u00a0 reducir la deforestaci\u00f3n y degradaci\u00f3n de los bosques en la Amazon\u00eda ecuatoriana. Este programa enfoca sus esfuerzos en desarrollar instrumentos de planificaci\u00f3n territorial; contribuir a la transici\u00f3n hacia una producci\u00f3n sostenible; impulsar la conservaci\u00f3n y restauraci\u00f3n forestal, apoyar a bio-emprendimientos y acciones que promueven la mitigaci\u00f3n de los efectos del cambio clim\u00e1tico. Las acciones est\u00e1n acompa\u00f1adas de estrategias transversales, relacionadas con los componentes operativos del Plan de REDD+, como las salvaguardas sociales y ambientales, la participaci\u00f3n e involucramiento de actores, el fortalecimiento de capacidades, y la incorporaci\u00f3n de los enfoques de g\u00e9nero e interculturalidad para lograr un desarrollo sostenible y mejorar el bienestar de los y las productoras, comunidades, pueblos y nacionalidades ind\u00edgenas.<\/p>\n<p><img loading=\"lazy\" decoding=\"async\" class=\"alignnone wp-image-4832 aligncenter\" src=\"https:\/\/www.proamazonia.org\/wp-content\/uploads\/2021\/03\/reconocimiento.informe.tecnico.proamazonia-300x167.jpg\" alt=\"\" width=\"566\" height=\"315\" srcset=\"https:\/\/www.proamazonia.org\/ppr\/wp-content\/uploads\/2021\/03\/reconocimiento.informe.tecnico.proamazonia-300x167.jpg 300w, https:\/\/www.proamazonia.org\/ppr\/wp-content\/uploads\/2021\/03\/reconocimiento.informe.tecnico.proamazonia-1024x569.jpg 1024w, https:\/\/www.proamazonia.org\/ppr\/wp-content\/uploads\/2021\/03\/reconocimiento.informe.tecnico.proamazonia-768x427.jpg 768w, https:\/\/www.proamazonia.org\/ppr\/wp-content\/uploads\/2021\/03\/reconocimiento.informe.tecnico.proamazonia-1536x854.jpg 1536w, https:\/\/www.proamazonia.org\/ppr\/wp-content\/uploads\/2021\/03\/reconocimiento.informe.tecnico.proamazonia.jpg 1875w\" sizes=\"auto, (max-width: 566px) 100vw, 566px\" \/><\/p>\n<p style=\"text-align: center;\"><b><span style=\"font-size: 10.0pt; color: windowtext;\">Fotograf\u00eda:<\/span><\/b><span style=\"font-size: 10.0pt; color: windowtext;\"> Unidad de Comunicaci\u00f3n de PROAmazon\u00eda<\/span><span style=\"font-size: 10.0pt; color: windowtext;\">\u00a0<\/span><\/p>\n<p><strong>Autor: <\/strong>Unidad de Comunicaci\u00f3n de PROAmazon\u00eda<\/p>","protected":false},"excerpt":{"rendered":"<p>En el marco del trabajo realizado por PROAmazon\u00eda, Ministerio del Ambiente y Agua y el Ministerio de Agricultura y Ganader\u00eda del Ecuador, con el apoyo del PNUD y el financiamiento del Fondo Verde para el clima (GCF) y el Fondo para el Medio Ambiente Mundial (GEF); se realiz\u00f3 en el 2020 la Evaluaci\u00f3n de Medio T\u00e9rmino del proyecto \u00abPreparaci\u00f3n de instrumentos financieros y de planificaci\u00f3n del uso de la tierra para reducir las emisiones de la deforestaci\u00f3n\u201d; en la cual se evalu\u00f3 las acciones realizadas durante dos a\u00f1os y medio de ejecuci\u00f3n (mayo de 2017- diciembre de 2019). El objetivo de este documento fue analizar y evaluar el cumplimiento de hitos y resultados del proyecto; as\u00ed como revisar las estrategias que garanticen su sostenibilidad. Para esto, se examinaron categor\u00edas como la estrategia; relevancia y eficiencia; implementaci\u00f3n de proyectos y gesti\u00f3n adaptativa; sostenibilidad; innovaci\u00f3n en \u00e1reas de resultados entre otros aspectos que evidencian las acciones realizadas en territorio a favor de las comunidades amaz\u00f3nicas y productores; as\u00ed como la implementaci\u00f3n del enfoque de g\u00e9nero en nuestras acciones para garantizar la inclusi\u00f3n de todas y todos los actores en este proceso. Gracias al proceso y calidad con la que se llev\u00f3 a [&hellip;]<\/p>\n","protected":false},"author":2,"featured_media":4729,"comment_status":"closed","ping_status":"closed","sticky":false,"template":"","format":"standard","meta":{"_uf_show_specific_survey":0,"_uf_disable_surveys":false,"footnotes":""},"categories":[3,23],"tags":[62,58,47,57,89],"class_list":["post-4726","post","type-post","status-publish","format-standard","has-post-thumbnail","hentry","category-noticias","category-noticias-home","tag-bosques","tag-conservacion","tag-pnud","tag-redd","tag-sostenibilidad"],"aioseo_notices":[],"_links":{"self":[{"href":"https:\/\/www.proamazonia.org\/ppr\/wp-json\/wp\/v2\/posts\/4726","targetHints":{"allow":["GET"]}}],"collection":[{"href":"https:\/\/www.proamazonia.org\/ppr\/wp-json\/wp\/v2\/posts"}],"about":[{"href":"https:\/\/www.proamazonia.org\/ppr\/wp-json\/wp\/v2\/types\/post"}],"author":[{"embeddable":true,"href":"https:\/\/www.proamazonia.org\/ppr\/wp-json\/wp\/v2\/users\/2"}],"replies":[{"embeddable":true,"href":"https:\/\/www.proamazonia.org\/ppr\/wp-json\/wp\/v2\/comments?post=4726"}],"version-history":[{"count":2,"href":"https:\/\/www.proamazonia.org\/ppr\/wp-json\/wp\/v2\/posts\/4726\/revisions"}],"predecessor-version":[{"id":4833,"href":"https:\/\/www.proamazonia.org\/ppr\/wp-json\/wp\/v2\/posts\/4726\/revisions\/4833"}],"wp:featuredmedia":[{"embeddable":true,"href":"https:\/\/www.proamazonia.org\/ppr\/wp-json\/wp\/v2\/media\/4729"}],"wp:attachment":[{"href":"https:\/\/www.proamazonia.org\/ppr\/wp-json\/wp\/v2\/media?parent=4726"}],"wp:term":[{"taxonomy":"category","embeddable":true,"href":"https:\/\/www.proamazonia.org\/ppr\/wp-json\/wp\/v2\/categories?post=4726"},{"taxonomy":"post_tag","embeddable":true,"href":"https:\/\/www.proamazonia.org\/ppr\/wp-json\/wp\/v2\/tags?post=4726"}],"curies":[{"name":"wp","href":"https:\/\/api.w.org\/{rel}","templated":true}]}}