{"id":4834,"date":"2021-05-04T08:07:49","date_gmt":"2021-05-04T13:07:49","guid":{"rendered":"https:\/\/www.proamazonia.org\/?p=4834"},"modified":"2021-10-22T20:07:50","modified_gmt":"2021-10-23T01:07:50","slug":"sistema-gestion-medidas-acciones-redd-registro-planes-de-implementacion-programas-y-proyectos-redd","status":"publish","type":"post","link":"https:\/\/www.proamazonia.org\/ppr\/sistema-gestion-medidas-acciones-redd-registro-planes-de-implementacion-programas-y-proyectos-redd\/","title":{"rendered":"Sistema de Gesti\u00f3n de Medidas y Acciones REDD+: Registro de planes de implementaci\u00f3n, programas y proyectos REDD+"},"content":{"rendered":"<p>En noviembre de 2016, el Ministerio del Ambiente oficializ\u00f3 el Plan de Acci\u00f3n REDD+ \u201cBosques para el Buen Vivir\u201d, cuyo objetivo es contribuir a los esfuerzos nacionales para la reducci\u00f3n de la deforestaci\u00f3n y degradaci\u00f3n de los bosques a trav\u00e9s de la conservaci\u00f3n, manejo forestal sostenible, y la optimizaci\u00f3n de otros usos de suelo para reducir la presi\u00f3n sobre los bosques.\u00a0 De esta manera, el Plan de Acci\u00f3n REDD+, contribuye a la reducci\u00f3n de emisiones de Gases de Efecto Invernadero.<\/p>\n<p>La implementaci\u00f3n del Plan de Acci\u00f3n REDD+ requiere el soporte de un sistema inform\u00e1tico que le permita llevar un registro centralizado de los programas, proyectos y planes de implementaci\u00f3n que contribuyen a cumplir con las metas del Plan de Acci\u00f3n REDD+.\u00a0 Este sistema tambi\u00e9n debe permitir realizar el seguimiento y monitoreo de los avances en la implementaci\u00f3n, a la vez que habilite la consulta y publicaci\u00f3n de la informaci\u00f3n relacionada con las acciones nacionales y su estado de avance f\u00edsico y presupuestario.<\/p>\n<p>En este contexto se concibe al Sistema de Gesti\u00f3n de Medidas y Acciones REDD+ (SIGMA) como el sistema inform\u00e1tico que soporte la gesti\u00f3n de la implementaci\u00f3n del Plan de Acci\u00f3n REDD+ en Ecuador, mismo que formar\u00e1 parte del Sistema \u00danico de Informaci\u00f3n Ambiental (SUIA) del Ministerio del Ambiente y Agua y ser\u00e1 operado por los t\u00e9cnicos de la Direcci\u00f3n de Mitigaci\u00f3n del Cambio Clim\u00e1tico.<\/p>\n<p>&nbsp;<\/p>\n<p style=\"text-align: center;\"><img loading=\"lazy\" decoding=\"async\" class=\"alignnone wp-image-4835\" src=\"https:\/\/www.proamazonia.org\/wp-content\/uploads\/2021\/05\/3.Sistema.de_.Gestio\u0301n.REDD_.PROAmazonia-300x139.jpg\" alt=\"\" width=\"455\" height=\"211\" srcset=\"https:\/\/www.proamazonia.org\/ppr\/wp-content\/uploads\/2021\/05\/3.Sistema.de_.Gestio\u0301n.REDD_.PROAmazonia-300x139.jpg 300w, https:\/\/www.proamazonia.org\/ppr\/wp-content\/uploads\/2021\/05\/3.Sistema.de_.Gestio\u0301n.REDD_.PROAmazonia.jpg 682w\" sizes=\"auto, (max-width: 455px) 100vw, 455px\" \/> \u00a0<img loading=\"lazy\" decoding=\"async\" class=\"alignnone wp-image-4836\" src=\"https:\/\/www.proamazonia.org\/wp-content\/uploads\/2021\/05\/2.Sistema.de_.Gestio\u0301n.REDD_.PROAmazonia-300x139.jpg\" alt=\"\" width=\"458\" height=\"212\" srcset=\"https:\/\/www.proamazonia.org\/ppr\/wp-content\/uploads\/2021\/05\/2.Sistema.de_.Gestio\u0301n.REDD_.PROAmazonia-300x139.jpg 300w, https:\/\/www.proamazonia.org\/ppr\/wp-content\/uploads\/2021\/05\/2.Sistema.de_.Gestio\u0301n.REDD_.PROAmazonia.jpg 682w\" sizes=\"auto, (max-width: 458px) 100vw, 458px\" \/><\/p>\n<p style=\"text-align: center;\"><b><span style=\"font-size: 10.0pt; color: windowtext;\">Fotograf\u00edas:<\/span><\/b><span style=\"font-size: 10.0pt; color: windowtext;\"> Lorena Acosta<br \/>\n<b><\/b><\/span><b><span style=\"font-size: 10.0pt; color: windowtext;\">Descripci\u00f3n:<\/span><\/b><span style=\"font-size: 10.0pt; color: windowtext;\"> Taller de validaci\u00f3n de formularios del SIGMA <\/span><\/p>\n<p>El Programa Integral Amaz\u00f3nico de Conservaci\u00f3n de Bosques y Producci\u00f3n Sostenible \u2013 PROAmazon\u00eda, lidera la implementaci\u00f3n del SIGMA, y desde el a\u00f1o 2018 ha ido trabajando en su dise\u00f1o, a trav\u00e9s del levantamiento de procesos y la ejecuci\u00f3n de talleres, que permitan validar que el mismo cumpla con la funcionalidad requerida para dar el seguimiento a la implementaci\u00f3n de REDD+.<\/p>\n<p>El d\u00eda 10 de marzo de 2021, el equipo t\u00e9cnico de PROAmazon\u00eda a cargo del desarrollo del SIGMA, se reuni\u00f3 con los representantes de la Direcci\u00f3n de Mitigaci\u00f3n del Cambio Clim\u00e1tico para revisar el primer m\u00f3dulo del sistema, que permite el registro de planes de implementaci\u00f3n, programas y proyectos, y valid\u00f3 que su dise\u00f1o es amigable al usuario y que permite recopilar la informaci\u00f3n, tanto de acciones como presupuestaria, que ayudar\u00e1 al seguimiento y monitoreo de los avances en la implementaci\u00f3n de REDD+ en el Ecuador.<\/p>\n<p><strong>Autor: <\/strong>Lorena Acosta, Especialista T\u00e9cnica en Procesos y Tecnolog\u00eda de la Informaci\u00f3n para REDD+<\/p>","protected":false},"excerpt":{"rendered":"<p>En noviembre de 2016, el Ministerio del Ambiente oficializ\u00f3 el Plan de Acci\u00f3n REDD+ \u201cBosques para el Buen Vivir\u201d, cuyo objetivo es contribuir a los esfuerzos nacionales para la reducci\u00f3n de la deforestaci\u00f3n y degradaci\u00f3n de los bosques a trav\u00e9s de la conservaci\u00f3n, manejo forestal sostenible, y la optimizaci\u00f3n de otros usos de suelo para reducir la presi\u00f3n sobre los bosques.\u00a0 De esta manera, el Plan de Acci\u00f3n REDD+, contribuye a la reducci\u00f3n de emisiones de Gases de Efecto Invernadero. La implementaci\u00f3n del Plan de Acci\u00f3n REDD+ requiere el soporte de un sistema inform\u00e1tico que le permita llevar un registro centralizado de los programas, proyectos y planes de implementaci\u00f3n que contribuyen a cumplir con las metas del Plan de Acci\u00f3n REDD+.\u00a0 Este sistema tambi\u00e9n debe permitir realizar el seguimiento y monitoreo de los avances en la implementaci\u00f3n, a la vez que habilite la consulta y publicaci\u00f3n de la informaci\u00f3n relacionada con las acciones nacionales y su estado de avance f\u00edsico y presupuestario. En este contexto se concibe al Sistema de Gesti\u00f3n de Medidas y Acciones REDD+ (SIGMA) como el sistema inform\u00e1tico que soporte la gesti\u00f3n de la implementaci\u00f3n del Plan de Acci\u00f3n REDD+ en Ecuador, mismo que formar\u00e1 parte del [&hellip;]<\/p>\n","protected":false},"author":2,"featured_media":4837,"comment_status":"closed","ping_status":"closed","sticky":false,"template":"","format":"standard","meta":{"_uf_show_specific_survey":0,"_uf_disable_surveys":false,"footnotes":""},"categories":[3,23,27],"tags":[42,44,57],"class_list":["post-4834","post","type-post","status-publish","format-standard","has-post-thumbnail","hentry","category-noticias","category-noticias-home","category-redd","tag-ecuador","tag-proamazonia","tag-redd"],"aioseo_notices":[],"_links":{"self":[{"href":"https:\/\/www.proamazonia.org\/ppr\/wp-json\/wp\/v2\/posts\/4834","targetHints":{"allow":["GET"]}}],"collection":[{"href":"https:\/\/www.proamazonia.org\/ppr\/wp-json\/wp\/v2\/posts"}],"about":[{"href":"https:\/\/www.proamazonia.org\/ppr\/wp-json\/wp\/v2\/types\/post"}],"author":[{"embeddable":true,"href":"https:\/\/www.proamazonia.org\/ppr\/wp-json\/wp\/v2\/users\/2"}],"replies":[{"embeddable":true,"href":"https:\/\/www.proamazonia.org\/ppr\/wp-json\/wp\/v2\/comments?post=4834"}],"version-history":[{"count":4,"href":"https:\/\/www.proamazonia.org\/ppr\/wp-json\/wp\/v2\/posts\/4834\/revisions"}],"predecessor-version":[{"id":5625,"href":"https:\/\/www.proamazonia.org\/ppr\/wp-json\/wp\/v2\/posts\/4834\/revisions\/5625"}],"wp:featuredmedia":[{"embeddable":true,"href":"https:\/\/www.proamazonia.org\/ppr\/wp-json\/wp\/v2\/media\/4837"}],"wp:attachment":[{"href":"https:\/\/www.proamazonia.org\/ppr\/wp-json\/wp\/v2\/media?parent=4834"}],"wp:term":[{"taxonomy":"category","embeddable":true,"href":"https:\/\/www.proamazonia.org\/ppr\/wp-json\/wp\/v2\/categories?post=4834"},{"taxonomy":"post_tag","embeddable":true,"href":"https:\/\/www.proamazonia.org\/ppr\/wp-json\/wp\/v2\/tags?post=4834"}],"curies":[{"name":"wp","href":"https:\/\/api.w.org\/{rel}","templated":true}]}}