{"id":4840,"date":"2021-05-04T08:26:20","date_gmt":"2021-05-04T13:26:20","guid":{"rendered":"https:\/\/www.proamazonia.org\/?p=4840"},"modified":"2021-10-22T19:57:17","modified_gmt":"2021-10-23T00:57:17","slug":"ecuador-restaurara-4-000-hectareas-de-bosques-en-comunidades-indigenas-en-la-amazonia","status":"publish","type":"post","link":"https:\/\/www.proamazonia.org\/ppr\/ecuador-restaurara-4-000-hectareas-de-bosques-en-comunidades-indigenas-en-la-amazonia\/","title":{"rendered":"Ecuador restaurar\u00e1 4.000 hect\u00e1reas de bosques en comunidades ind\u00edgenas en la Amazon\u00eda"},"content":{"rendered":"<p>En el marco de las acciones de restauraci\u00f3n forestal que realiza el Ministerio del Ambiente y Agua, se llev\u00f3 a cabo el 1 de abril, la firma de la Carta de Intenci\u00f3n entre el ministro del Ambiente y Agua y los representantes de las comunidades ind\u00edgenas involucradas para el arranque del proyecto de restauraci\u00f3n por 4.000 hect\u00e1reas en los cantones de Shushufindi y Orellana. El proyecto beneficiar\u00e1 a m\u00e1s de 4.100 habitantes de 35 comunidades ind\u00edgenas de las provincias de Orellana y Sucumb\u00edos. Las actividades de restauraci\u00f3n se desarrollar\u00e1n en la parroquia Limoncocha de la provincia de Sucumb\u00edos y en la parroquia Dayuma de la provincia de Orellana.<\/p>\n<p>El Ministerio del Ambiente y Agua; a trav\u00e9s de PROAmazon\u00eda y con el apoyo del PNUD, cuenta con un Acuerdo de Parte Responsable firmado entre el PNUD y la Organizaci\u00f3n Hivos para la implementaci\u00f3n del proyecto en menci\u00f3n. Esta iniciativa de restauraci\u00f3n forestal resalta las acciones de la Autoridad Ambiental para la conservaci\u00f3n y protecci\u00f3n del patrimonio natural, as\u00ed como la reducci\u00f3n de la deforestaci\u00f3n y el trabajo articulado con los pueblos y nacionalidades ind\u00edgenas de la Amazon\u00eda.<\/p>\n<p>El Programa Nacional de Reforestaci\u00f3n del Ministerio del Ambiente y Agua junto con PROAmazon\u00eda, brindar\u00e1n el respectivo acompa\u00f1amiento t\u00e9cnico durante el desarrollo de este proyecto, el cual se extender\u00e1 hasta mayo del 2022. El objetivo es reducir la degradaci\u00f3n, mitigar los efectos de cambio clim\u00e1tico y promover la conservaci\u00f3n de los bosques. La Autoridad Ambiental velar\u00e1 por el cumplimiento de las directrices nacionales para las acciones de restauraci\u00f3n, establecidas en el Plan Nacional de Restauraci\u00f3n 2019-2030.<\/p>\n<p>La organizaci\u00f3n holandesa Hivos es el socio ejecutor del proyecto de restauraci\u00f3n, y contar\u00e1 con la participaci\u00f3n de la Universidad San Francisco de Quito (USFQ), y de las comunidades ind\u00edgenas en calidad de co-ejecutoras. \u00a0Esta iniciativa impulsar\u00e1 los bioemprendimientos locales de las comunidades ind\u00edgenas beneficiarias, con el objetivo de fomentar nuevas alternativas de ingresos en base a productos forestales no maderables. Esto contribuir\u00e1 a la diversificaci\u00f3n de la econom\u00eda local, a recuperar los conocimientos y pr\u00e1cticas ancestrales, y por consecuencia, velar por la protecci\u00f3n de los bosques y sus servicios ecosist\u00e9micos que benefician a los habitantes de la zona y al pa\u00eds en general.<\/p>\n<p>El evento, cont\u00f3 con la participaci\u00f3n del ministro del Ambiente y Agua, Marcelo Mata; la Representante Residente del PNUD en Ecuador, Matilde Mordt; la Representante de Hivos en Ecuador, Doris Ortiz; y la Gerente de PROAmazon\u00eda, Patricia Serrano. Por parte de las autoridades locales participaron: la alcaldesa del GAD Municipal de Shushufindi, Esperanza Torres y de los presidentes de las comunidades de: Yamanunka, Edwin Awak; Tiwiram, Juan Villag\u00f3mez; Justicia Social, Carmen Armijos.<\/p>\n<p>Con el arranque de este proyecto de restauraci\u00f3n, la Autoridad Ambiental alcanza 15.000 hect\u00e1reas bajo procesos de restauraci\u00f3n forestal en la Amazon\u00eda ecuatoriana y bosque seco del sur del pa\u00eds, contribuyendo directamente a la conservaci\u00f3n del patrimonio natural y la reducci\u00f3n de la deforestaci\u00f3n.<\/p>\n<p style=\"text-align: center;\"><img loading=\"lazy\" decoding=\"async\" class=\"alignnone wp-image-4841\" src=\"https:\/\/www.proamazonia.org\/wp-content\/uploads\/2021\/05\/3.Firma_.Convenio.HIVOS_.MAAE_.Proamazonia-300x169.jpg\" alt=\"\" width=\"456\" height=\"256\" srcset=\"https:\/\/www.proamazonia.org\/ppr\/wp-content\/uploads\/2021\/05\/3.Firma_.Convenio.HIVOS_.MAAE_.Proamazonia-300x169.jpg 300w, https:\/\/www.proamazonia.org\/ppr\/wp-content\/uploads\/2021\/05\/3.Firma_.Convenio.HIVOS_.MAAE_.Proamazonia-768x432.jpg 768w, https:\/\/www.proamazonia.org\/ppr\/wp-content\/uploads\/2021\/05\/3.Firma_.Convenio.HIVOS_.MAAE_.Proamazonia.jpg 800w\" sizes=\"auto, (max-width: 456px) 100vw, 456px\" \/> \u00a0<img loading=\"lazy\" decoding=\"async\" class=\"alignnone wp-image-4842\" src=\"https:\/\/www.proamazonia.org\/wp-content\/uploads\/2021\/05\/2.Firma_.Convenio.HIVOS_.MAAE_.Proamazonia-300x169.jpg\" alt=\"\" width=\"459\" height=\"258\" srcset=\"https:\/\/www.proamazonia.org\/ppr\/wp-content\/uploads\/2021\/05\/2.Firma_.Convenio.HIVOS_.MAAE_.Proamazonia-300x169.jpg 300w, https:\/\/www.proamazonia.org\/ppr\/wp-content\/uploads\/2021\/05\/2.Firma_.Convenio.HIVOS_.MAAE_.Proamazonia-768x432.jpg 768w, https:\/\/www.proamazonia.org\/ppr\/wp-content\/uploads\/2021\/05\/2.Firma_.Convenio.HIVOS_.MAAE_.Proamazonia.jpg 800w\" sizes=\"auto, (max-width: 459px) 100vw, 459px\" \/><\/p>\n<p style=\"text-align: center;\"><b><span style=\"font-size: 10.0pt; color: windowtext;\">Fotograf\u00edas:<\/span><\/b><span style=\"font-size: 10.0pt; color: windowtext;\">\u00a0Unidad de Comunicaci\u00f3n PROAmazon\u00eda<br \/>\n<b><\/b><\/span><b><span style=\"font-size: 10.0pt; color: windowtext;\">Descripci\u00f3n:<\/span><\/b><span style=\"font-size: 10.0pt; color: windowtext;\">\u00a0Representantes de las comunidades ind\u00edgenas involucradas suscribieron cartas de intenci\u00f3n con la Autoridad Ambiental Nacional<br \/>\npara el proyecto de restauraci\u00f3n por 4.000 hect\u00e1reas. Foto: Unidad Comunicaci\u00f3n PROAmazon\u00eda<\/span><\/p>\n<p>&nbsp;<\/p>\n<p><strong>Autor:<\/strong>\u00a0Unidad de Comunicaci\u00f3n de PROAmazon\u00eda<\/p>","protected":false},"excerpt":{"rendered":"<p>En el marco de las acciones de restauraci\u00f3n forestal que realiza el Ministerio del Ambiente y Agua, se llev\u00f3 a cabo el 1 de abril, la firma de la Carta de Intenci\u00f3n entre el ministro del Ambiente y Agua y los representantes de las comunidades ind\u00edgenas involucradas para el arranque del proyecto de restauraci\u00f3n por 4.000 hect\u00e1reas en los cantones de Shushufindi y Orellana. El proyecto beneficiar\u00e1 a m\u00e1s de 4.100 habitantes de 35 comunidades ind\u00edgenas de las provincias de Orellana y Sucumb\u00edos. Las actividades de restauraci\u00f3n se desarrollar\u00e1n en la parroquia Limoncocha de la provincia de Sucumb\u00edos y en la parroquia Dayuma de la provincia de Orellana. El Ministerio del Ambiente y Agua; a trav\u00e9s de PROAmazon\u00eda y con el apoyo del PNUD, cuenta con un Acuerdo de Parte Responsable firmado entre el PNUD y la Organizaci\u00f3n Hivos para la implementaci\u00f3n del proyecto en menci\u00f3n. Esta iniciativa de restauraci\u00f3n forestal resalta las acciones de la Autoridad Ambiental para la conservaci\u00f3n y protecci\u00f3n del patrimonio natural, as\u00ed como la reducci\u00f3n de la deforestaci\u00f3n y el trabajo articulado con los pueblos y nacionalidades ind\u00edgenas de la Amazon\u00eda. El Programa Nacional de Reforestaci\u00f3n del Ministerio del Ambiente y Agua junto con PROAmazon\u00eda, [&hellip;]<\/p>\n","protected":false},"author":2,"featured_media":4843,"comment_status":"closed","ping_status":"closed","sticky":false,"template":"","format":"standard","meta":{"_uf_show_specific_survey":0,"_uf_disable_surveys":false,"footnotes":""},"categories":[30,3,23,31],"tags":[58,42,161,91,174,44,175],"class_list":["post-4840","post","type-post","status-publish","format-standard","has-post-thumbnail","hentry","category-conservacion","category-noticias","category-noticias-home","category-restauracion","tag-conservacion","tag-ecuador","tag-environmental","tag-indigenas","tag-indigenous","tag-proamazonia","tag-yamanunka"],"aioseo_notices":[],"_links":{"self":[{"href":"https:\/\/www.proamazonia.org\/ppr\/wp-json\/wp\/v2\/posts\/4840","targetHints":{"allow":["GET"]}}],"collection":[{"href":"https:\/\/www.proamazonia.org\/ppr\/wp-json\/wp\/v2\/posts"}],"about":[{"href":"https:\/\/www.proamazonia.org\/ppr\/wp-json\/wp\/v2\/types\/post"}],"author":[{"embeddable":true,"href":"https:\/\/www.proamazonia.org\/ppr\/wp-json\/wp\/v2\/users\/2"}],"replies":[{"embeddable":true,"href":"https:\/\/www.proamazonia.org\/ppr\/wp-json\/wp\/v2\/comments?post=4840"}],"version-history":[{"count":5,"href":"https:\/\/www.proamazonia.org\/ppr\/wp-json\/wp\/v2\/posts\/4840\/revisions"}],"predecessor-version":[{"id":5623,"href":"https:\/\/www.proamazonia.org\/ppr\/wp-json\/wp\/v2\/posts\/4840\/revisions\/5623"}],"wp:featuredmedia":[{"embeddable":true,"href":"https:\/\/www.proamazonia.org\/ppr\/wp-json\/wp\/v2\/media\/4843"}],"wp:attachment":[{"href":"https:\/\/www.proamazonia.org\/ppr\/wp-json\/wp\/v2\/media?parent=4840"}],"wp:term":[{"taxonomy":"category","embeddable":true,"href":"https:\/\/www.proamazonia.org\/ppr\/wp-json\/wp\/v2\/categories?post=4840"},{"taxonomy":"post_tag","embeddable":true,"href":"https:\/\/www.proamazonia.org\/ppr\/wp-json\/wp\/v2\/tags?post=4840"}],"curies":[{"name":"wp","href":"https:\/\/api.w.org\/{rel}","templated":true}]}}