{"id":4846,"date":"2021-05-04T09:12:13","date_gmt":"2021-05-04T14:12:13","guid":{"rendered":"https:\/\/www.proamazonia.org\/?p=4846"},"modified":"2021-10-22T19:15:26","modified_gmt":"2021-10-23T00:15:26","slug":"ecuador-celebra-avances-en-la-proteccion-de-sus-fuentes-hidricas","status":"publish","type":"post","link":"https:\/\/www.proamazonia.org\/ppr\/ecuador-celebra-avances-en-la-proteccion-de-sus-fuentes-hidricas\/","title":{"rendered":"Ecuador celebra avances en la protecci\u00f3n de sus fuentes h\u00eddricas"},"content":{"rendered":"<p>En el \u00c1rea de Protecci\u00f3n H\u00eddrica Ponce Paluguillo, el 23 de marzo de la provincia de Pichincha, se llev\u00f3 a cabo la visita de la autoridad ambiental del pa\u00eds, en conmemoraci\u00f3n del D\u00eda Mundial del Agua, con el objetivo de resaltar las acciones que se realizan en el marco de los convenios firmados entre el Ministerio del Ambiente y los Fondos de Agua: Fonapa, Foragua y Fonag, en los cuales PROAmazon\u00eda contribuye con su financiamiento y asesor\u00eda t\u00e9cnica, para garantizar la conservaci\u00f3n y restauraci\u00f3n de ecosistemas y sus fuentes de agua.<\/p>\n<p>El \u00c1rea de Protecci\u00f3n H\u00eddrica Ponce Paluguillo es una fuente de agua que provee el l\u00edquido vital a los tres millones de habitantes del Distrito Metropolitano de Quito y sus alrededores, y constituye la primera zona de protecci\u00f3n h\u00eddrica declarada en el Ecuador desde noviembre del 2018. Actualmente, se encuentra bajo la administraci\u00f3n del Fondo para la Protecci\u00f3n del Agua &#8211; FONAG.<\/p>\n<p>Este encuentro permiti\u00f3 destacar los logros alcanzados en el marco de la implementaci\u00f3n de este convenio interinstitucional que inici\u00f3 en el 2017, y que estar\u00e1 vigente hasta mediados del 2022, a trav\u00e9s de la gesti\u00f3n compartida entre FONAG y PROAmazon\u00eda; un programa liderado por el MAAE y MAG con apoyo de PNUD. Los objetivos que giran en torno a este convenio contemplan: la recuperaci\u00f3n de ecosistemas para que exista suficiente agua y tenga una calidad apta para su consumo, la continuidad de proyectos de restauraci\u00f3n enfocados en el cambio de uso del suelo, la reducci\u00f3n de la deforestaci\u00f3n y degradaci\u00f3n de los bosques; as\u00ed como la generaci\u00f3n de modos de vida sostenibles.<\/p>\n<p>En el evento se resalt\u00f3 algunos de los principales logros de este convenio entre los que se encuentran:<\/p>\n<ul>\n<li>Establecimiento de acuerdos comunitarios para la conservaci\u00f3n 8.617 hect\u00e1reas en las zonas de Oyacachi, Papallacta y El Carmen.<\/li>\n<li>Restauraci\u00f3n de 338.2 hect\u00e1reas a trav\u00e9s de acciones de reforestaci\u00f3n.<\/li>\n<li>Construcci\u00f3n de infraestructura para control y vigilancia de las \u00e1reas protegidas.<\/li>\n<li>Promoci\u00f3n de actividades de turismo sostenible y de fomento a la soberan\u00eda alimentaria en diferentes comunidades como: El Tambo, Oyacachi, Papallacta.<\/li>\n<li>Monitoreo de servicios ecosist\u00e9micos, espec\u00edficamente de la calidad del agua, contenidos de carbono, y procesos de restauraci\u00f3n.<\/li>\n<li>Capacitaci\u00f3n y equipamiento a dos brigadas sobre prevenci\u00f3n y control de incendios.<\/li>\n<li>Producci\u00f3n de material educativo e interactivo sobre las funciones de los bosques que ha sido socializado con las escuelas ubicadas en el \u00e1rea de incidencia.<\/li>\n<li>Promoci\u00f3n de actividades que visibilizan el trabajo de las mujeres en cumplimiento de las Salvaguardas Ambientales y Sociales.<\/li>\n<\/ul>\n<p>Esta visita cont\u00f3 con la participaci\u00f3n del ministro del Ambiente y Agua (MAAE) Marcelo Mata; la representante Residente del Programa de Naciones Unidas para el Desarrollo en Ecuador (PNUD) Matilde Mordt; el secretario T\u00e9cnico del Fondo para la Protecci\u00f3n del Agua (FONAG) Bert de Bi\u00e9vre; y la Gerente de PROAmazon\u00eda, Patricia Serrano.<\/p>\n<p style=\"text-align: center;\"><img loading=\"lazy\" decoding=\"async\" class=\"alignnone wp-image-4848\" src=\"https:\/\/www.proamazonia.org\/wp-content\/uploads\/2021\/05\/4.proteccion.fuentes.hidircas.proamazonia.agua_-e1620137836380-300x147.jpg\" alt=\"\" width=\"906\" height=\"444\" srcset=\"https:\/\/www.proamazonia.org\/ppr\/wp-content\/uploads\/2021\/05\/4.proteccion.fuentes.hidircas.proamazonia.agua_-e1620137836380-300x147.jpg 300w, https:\/\/www.proamazonia.org\/ppr\/wp-content\/uploads\/2021\/05\/4.proteccion.fuentes.hidircas.proamazonia.agua_-e1620137836380-768x376.jpg 768w, https:\/\/www.proamazonia.org\/ppr\/wp-content\/uploads\/2021\/05\/4.proteccion.fuentes.hidircas.proamazonia.agua_-e1620137836380.jpg 894w\" sizes=\"auto, (max-width: 906px) 100vw, 906px\" \/><\/p>\n<p style=\"text-align: center;\"><img loading=\"lazy\" decoding=\"async\" class=\"alignnone wp-image-4849\" src=\"https:\/\/www.proamazonia.org\/wp-content\/uploads\/2021\/05\/3.proteccion.fuentes.hidircas.proamazonia.agua_-300x225.jpg\" alt=\"\" width=\"456\" height=\"342\" srcset=\"https:\/\/www.proamazonia.org\/ppr\/wp-content\/uploads\/2021\/05\/3.proteccion.fuentes.hidircas.proamazonia.agua_-300x225.jpg 300w, https:\/\/www.proamazonia.org\/ppr\/wp-content\/uploads\/2021\/05\/3.proteccion.fuentes.hidircas.proamazonia.agua_-768x576.jpg 768w, https:\/\/www.proamazonia.org\/ppr\/wp-content\/uploads\/2021\/05\/3.proteccion.fuentes.hidircas.proamazonia.agua_-400x300.jpg 400w, https:\/\/www.proamazonia.org\/ppr\/wp-content\/uploads\/2021\/05\/3.proteccion.fuentes.hidircas.proamazonia.agua_-800x600.jpg 800w, https:\/\/www.proamazonia.org\/ppr\/wp-content\/uploads\/2021\/05\/3.proteccion.fuentes.hidircas.proamazonia.agua_.jpg 894w\" sizes=\"auto, (max-width: 456px) 100vw, 456px\" \/>\u00a0 \u00a0<img loading=\"lazy\" decoding=\"async\" class=\"alignnone wp-image-4850\" src=\"https:\/\/www.proamazonia.org\/wp-content\/uploads\/2021\/05\/2.proteccion.fuentes.hidircas.proamazonia.agua_-300x225.jpg\" alt=\"\" width=\"454\" height=\"340\" srcset=\"https:\/\/www.proamazonia.org\/ppr\/wp-content\/uploads\/2021\/05\/2.proteccion.fuentes.hidircas.proamazonia.agua_-300x225.jpg 300w, https:\/\/www.proamazonia.org\/ppr\/wp-content\/uploads\/2021\/05\/2.proteccion.fuentes.hidircas.proamazonia.agua_-768x576.jpg 768w, https:\/\/www.proamazonia.org\/ppr\/wp-content\/uploads\/2021\/05\/2.proteccion.fuentes.hidircas.proamazonia.agua_-400x300.jpg 400w, https:\/\/www.proamazonia.org\/ppr\/wp-content\/uploads\/2021\/05\/2.proteccion.fuentes.hidircas.proamazonia.agua_-800x600.jpg 800w, https:\/\/www.proamazonia.org\/ppr\/wp-content\/uploads\/2021\/05\/2.proteccion.fuentes.hidircas.proamazonia.agua_.jpg 894w\" sizes=\"auto, (max-width: 454px) 100vw, 454px\" \/><\/p>\n<p style=\"text-align: center;\"><b><span style=\"font-size: 10.0pt; color: windowtext;\">Fotograf\u00edas:<\/span><\/b><span style=\"font-size: 10.0pt; color: windowtext;\">\u00a0Mart\u00edn Pastor<br \/>\n<b><\/b><\/span><b><span style=\"font-size: 10.0pt; color: windowtext;\">Descripci\u00f3n:<\/span><\/b><span style=\"font-size: 10.0pt; color: windowtext;\">\u00a0Visita de autoridades al \u00c1rea de Protecci\u00f3n H\u00eddrica Ponce Paluguillo<\/span><\/p>\n<p>&nbsp;<\/p>\n<p><strong>Autor: <\/strong>Unidad de Comunicaci\u00f3n de PROAmazon\u00eda<\/p>","protected":false},"excerpt":{"rendered":"<p>En el \u00c1rea de Protecci\u00f3n H\u00eddrica Ponce Paluguillo, el 23 de marzo de la provincia de Pichincha, se llev\u00f3 a cabo la visita de la autoridad ambiental del pa\u00eds, en conmemoraci\u00f3n del D\u00eda Mundial del Agua, con el objetivo de resaltar las acciones que se realizan en el marco de los convenios firmados entre el Ministerio del Ambiente y los Fondos de Agua: Fonapa, Foragua y Fonag, en los cuales PROAmazon\u00eda contribuye con su financiamiento y asesor\u00eda t\u00e9cnica, para garantizar la conservaci\u00f3n y restauraci\u00f3n de ecosistemas y sus fuentes de agua. El \u00c1rea de Protecci\u00f3n H\u00eddrica Ponce Paluguillo es una fuente de agua que provee el l\u00edquido vital a los tres millones de habitantes del Distrito Metropolitano de Quito y sus alrededores, y constituye la primera zona de protecci\u00f3n h\u00eddrica declarada en el Ecuador desde noviembre del 2018. Actualmente, se encuentra bajo la administraci\u00f3n del Fondo para la Protecci\u00f3n del Agua &#8211; FONAG. Este encuentro permiti\u00f3 destacar los logros alcanzados en el marco de la implementaci\u00f3n de este convenio interinstitucional que inici\u00f3 en el 2017, y que estar\u00e1 vigente hasta mediados del 2022, a trav\u00e9s de la gesti\u00f3n compartida entre FONAG y PROAmazon\u00eda; un programa liderado por el MAAE y [&hellip;]<\/p>\n","protected":false},"author":2,"featured_media":4847,"comment_status":"closed","ping_status":"closed","sticky":false,"template":"","format":"standard","meta":{"_uf_show_specific_survey":0,"_uf_disable_surveys":false,"footnotes":""},"categories":[3,23,31],"tags":[42,173,44,172],"class_list":["post-4846","post","type-post","status-publish","format-standard","has-post-thumbnail","hentry","category-noticias","category-noticias-home","category-restauracion","tag-ecuador","tag-fuentes-hidricas","tag-proamazonia","tag-water-sources"],"aioseo_notices":[],"_links":{"self":[{"href":"https:\/\/www.proamazonia.org\/ppr\/wp-json\/wp\/v2\/posts\/4846","targetHints":{"allow":["GET"]}}],"collection":[{"href":"https:\/\/www.proamazonia.org\/ppr\/wp-json\/wp\/v2\/posts"}],"about":[{"href":"https:\/\/www.proamazonia.org\/ppr\/wp-json\/wp\/v2\/types\/post"}],"author":[{"embeddable":true,"href":"https:\/\/www.proamazonia.org\/ppr\/wp-json\/wp\/v2\/users\/2"}],"replies":[{"embeddable":true,"href":"https:\/\/www.proamazonia.org\/ppr\/wp-json\/wp\/v2\/comments?post=4846"}],"version-history":[{"count":3,"href":"https:\/\/www.proamazonia.org\/ppr\/wp-json\/wp\/v2\/posts\/4846\/revisions"}],"predecessor-version":[{"id":5621,"href":"https:\/\/www.proamazonia.org\/ppr\/wp-json\/wp\/v2\/posts\/4846\/revisions\/5621"}],"wp:featuredmedia":[{"embeddable":true,"href":"https:\/\/www.proamazonia.org\/ppr\/wp-json\/wp\/v2\/media\/4847"}],"wp:attachment":[{"href":"https:\/\/www.proamazonia.org\/ppr\/wp-json\/wp\/v2\/media?parent=4846"}],"wp:term":[{"taxonomy":"category","embeddable":true,"href":"https:\/\/www.proamazonia.org\/ppr\/wp-json\/wp\/v2\/categories?post=4846"},{"taxonomy":"post_tag","embeddable":true,"href":"https:\/\/www.proamazonia.org\/ppr\/wp-json\/wp\/v2\/tags?post=4846"}],"curies":[{"name":"wp","href":"https:\/\/api.w.org\/{rel}","templated":true}]}}