{"id":4860,"date":"2021-05-04T11:29:46","date_gmt":"2021-05-04T16:29:46","guid":{"rendered":"https:\/\/www.proamazonia.org\/?p=4860"},"modified":"2021-10-22T18:57:43","modified_gmt":"2021-10-22T23:57:43","slug":"ecuador-cuenta-con-estudios-tecnicos-cientificos-de-51-especies-forestales","status":"publish","type":"post","link":"https:\/\/www.proamazonia.org\/ppr\/ecuador-cuenta-con-estudios-tecnicos-cientificos-de-51-especies-forestales\/","title":{"rendered":"Ecuador cuenta con estudios t\u00e9cnicos y cient\u00edficos de 51 especies forestales"},"content":{"rendered":"<p>El Ministerio del Ambiente y Agua (MAAE) con el apoyo t\u00e9cnico de la FAO, a trav\u00e9s de PROAmazon\u00eda, ha desarrollado estudios dendrol\u00f3gicos y propiedades f\u00edsico-anat\u00f3micos de 51 especies forestales priorizadas. Esto constituir\u00e1 un insumo clave y de utilidad para las acciones del Sistema Nacional de Control Forestal (SNCF) que realiza la Direcci\u00f3n de Bosques del MAAE.<\/p>\n<p>Estos estudios se enmarcan en el \u00e1mbito del fortalecimiento de la trazabilidad forestal, que permite el registro de la informaci\u00f3n de los \u00e1rboles a aprovechar que han sido autorizados por la Autoridad Ambiental, a su vez, relacionar los \u00e1rboles censados e inventariados, con los productos en su estado natural. La Direcci\u00f3n Nacional de Bosques determin\u00f3 que para la mayor\u00eda de las\u00a0especies\u00a0los precios de mercado est\u00e1n por debajo de los costos de producci\u00f3n. Con estas consideraciones, se prioriz\u00f3 un listado de\u00a0especies\u00a0forestales de alto valor comercial, de aprovechamiento condicionado, enlistadas en la Convenci\u00f3n sobre el Comercio Internacional de Especies Amenazadas de Fauna y Flora Silvestres (CITES) y tomando en cuenta el volumen movilizado de estas especies que requieren de mejores instrumentos para ser identificadas. Aquellas seleccionadas responden a\u00a0nombres\u00a0comunes usados en establecimientos que transforman y comercializan madera y en el registro de los planes y programas de aprovechamiento, por lo que fue necesario asociarlas a sus respectivos\u00a0nombres\u00a0cient\u00edficos.<\/p>\n<p>Este es un esfuerzo del MAAE para generar y compilar informaci\u00f3n confiable y validada para mejorar la gesti\u00f3n de los recursos forestales, que incluye los censos e inventarios, la elaboraci\u00f3n, ejecuci\u00f3n y seguimiento de los planes y programas de manejo, el transporte y dep\u00f3sito de madera y, la implementaci\u00f3n de acciones de conservaci\u00f3n, fomento, restauraci\u00f3n y manejo forestal sostenible.<\/p>\n<p>Posterior a los trabajos investigativos, se desarrollar\u00e1 un Cat\u00e1logo de Especies Forestales Maderables que corresponder\u00e1 a un registro nacional de las especies que se aprovechan . Ser\u00e1 un proceso continuo que ir\u00e1 incorporando nuevos registros conforme a las necesidades de la gesti\u00f3n forestal del pa\u00eds.<\/p>\n<p>Este cat\u00e1logo de especies forestales recoger\u00e1 informaci\u00f3n relevante de las 51 especies seleccionadas, las cuales han sido descritas por sus principales caracter\u00edsticas dendrol\u00f3gicas y anat\u00f3micas de la madera, lo que facilitar\u00e1 su correcta identificaci\u00f3n.<\/p>\n<p>Entre las principales caracter\u00edsticas descritas, se puede resaltar las siguientes: familia, sin\u00f3nimos, nombres comunes, estatus, categor\u00eda seg\u00fan la Uni\u00f3n Internacional para la Conservaci\u00f3n de la naturaleza (UICN), descripci\u00f3n bot\u00e1nica y dendrol\u00f3gica, caracter\u00edsticas de la madera h\u00fameda, caracteres organol\u00e9pticos, caracter\u00edsticas anat\u00f3micas macrosc\u00f3picas, caracter\u00edsticas anat\u00f3micas microsc\u00f3picas, propiedades f\u00edsicas, ecolog\u00eda y usos.<\/p>\n<p>La descripci\u00f3n se respalda en fotograf\u00edas en alta definici\u00f3n de las diferentes caracter\u00edsticas, mapas y gr\u00e1ficos, que permiten de una manera muy f\u00e1cil y did\u00e1ctica, conocer a cada especie.<\/p>\n<p>Para acceder a esta informaci\u00f3n se han previsto varios mecanismos:<\/p>\n<ol>\n<li>El Cat\u00e1logo Nacional de Objetos Biol\u00f3gicos \u201cCNOB\u201d, en donde los usuarios podr\u00e1n acceder a la informaci\u00f3n de las 51 especies forestales de manera digital que y se encuentra disponible en la p\u00e1gina del Sistema \u00danico de Informaci\u00f3n Ambiental SUIA.<\/li>\n<li>Un Cat\u00e1logo de especies forestales en versi\u00f3n electr\u00f3nica que estar\u00e1 disponible en los medios de difusi\u00f3n del MAAE, PROAmazon\u00eda y FAO.<\/li>\n<\/ol>\n<p>Adem\u00e1s, como parte del trabajo realizado en campo, se generaron colecciones bot\u00e1nicas, xilotecas y muestras microsc\u00f3picas de la madera de las 51 especies, las cuales fueron entregadas a universidades, herbarios y al MAAE, con la finalidad que puedan ser usadas en la gesti\u00f3n del conocimiento y en la identificaci\u00f3n de especies que est\u00e9n siendo aprovechadas, movilizadas y comercializadas.<\/p>\n<p>Estas acciones y productos generados contribuir\u00e1n a la mejora de las capacidades institucionales del MAAE, la reducci\u00f3n de tala ilegal de madera de especies amenazadas o en peligro de extinci\u00f3n, ampliaci\u00f3n del conocimiento sobre el bosque natural para un correcto desempe\u00f1o del Sistema Nacional de Control Forestal; y favorecer\u00e1n a la aplicaci\u00f3n efectiva de la pol\u00edtica p\u00fablica forestal, el fomento del desarrollo forestal sostenible y el cumplimiento de compromisos internacionales.<\/p>\n<p>&nbsp;<\/p>\n<p style=\"text-align: center;\"><img loading=\"lazy\" decoding=\"async\" class=\"alignnone wp-image-4861\" src=\"https:\/\/www.proamazonia.org\/wp-content\/uploads\/2021\/05\/4.Estudios-dendrolo\u0301gicos-anato\u0301micos-de-madera-proamazonia-300x268.jpg\" alt=\"\" width=\"698\" height=\"624\" srcset=\"https:\/\/www.proamazonia.org\/ppr\/wp-content\/uploads\/2021\/05\/4.Estudios-dendrolo\u0301gicos-anato\u0301micos-de-madera-proamazonia-300x268.jpg 300w, https:\/\/www.proamazonia.org\/ppr\/wp-content\/uploads\/2021\/05\/4.Estudios-dendrolo\u0301gicos-anato\u0301micos-de-madera-proamazonia-768x687.jpg 768w, https:\/\/www.proamazonia.org\/ppr\/wp-content\/uploads\/2021\/05\/4.Estudios-dendrolo\u0301gicos-anato\u0301micos-de-madera-proamazonia.jpg 1000w\" sizes=\"auto, (max-width: 698px) 100vw, 698px\" \/><\/p>\n<p style=\"text-align: center;\"><b><span style=\"font-size: 10.0pt; color: windowtext;\">Fotograf\u00eda:<\/span><\/b><span style=\"font-size: 10.0pt; color: windowtext;\"> FAO<br \/>\n<b><\/b><\/span><b><span style=\"font-size: 10.0pt; color: windowtext;\">Descripci\u00f3n:<\/span><\/b><span style=\"font-size: 10.0pt; color: windowtext;\">\u00a0Collage de caracter\u00edsticas dendrol\u00f3gicas y anat\u00f3micas de la madera de <em>Swietenia macrophylla<\/em> (Caoba).<\/span><\/p>\n<p>&nbsp;<\/p>\n<p style=\"text-align: center;\"><img loading=\"lazy\" decoding=\"async\" class=\"alignnone wp-image-4862\" src=\"https:\/\/www.proamazonia.org\/wp-content\/uploads\/2021\/05\/3.Estudios-dendrolo\u0301gicos-anato\u0301micos-de-madera-proamazonia-300x151.jpg\" alt=\"\" width=\"453\" height=\"228\" srcset=\"https:\/\/www.proamazonia.org\/ppr\/wp-content\/uploads\/2021\/05\/3.Estudios-dendrolo\u0301gicos-anato\u0301micos-de-madera-proamazonia-300x151.jpg 300w, https:\/\/www.proamazonia.org\/ppr\/wp-content\/uploads\/2021\/05\/3.Estudios-dendrolo\u0301gicos-anato\u0301micos-de-madera-proamazonia-768x387.jpg 768w, https:\/\/www.proamazonia.org\/ppr\/wp-content\/uploads\/2021\/05\/3.Estudios-dendrolo\u0301gicos-anato\u0301micos-de-madera-proamazonia.jpg 900w\" sizes=\"auto, (max-width: 453px) 100vw, 453px\" \/> \u00a0<img loading=\"lazy\" decoding=\"async\" class=\"alignnone wp-image-4863\" src=\"https:\/\/www.proamazonia.org\/wp-content\/uploads\/2021\/05\/2.Estudios-dendrolo\u0301gicos-anato\u0301micos-de-madera-proamazonia-300x151.jpg\" alt=\"\" width=\"455\" height=\"229\" srcset=\"https:\/\/www.proamazonia.org\/ppr\/wp-content\/uploads\/2021\/05\/2.Estudios-dendrolo\u0301gicos-anato\u0301micos-de-madera-proamazonia-300x151.jpg 300w, https:\/\/www.proamazonia.org\/ppr\/wp-content\/uploads\/2021\/05\/2.Estudios-dendrolo\u0301gicos-anato\u0301micos-de-madera-proamazonia-768x387.jpg 768w, https:\/\/www.proamazonia.org\/ppr\/wp-content\/uploads\/2021\/05\/2.Estudios-dendrolo\u0301gicos-anato\u0301micos-de-madera-proamazonia.jpg 900w\" sizes=\"auto, (max-width: 455px) 100vw, 455px\" \/><\/p>\n<p style=\"text-align: center;\"><b><span style=\"font-size: 10.0pt; color: windowtext;\">Fotograf\u00eda:<\/span><\/b><span style=\"font-size: 10.0pt; color: windowtext;\"> Walter A. Palacios<\/span><\/p>\n<p style=\"text-align: center;\"><b><span style=\"font-size: 10.0pt; color: windowtext;\">Descripci\u00f3n:<\/span><\/b><span style=\"font-size: 10.0pt; color: windowtext;\"> Fotograf\u00edas pertenecientes a la Gu\u00eda para la identificaci\u00f3n dendrol\u00f3gica y anat\u00f3mica de 29 especies maderables<\/span><\/p>\n<p><strong>Autores:<\/strong><\/p>\n<ul>\n<li>Jorge Armijos &#8211; Especialista en Nivel de Referencia de Emisiones Forestales Proyecto\u00a0FAO-PROAmazon\u00eda<\/li>\n<li>Christian Velasco- Especialista en Ciencias Forestales Proyecto\u00a0FAO-PROAmazon\u00eda<\/li>\n<\/ul>\n<p>&nbsp;<\/p>","protected":false},"excerpt":{"rendered":"<p>El Ministerio del Ambiente y Agua (MAAE) con el apoyo t\u00e9cnico de la FAO, a trav\u00e9s de PROAmazon\u00eda, ha desarrollado estudios dendrol\u00f3gicos y propiedades f\u00edsico-anat\u00f3micos de 51 especies forestales priorizadas. Esto constituir\u00e1 un insumo clave y de utilidad para las acciones del Sistema Nacional de Control Forestal (SNCF) que realiza la Direcci\u00f3n de Bosques del MAAE. Estos estudios se enmarcan en el \u00e1mbito del fortalecimiento de la trazabilidad forestal, que permite el registro de la informaci\u00f3n de los \u00e1rboles a aprovechar que han sido autorizados por la Autoridad Ambiental, a su vez, relacionar los \u00e1rboles censados e inventariados, con los productos en su estado natural. La Direcci\u00f3n Nacional de Bosques determin\u00f3 que para la mayor\u00eda de las\u00a0especies\u00a0los precios de mercado est\u00e1n por debajo de los costos de producci\u00f3n. Con estas consideraciones, se prioriz\u00f3 un listado de\u00a0especies\u00a0forestales de alto valor comercial, de aprovechamiento condicionado, enlistadas en la Convenci\u00f3n sobre el Comercio Internacional de Especies Amenazadas de Fauna y Flora Silvestres (CITES) y tomando en cuenta el volumen movilizado de estas especies que requieren de mejores instrumentos para ser identificadas. Aquellas seleccionadas responden a\u00a0nombres\u00a0comunes usados en establecimientos que transforman y comercializan madera y en el registro de los planes y programas de [&hellip;]<\/p>\n","protected":false},"author":2,"featured_media":4864,"comment_status":"closed","ping_status":"closed","sticky":false,"template":"","format":"standard","meta":{"_uf_show_specific_survey":0,"_uf_disable_surveys":false,"footnotes":""},"categories":[3,23,31],"tags":[62,42,44],"class_list":["post-4860","post","type-post","status-publish","format-standard","has-post-thumbnail","hentry","category-noticias","category-noticias-home","category-restauracion","tag-bosques","tag-ecuador","tag-proamazonia"],"aioseo_notices":[],"_links":{"self":[{"href":"https:\/\/www.proamazonia.org\/ppr\/wp-json\/wp\/v2\/posts\/4860","targetHints":{"allow":["GET"]}}],"collection":[{"href":"https:\/\/www.proamazonia.org\/ppr\/wp-json\/wp\/v2\/posts"}],"about":[{"href":"https:\/\/www.proamazonia.org\/ppr\/wp-json\/wp\/v2\/types\/post"}],"author":[{"embeddable":true,"href":"https:\/\/www.proamazonia.org\/ppr\/wp-json\/wp\/v2\/users\/2"}],"replies":[{"embeddable":true,"href":"https:\/\/www.proamazonia.org\/ppr\/wp-json\/wp\/v2\/comments?post=4860"}],"version-history":[{"count":6,"href":"https:\/\/www.proamazonia.org\/ppr\/wp-json\/wp\/v2\/posts\/4860\/revisions"}],"predecessor-version":[{"id":5619,"href":"https:\/\/www.proamazonia.org\/ppr\/wp-json\/wp\/v2\/posts\/4860\/revisions\/5619"}],"wp:featuredmedia":[{"embeddable":true,"href":"https:\/\/www.proamazonia.org\/ppr\/wp-json\/wp\/v2\/media\/4864"}],"wp:attachment":[{"href":"https:\/\/www.proamazonia.org\/ppr\/wp-json\/wp\/v2\/media?parent=4860"}],"wp:term":[{"taxonomy":"category","embeddable":true,"href":"https:\/\/www.proamazonia.org\/ppr\/wp-json\/wp\/v2\/categories?post=4860"},{"taxonomy":"post_tag","embeddable":true,"href":"https:\/\/www.proamazonia.org\/ppr\/wp-json\/wp\/v2\/tags?post=4860"}],"curies":[{"name":"wp","href":"https:\/\/api.w.org\/{rel}","templated":true}]}}