{"id":4867,"date":"2021-05-04T13:51:53","date_gmt":"2021-05-04T18:51:53","guid":{"rendered":"https:\/\/www.proamazonia.org\/?p=4867"},"modified":"2021-10-22T18:53:29","modified_gmt":"2021-10-22T23:53:29","slug":"proamazonia-se-suma-a-la-campana-juntosxlatierra-para-plantar-100-000-arboles","status":"publish","type":"post","link":"https:\/\/www.proamazonia.org\/ppr\/proamazonia-se-suma-a-la-campana-juntosxlatierra-para-plantar-100-000-arboles\/","title":{"rendered":"PROAmazon\u00eda se suma a la campa\u00f1a #JuntosXLaTierra para plantar 100.000 \u00e1rboles"},"content":{"rendered":"<p>En el marco de las acciones de conservaci\u00f3n y restauraci\u00f3n de los bosques, PROAmazon\u00eda, programa del Ministerio del Ambiente y Agua y Ministerio de Agricultura y Ganader\u00eda, con apoyo de PNUD se suma a la iniciativa \u201cJuntos x la tierra\u201d a partir del 26 de abril de 2021. El objetivo principal es sensibilizar a la ciudadan\u00eda sobre la importancia de conservar los bosques, por su contribuci\u00f3n al ambiente, a la salud y como una acci\u00f3n que contribuye a la mitigaci\u00f3n de los efectos del cambio clim\u00e1tico.<\/p>\n<p>El Ministerio del Ambiente y Agua en alianza con sus socios estrat\u00e9gicos y en el marco de PROAmazon\u00eda, plantar\u00e1 100.000 \u00e1rboles entre los meses de abril y junio del 2021 en la Amazon\u00eda ecuatoriana, esto como parte de las acciones que impulsa el Plan Nacional de Restauraci\u00f3n Forestal 2019-2030. Las especies maderables y no maderables que se plantar\u00e1n son especies nativas de la Amazon\u00eda, entre las que se encuentran: el cedro, balsa, chonta, morete, guadua, batea, guan\u00e1bana, ajo de monte, ungurahua, caoba, entre las m\u00e1s representativas.<\/p>\n<p>El desarrollo de esta campa\u00f1a de plantaci\u00f3n de \u00e1rboles, se realizar\u00e1 con la colaboraci\u00f3n de tres socios: Fundaci\u00f3n Altr\u00f3pico, HIVOS y el Gobierno Aut\u00f3nomo Descentralizado de Cascales; quienes implementan actualmente, proyectos de restauraci\u00f3n en las provincias de Napo, Pastaza, Sucumb\u00edos, y Orellana, en estrecha coordinaci\u00f3n con comunidades ind\u00edgenas. Los proyectos de restauraci\u00f3n, beneficiar\u00e1n a m\u00e1s de 14.000 personas; a trav\u00e9s del apoyo a bioemprendimientos locales, la mejora de viveros comunitarios, la generaci\u00f3n de empleo local, y el fortalecimiento de capacidades en temas ambientales, as\u00ed como organizativos y de gesti\u00f3n de proyectos.<\/p>\n<p>Esta iniciativa involucrar\u00e1 a la ciudadan\u00eda; a trav\u00e9s de una campa\u00f1a en redes sociales en la que las personas podr\u00e1n participar con un <em>like<\/em> o <em>share<\/em> en Facebook y por cada una de estas interacciones, se plantar\u00e1 un \u00e1rbol hasta llegar a la meta. A su vez, en la p\u00e1gina de Juntos por la Tierra (<a href=\"https:\/\/www.juntosxlatierra.com\/\">https:\/\/www.juntosxlatierra.com\/<\/a>), los usuarios podr\u00e1n ampliar sus conocimientos en temas relacionados a la reforestaci\u00f3n y descubrir datos curiosos sobre los bosques y sus m\u00faltiples beneficios ecosist\u00e9micos.<\/p>\n<p>#JuntosXlaTierra arranc\u00f3 en 2019 como una iniciativa del actor y ambientalista ecuatoriano Roberto Manrique, quien emprendi\u00f3 un viaje por 29 d\u00edas entre Quito y Santiago de Chile para concientizar sobre el cambio clim\u00e1tico. El recorrido de 6.986 km, fue realizado sin recursos econ\u00f3micos, pero cont\u00f3 con la ayuda desinteresada de varias personas. \u00a0Durante esta traves\u00eda, Roberto entendi\u00f3 la importancia de mantener un ambiente sano y la relaci\u00f3n de los pobladores con su entorno. \u00a0A cambio de estos actos de buena fe, Manrique se comprometi\u00f3 a plantar 33.494 \u00e1rboles y a sensibilizar a la ciudadan\u00eda sobre la importancia de cuidar el ambiente.<\/p>\n<p>Los \u00e1rboles plantados durante la campa\u00f1a forman parte de la restauraci\u00f3n de 15.000 hect\u00e1reas en la Amazon\u00eda ecuatoriana, bajo procesos de restauraci\u00f3n forestal del Programa Nacional de Reforestaci\u00f3n del Ministerio del Ambiente y Agua. A su vez, esta iniciativa se realiza en el marco de la implementaci\u00f3n de las actividades REDD+ de restauraci\u00f3n, conservaci\u00f3n y manejo forestal sostenible, promovidas por la Autoridad Ambiental con el apoyo de PROAmazon\u00eda y el Programa de las Naciones Unidas para el Desarrollo (PNUD).<\/p>\n<p>En el evento de lanzamiento particip\u00f3: Marcelo Mata, Ministro del Ambiente y Agua del Ecuador; Matilde Mordt, Representante Residente del PNUD en Ecuador; Roberto Manrique, creador de la iniciativa Juntos por la Tierra; Fernando Ramos, Gerente del Programa Nacional de Reforestaci\u00f3n, Patricia Serrano, Gerente de PROAmazon\u00eda; Carlos Villareal, Director Ejecutivo de Fundaci\u00f3n Altr\u00f3pico; Nixon R\u00edos, Director de Gesti\u00f3n de Ambiente del Gobierno Aut\u00f3nomo Descentralizado de Cascales; y Doris Ortiz, Directora Ejecutiva de HIVOS, entre otras autoridades.<\/p>\n<p>&nbsp;<\/p>\n<p style=\"text-align: center;\"><img loading=\"lazy\" decoding=\"async\" class=\"alignnone wp-image-4869\" src=\"https:\/\/www.proamazonia.org\/wp-content\/uploads\/2021\/05\/2.juntos-por-la-tierra-proamazonia-bosques.plantar.arboles.ecuador-300x170.jpg\" alt=\"\" width=\"778\" height=\"441\" srcset=\"https:\/\/www.proamazonia.org\/ppr\/wp-content\/uploads\/2021\/05\/2.juntos-por-la-tierra-proamazonia-bosques.plantar.arboles.ecuador-300x170.jpg 300w, https:\/\/www.proamazonia.org\/ppr\/wp-content\/uploads\/2021\/05\/2.juntos-por-la-tierra-proamazonia-bosques.plantar.arboles.ecuador-1024x579.jpg 1024w, https:\/\/www.proamazonia.org\/ppr\/wp-content\/uploads\/2021\/05\/2.juntos-por-la-tierra-proamazonia-bosques.plantar.arboles.ecuador-768x434.jpg 768w, https:\/\/www.proamazonia.org\/ppr\/wp-content\/uploads\/2021\/05\/2.juntos-por-la-tierra-proamazonia-bosques.plantar.arboles.ecuador.jpg 1300w\" sizes=\"auto, (max-width: 778px) 100vw, 778px\" \/><img loading=\"lazy\" decoding=\"async\" class=\"alignnone wp-image-4868\" src=\"https:\/\/www.proamazonia.org\/wp-content\/uploads\/2021\/05\/3.juntos-por-la-tierra-proamazonia-bosques.plantar.arboles.ecuador-300x169.jpg\" alt=\"\" width=\"604\" height=\"340\" srcset=\"https:\/\/www.proamazonia.org\/ppr\/wp-content\/uploads\/2021\/05\/3.juntos-por-la-tierra-proamazonia-bosques.plantar.arboles.ecuador-300x169.jpg 300w, https:\/\/www.proamazonia.org\/ppr\/wp-content\/uploads\/2021\/05\/3.juntos-por-la-tierra-proamazonia-bosques.plantar.arboles.ecuador-768x432.jpg 768w, https:\/\/www.proamazonia.org\/ppr\/wp-content\/uploads\/2021\/05\/3.juntos-por-la-tierra-proamazonia-bosques.plantar.arboles.ecuador.jpg 826w\" sizes=\"auto, (max-width: 604px) 100vw, 604px\" \/><\/p>\n<p style=\"text-align: center;\"><b><span style=\"font-size: 10.0pt; color: windowtext;\">Fotograf\u00eda:<\/span><\/b><span style=\"font-size: 10.0pt; color: windowtext;\"> Unidad de Comunicaci\u00f3n<br \/>\n<b><\/b><\/span><b><span style=\"font-size: 10.0pt; color: windowtext;\">Descripci\u00f3n:<\/span><\/b><span style=\"font-size: 10.0pt; color: windowtext;\"> Evento de lanzamiento virtual<\/span><\/p>\n<p>&nbsp;<\/p>\n<p><strong>Autor: <\/strong>Unidad de Comunicaci\u00f3n de PROAmazon\u00eda<\/p>\n<p>&nbsp;<\/p>","protected":false},"excerpt":{"rendered":"<p>En el marco de las acciones de conservaci\u00f3n y restauraci\u00f3n de los bosques, PROAmazon\u00eda, programa del Ministerio del Ambiente y Agua y Ministerio de Agricultura y Ganader\u00eda, con apoyo de PNUD se suma a la iniciativa \u201cJuntos x la tierra\u201d a partir del 26 de abril de 2021. El objetivo principal es sensibilizar a la ciudadan\u00eda sobre la importancia de conservar los bosques, por su contribuci\u00f3n al ambiente, a la salud y como una acci\u00f3n que contribuye a la mitigaci\u00f3n de los efectos del cambio clim\u00e1tico. El Ministerio del Ambiente y Agua en alianza con sus socios estrat\u00e9gicos y en el marco de PROAmazon\u00eda, plantar\u00e1 100.000 \u00e1rboles entre los meses de abril y junio del 2021 en la Amazon\u00eda ecuatoriana, esto como parte de las acciones que impulsa el Plan Nacional de Restauraci\u00f3n Forestal 2019-2030. Las especies maderables y no maderables que se plantar\u00e1n son especies nativas de la Amazon\u00eda, entre las que se encuentran: el cedro, balsa, chonta, morete, guadua, batea, guan\u00e1bana, ajo de monte, ungurahua, caoba, entre las m\u00e1s representativas. El desarrollo de esta campa\u00f1a de plantaci\u00f3n de \u00e1rboles, se realizar\u00e1 con la colaboraci\u00f3n de tres socios: Fundaci\u00f3n Altr\u00f3pico, HIVOS y el Gobierno Aut\u00f3nomo Descentralizado de Cascales; quienes [&hellip;]<\/p>\n","protected":false},"author":2,"featured_media":4870,"comment_status":"closed","ping_status":"closed","sticky":false,"template":"","format":"standard","meta":{"_uf_show_specific_survey":0,"_uf_disable_surveys":false,"footnotes":""},"categories":[3,23,31],"tags":[93,62,94,44],"class_list":["post-4867","post","type-post","status-publish","format-standard","has-post-thumbnail","hentry","category-noticias","category-noticias-home","category-restauracion","tag-juntosxlatierra","tag-bosques","tag-plantar","tag-proamazonia"],"aioseo_notices":[],"_links":{"self":[{"href":"https:\/\/www.proamazonia.org\/ppr\/wp-json\/wp\/v2\/posts\/4867","targetHints":{"allow":["GET"]}}],"collection":[{"href":"https:\/\/www.proamazonia.org\/ppr\/wp-json\/wp\/v2\/posts"}],"about":[{"href":"https:\/\/www.proamazonia.org\/ppr\/wp-json\/wp\/v2\/types\/post"}],"author":[{"embeddable":true,"href":"https:\/\/www.proamazonia.org\/ppr\/wp-json\/wp\/v2\/users\/2"}],"replies":[{"embeddable":true,"href":"https:\/\/www.proamazonia.org\/ppr\/wp-json\/wp\/v2\/comments?post=4867"}],"version-history":[{"count":2,"href":"https:\/\/www.proamazonia.org\/ppr\/wp-json\/wp\/v2\/posts\/4867\/revisions"}],"predecessor-version":[{"id":5618,"href":"https:\/\/www.proamazonia.org\/ppr\/wp-json\/wp\/v2\/posts\/4867\/revisions\/5618"}],"wp:featuredmedia":[{"embeddable":true,"href":"https:\/\/www.proamazonia.org\/ppr\/wp-json\/wp\/v2\/media\/4870"}],"wp:attachment":[{"href":"https:\/\/www.proamazonia.org\/ppr\/wp-json\/wp\/v2\/media?parent=4867"}],"wp:term":[{"taxonomy":"category","embeddable":true,"href":"https:\/\/www.proamazonia.org\/ppr\/wp-json\/wp\/v2\/categories?post=4867"},{"taxonomy":"post_tag","embeddable":true,"href":"https:\/\/www.proamazonia.org\/ppr\/wp-json\/wp\/v2\/tags?post=4867"}],"curies":[{"name":"wp","href":"https:\/\/api.w.org\/{rel}","templated":true}]}}