{"id":4887,"date":"2021-05-04T16:10:17","date_gmt":"2021-05-04T21:10:17","guid":{"rendered":"https:\/\/www.proamazonia.org\/?p=4887"},"modified":"2021-10-22T18:16:18","modified_gmt":"2021-10-22T23:16:18","slug":"sistemas-de-informacion-local-fortalecimiento-a-los-gad-para-la-planificacion-y-ordenamiento-territorial","status":"publish","type":"post","link":"https:\/\/www.proamazonia.org\/ppr\/sistemas-de-informacion-local-fortalecimiento-a-los-gad-para-la-planificacion-y-ordenamiento-territorial\/","title":{"rendered":"Sistemas de Informaci\u00f3n Local: Fortalecimiento a los GAD para la Planificaci\u00f3n y ordenamiento territorial"},"content":{"rendered":"<p>La informaci\u00f3n es un elemento indispensable para las instituciones que promueven la conservaci\u00f3n y la producci\u00f3n sostenible. Es un medio para producir conocimiento, empoderamiento y facilitar la toma de decisiones nacionales y locales.<\/p>\n<p>PROAmazon\u00eda promueve la coordinaci\u00f3n entre instituciones para el monitoreo de la planificaci\u00f3n, ordenamiento territorial y uso del suelo por medio de plataformas web. \u00a0Los Sistemas de Informaci\u00f3n Local (SIL) abren la puerta para la consecuci\u00f3n de estas metas pues se enfocan en establecer las bases institucionales de la gesti\u00f3n de informaci\u00f3n, las cuales\u00a0 son difundidas en sus p\u00e1ginas web y otros medios.<\/p>\n<p>En julio de 2015, la Secretar\u00eda T\u00e9cnica \u2013 Planifica Ecuador<a href=\"#_ftn1\" name=\"_ftnref1\">[1]<\/a> emiti\u00f3<a href=\"#_ftn2\" name=\"_ftnref2\">[2]<\/a>la norma de los Sistemas de Informaci\u00f3n Local dirigida a los GAD. Un Sistema de Informaci\u00f3n es la organizaci\u00f3n y relaci\u00f3n entre personas, datos, actividades y materiales requeridos en un GAD (Gobierno Aut\u00f3nomo Descentralizado) para implementar sus Planes de Desarrollo y Ordenamiento Territorial (PDOT) y difundir sus resultados con la ciudadan\u00eda mediante rendici\u00f3n de cuentas y otros medios.<\/p>\n<p>La norma t\u00e9cnica agrupa las competencias y otras atribuciones de los GAD en tres componentes: Territorial (Planificaci\u00f3n), Atenci\u00f3n ciudadana (servicios p\u00fablicos) y Administrativo financiero.<\/p>\n<p><img loading=\"lazy\" decoding=\"async\" class=\"alignnone wp-image-4888 aligncenter\" src=\"https:\/\/www.proamazonia.org\/wp-content\/uploads\/2021\/05\/6.Sistemas.Informacio\u0301n.SIL_.PROAmazonia.Ecuador.Politica.Institucionalidad-300x136.jpg\" alt=\"\" width=\"757\" height=\"343\" srcset=\"https:\/\/www.proamazonia.org\/ppr\/wp-content\/uploads\/2021\/05\/6.Sistemas.Informacio\u0301n.SIL_.PROAmazonia.Ecuador.Politica.Institucionalidad-300x136.jpg 300w, https:\/\/www.proamazonia.org\/ppr\/wp-content\/uploads\/2021\/05\/6.Sistemas.Informacio\u0301n.SIL_.PROAmazonia.Ecuador.Politica.Institucionalidad-1024x464.jpg 1024w, https:\/\/www.proamazonia.org\/ppr\/wp-content\/uploads\/2021\/05\/6.Sistemas.Informacio\u0301n.SIL_.PROAmazonia.Ecuador.Politica.Institucionalidad-768x348.jpg 768w, https:\/\/www.proamazonia.org\/ppr\/wp-content\/uploads\/2021\/05\/6.Sistemas.Informacio\u0301n.SIL_.PROAmazonia.Ecuador.Politica.Institucionalidad.jpg 1500w\" sizes=\"auto, (max-width: 757px) 100vw, 757px\" \/><\/p>\n<p>Cuando un ministerio solicita informaci\u00f3n a un GAD, generalmente ocurre que se entregan los datos de forma dispersa, separada y hasta duplicada. Mientras que los SIL apoyan a la entrega de informaci\u00f3n organizada y actualizada<\/p>\n<p>&nbsp;<\/p>\n<p><img loading=\"lazy\" decoding=\"async\" class=\"alignnone wp-image-4890 aligncenter\" src=\"https:\/\/www.proamazonia.org\/wp-content\/uploads\/2021\/05\/4.Sistemas.Informacio\u0301n.SIL_.PROAmazonia.Ecuador.Politica.Institucionalidad-300x107.jpg\" alt=\"\" width=\"975\" height=\"348\" srcset=\"https:\/\/www.proamazonia.org\/ppr\/wp-content\/uploads\/2021\/05\/4.Sistemas.Informacio\u0301n.SIL_.PROAmazonia.Ecuador.Politica.Institucionalidad-300x107.jpg 300w, https:\/\/www.proamazonia.org\/ppr\/wp-content\/uploads\/2021\/05\/4.Sistemas.Informacio\u0301n.SIL_.PROAmazonia.Ecuador.Politica.Institucionalidad-1024x366.jpg 1024w, https:\/\/www.proamazonia.org\/ppr\/wp-content\/uploads\/2021\/05\/4.Sistemas.Informacio\u0301n.SIL_.PROAmazonia.Ecuador.Politica.Institucionalidad-768x275.jpg 768w, https:\/\/www.proamazonia.org\/ppr\/wp-content\/uploads\/2021\/05\/4.Sistemas.Informacio\u0301n.SIL_.PROAmazonia.Ecuador.Politica.Institucionalidad-1536x549.jpg 1536w, https:\/\/www.proamazonia.org\/ppr\/wp-content\/uploads\/2021\/05\/4.Sistemas.Informacio\u0301n.SIL_.PROAmazonia.Ecuador.Politica.Institucionalidad.jpg 2000w\" sizes=\"auto, (max-width: 975px) 100vw, 975px\" \/><\/p>\n<p>El siguiente esquema define los compromisos tanto de PROAmazon\u00eda como del equipo &#8211; GAD, el proceso es realizado de forma individual y colectiva (talleres en plataformas provinciales) por los t\u00e9cnicos provinciales del Componente de Pol\u00edticas e Institucionalidad de PROAmazon\u00eda; mientras que, el Equipo del GAD recibe, procesa y valida la informaci\u00f3n de su instituci\u00f3n conforme la metodolog\u00eda y herramientas que mejorar\u00e1n sus procesos y cumplir\u00e1n con la norma t\u00e9cnica emitida por Planifica Ecuador.<\/p>\n<p><img loading=\"lazy\" decoding=\"async\" class=\"alignnone wp-image-4889 aligncenter\" src=\"https:\/\/www.proamazonia.org\/wp-content\/uploads\/2021\/05\/5.Sistemas.Informacio\u0301n.SIL_.PROAmazonia.Ecuador.Politica.Institucionalidad-300x145.jpg\" alt=\"\" width=\"761\" height=\"368\" srcset=\"https:\/\/www.proamazonia.org\/ppr\/wp-content\/uploads\/2021\/05\/5.Sistemas.Informacio\u0301n.SIL_.PROAmazonia.Ecuador.Politica.Institucionalidad-300x145.jpg 300w, https:\/\/www.proamazonia.org\/ppr\/wp-content\/uploads\/2021\/05\/5.Sistemas.Informacio\u0301n.SIL_.PROAmazonia.Ecuador.Politica.Institucionalidad-768x371.jpg 768w, https:\/\/www.proamazonia.org\/ppr\/wp-content\/uploads\/2021\/05\/5.Sistemas.Informacio\u0301n.SIL_.PROAmazonia.Ecuador.Politica.Institucionalidad.jpg 850w\" sizes=\"auto, (max-width: 761px) 100vw, 761px\" \/><\/p>\n<p>La propuesta de fortalecimiento de PROAmazon\u00eda dirigido a los GAD, se enfoca en organizar la informaci\u00f3n en relaci\u00f3n a las actividades internas y externas que realiza el GAD, las formas de apoyo son personalizadas porque cada GAD tiene una realidad \u00fanica en su planificaci\u00f3n, servicios, competencias y actividades del personal. El apoyo contempla cuatro fases que se cumplir\u00e1n hasta diciembre de 2021: Levantamiento de informaci\u00f3n, estructuraci\u00f3n del SIL, funcionamiento y sostenimiento.<\/p>\n<p>Actualmente, nos encontramos en la Fase 1 (levantamiento de informaci\u00f3n) mediante la realizaci\u00f3n de las siguientes actividades:<\/p>\n<ul>\n<li>Gesti\u00f3n pol\u00edtica con autoridades: Disposici\u00f3n de la autoridad del GAD en aceptar la propuesta de apoyo.<\/li>\n<li>Conformaci\u00f3n del Equipo T\u00e9cnico del GAD: un representante t\u00e9cnico por cada direcci\u00f3n del GAD y lidera el director de planificaci\u00f3n.<\/li>\n<li>Taller para definir herramientas y compromisos: matrices de informaci\u00f3n estad\u00edstica y geogr\u00e1fica, hoja de ruta para recopilar informaci\u00f3n.<\/li>\n<\/ul>\n<p>En el siguiente trimestre (abril-junio) realizaremos encuentros t\u00e9cnicos para revisar la informaci\u00f3n levantada, priorizar, clasificar y avanzar con la fase 2 (estructuraci\u00f3n del SIL), finalmente, desde Julio hasta diciembre avanzaremos con las fases 3 y 4 poniendo \u00e9nfasis en las pruebas y mecanismos normativos (ordenanzas, resoluciones) que mantengan los SIL en el tiempo.<\/p>\n<p>Gracias a la aceptaci\u00f3n de autoridades de los GAD (Alcaldes y Prefectos\/as), PROAmazon\u00eda tiene desplazado sus equipos t\u00e9cnicos en 5 GAD provinciales y 16 GAD cantonales para el fortalecimiento de los SIL con un promedio de 15 t\u00e9cnicos por cada GAD, en interacci\u00f3n permanente hasta conseguir nuestros objetivos en este a\u00f1o 2021.<\/p>\n<p>Adicional a estos grandes logros, las coordinaciones zonales 3, 4, 6 y 7 de la Secretar\u00eda T\u00e9cnica Planifica Ecuador tambi\u00e9n est\u00e1n interesados en analizar las n herramientas y metodolog\u00edas de PROAmazon\u00eda, por lo que estamos en estrecha coordinaci\u00f3n para brindar el apoyo que sea necesario.<\/p>\n<p>El apoyo que ofrecemos a trav\u00e9s de PROAmazon\u00eda, \u00a0ha sido aceptado por los GAD, esto nos compromete a o continuar trabajando desde varios enfoques que contemplan: el asesoramiento hasta la revisi\u00f3n y estructuraci\u00f3n de los SIL en cada uno de los GAD, procesos que servir\u00e1n a futuro para que las instituciones (ministerios, GAD, ONG) tengan un mismo lenguaje y trabajen de manera conjunta para evitar la deforestaci\u00f3n, promover la producci\u00f3n sostenible libre de deforestaci\u00f3n y de esta manera, mejorar la calidad de vida de sus habitantes.<\/p>\n<p><img loading=\"lazy\" decoding=\"async\" class=\"alignnone wp-image-4892 aligncenter\" src=\"https:\/\/www.proamazonia.org\/wp-content\/uploads\/2021\/05\/2.Sistemas.Informacio\u0301n.SIL_.PROAmazonia.Ecuador.Politica.Institucionalidad-300x225.jpg\" alt=\"\" width=\"622\" height=\"466\" srcset=\"https:\/\/www.proamazonia.org\/ppr\/wp-content\/uploads\/2021\/05\/2.Sistemas.Informacio\u0301n.SIL_.PROAmazonia.Ecuador.Politica.Institucionalidad-300x225.jpg 300w, https:\/\/www.proamazonia.org\/ppr\/wp-content\/uploads\/2021\/05\/2.Sistemas.Informacio\u0301n.SIL_.PROAmazonia.Ecuador.Politica.Institucionalidad-768x576.jpg 768w, https:\/\/www.proamazonia.org\/ppr\/wp-content\/uploads\/2021\/05\/2.Sistemas.Informacio\u0301n.SIL_.PROAmazonia.Ecuador.Politica.Institucionalidad-400x300.jpg 400w, https:\/\/www.proamazonia.org\/ppr\/wp-content\/uploads\/2021\/05\/2.Sistemas.Informacio\u0301n.SIL_.PROAmazonia.Ecuador.Politica.Institucionalidad-800x600.jpg 800w, https:\/\/www.proamazonia.org\/ppr\/wp-content\/uploads\/2021\/05\/2.Sistemas.Informacio\u0301n.SIL_.PROAmazonia.Ecuador.Politica.Institucionalidad.jpg 962w\" sizes=\"auto, (max-width: 622px) 100vw, 622px\" \/><\/p>\n<p style=\"text-align: center;\"><b><span style=\"font-size: 10.0pt; color: windowtext;\">Fotograf\u00eda:<\/span><\/b><span style=\"font-size: 10.0pt; color: windowtext;\"> GAD Cantonal Loreto. Marzo 2021<br \/>\n<b><\/b><\/span><b><span style=\"font-size: 10.0pt; color: windowtext;\">Descripci\u00f3n:<\/span><\/b><span style=\"font-size: 10.0pt; color: windowtext;\"> Reuni\u00f3n con el alcalde para revisi\u00f3n de documentos<\/span><\/p>\n<p><img loading=\"lazy\" decoding=\"async\" class=\"alignnone wp-image-4891 aligncenter\" src=\"https:\/\/www.proamazonia.org\/wp-content\/uploads\/2021\/05\/3.Sistemas.Informacio\u0301n.SIL_.PROAmazonia.Ecuador.Politica.Institucionalidad-300x144.jpg\" alt=\"\" width=\"814\" height=\"391\" srcset=\"https:\/\/www.proamazonia.org\/ppr\/wp-content\/uploads\/2021\/05\/3.Sistemas.Informacio\u0301n.SIL_.PROAmazonia.Ecuador.Politica.Institucionalidad-300x144.jpg 300w, https:\/\/www.proamazonia.org\/ppr\/wp-content\/uploads\/2021\/05\/3.Sistemas.Informacio\u0301n.SIL_.PROAmazonia.Ecuador.Politica.Institucionalidad-768x368.jpg 768w, https:\/\/www.proamazonia.org\/ppr\/wp-content\/uploads\/2021\/05\/3.Sistemas.Informacio\u0301n.SIL_.PROAmazonia.Ecuador.Politica.Institucionalidad.jpg 989w\" sizes=\"auto, (max-width: 814px) 100vw, 814px\" \/><\/p>\n<p style=\"text-align: center;\"><b><span style=\"font-size: 10.0pt; color: windowtext;\">Fotograf\u00eda:<\/span><\/b><span style=\"font-size: 10.0pt; color: windowtext;\"> GAD Provincia Zamora Chinchipe. Marzo 2021<br \/>\n<b><\/b><\/span><b><span style=\"font-size: 10.0pt; color: windowtext;\">Descripci\u00f3n:<\/span><\/b><span style=\"font-size: 10.0pt; color: windowtext;\"> Levantamiento de informaci\u00f3n. <\/span><\/p>\n<p>&nbsp;<\/p>\n<p><a href=\"#_ftnref1\" name=\"_ftn1\">[1]<\/a> En ese a\u00f1o se conoc\u00eda como Secretar\u00eda Nacional de Planificaci\u00f3n y Desarrollo (Senplades)<\/p>\n<p><a href=\"#_ftnref2\" name=\"_ftn2\">[2]<\/a> Acuerdo Ministerial No. SNPD-006-20018 del 18 de enero del 2018<\/p>\n<p><strong>Autor:<\/strong> Javier Viracucha &#8211; T\u00e9cnico de Planificaci\u00f3n territorial de PROAmazon\u00eda<\/p>","protected":false},"excerpt":{"rendered":"<p>La informaci\u00f3n es un elemento indispensable para las instituciones que promueven la conservaci\u00f3n y la producci\u00f3n sostenible. Es un medio para producir conocimiento, empoderamiento y facilitar la toma de decisiones nacionales y locales. PROAmazon\u00eda promueve la coordinaci\u00f3n entre instituciones para el monitoreo de la planificaci\u00f3n, ordenamiento territorial y uso del suelo por medio de plataformas web. \u00a0Los Sistemas de Informaci\u00f3n Local (SIL) abren la puerta para la consecuci\u00f3n de estas metas pues se enfocan en establecer las bases institucionales de la gesti\u00f3n de informaci\u00f3n, las cuales\u00a0 son difundidas en sus p\u00e1ginas web y otros medios. En julio de 2015, la Secretar\u00eda T\u00e9cnica \u2013 Planifica Ecuador[1] emiti\u00f3[2]la norma de los Sistemas de Informaci\u00f3n Local dirigida a los GAD. Un Sistema de Informaci\u00f3n es la organizaci\u00f3n y relaci\u00f3n entre personas, datos, actividades y materiales requeridos en un GAD (Gobierno Aut\u00f3nomo Descentralizado) para implementar sus Planes de Desarrollo y Ordenamiento Territorial (PDOT) y difundir sus resultados con la ciudadan\u00eda mediante rendici\u00f3n de cuentas y otros medios. La norma t\u00e9cnica agrupa las competencias y otras atribuciones de los GAD en tres componentes: Territorial (Planificaci\u00f3n), Atenci\u00f3n ciudadana (servicios p\u00fablicos) y Administrativo financiero. Cuando un ministerio solicita informaci\u00f3n a un GAD, generalmente ocurre que se entregan [&hellip;]<\/p>\n","protected":false},"author":2,"featured_media":4943,"comment_status":"closed","ping_status":"closed","sticky":false,"template":"","format":"standard","meta":{"_uf_show_specific_survey":0,"_uf_disable_surveys":false,"footnotes":""},"categories":[3,23,24],"tags":[62,42,103,102],"class_list":["post-4887","post","type-post","status-publish","format-standard","has-post-thumbnail","hentry","category-noticias","category-noticias-home","category-politicas-e-institucionalidad","tag-bosques","tag-ecuador","tag-politica","tag-sil"],"aioseo_notices":[],"_links":{"self":[{"href":"https:\/\/www.proamazonia.org\/ppr\/wp-json\/wp\/v2\/posts\/4887","targetHints":{"allow":["GET"]}}],"collection":[{"href":"https:\/\/www.proamazonia.org\/ppr\/wp-json\/wp\/v2\/posts"}],"about":[{"href":"https:\/\/www.proamazonia.org\/ppr\/wp-json\/wp\/v2\/types\/post"}],"author":[{"embeddable":true,"href":"https:\/\/www.proamazonia.org\/ppr\/wp-json\/wp\/v2\/users\/2"}],"replies":[{"embeddable":true,"href":"https:\/\/www.proamazonia.org\/ppr\/wp-json\/wp\/v2\/comments?post=4887"}],"version-history":[{"count":3,"href":"https:\/\/www.proamazonia.org\/ppr\/wp-json\/wp\/v2\/posts\/4887\/revisions"}],"predecessor-version":[{"id":5613,"href":"https:\/\/www.proamazonia.org\/ppr\/wp-json\/wp\/v2\/posts\/4887\/revisions\/5613"}],"wp:featuredmedia":[{"embeddable":true,"href":"https:\/\/www.proamazonia.org\/ppr\/wp-json\/wp\/v2\/media\/4943"}],"wp:attachment":[{"href":"https:\/\/www.proamazonia.org\/ppr\/wp-json\/wp\/v2\/media?parent=4887"}],"wp:term":[{"taxonomy":"category","embeddable":true,"href":"https:\/\/www.proamazonia.org\/ppr\/wp-json\/wp\/v2\/categories?post=4887"},{"taxonomy":"post_tag","embeddable":true,"href":"https:\/\/www.proamazonia.org\/ppr\/wp-json\/wp\/v2\/tags?post=4887"}],"curies":[{"name":"wp","href":"https:\/\/api.w.org\/{rel}","templated":true}]}}