{"id":4895,"date":"2021-05-04T16:36:12","date_gmt":"2021-05-04T21:36:12","guid":{"rendered":"https:\/\/www.proamazonia.org\/?p=4895"},"modified":"2021-10-22T17:59:08","modified_gmt":"2021-10-22T22:59:08","slug":"planificacion-territorial-en-la-region-amazonica-ecuatoriana","status":"publish","type":"post","link":"https:\/\/www.proamazonia.org\/ppr\/planificacion-territorial-en-la-region-amazonica-ecuatoriana\/","title":{"rendered":"Plataformas de articulaci\u00f3n y relacionamiento para la Planificaci\u00f3n Territorial en la Amazon\u00eda ecuatoriana"},"content":{"rendered":"<p>La din\u00e1mica territorial de la Regi\u00f3n Amaz\u00f3nica Ecuatoriana (RAE) tiene sus particularidades, debido a la misma concepci\u00f3n de sus espacios, as\u00ed como su diversidad \u00e9tnica y de paisajes. La gran riqueza que ofrecen cada una de las seis provincias desde los enfoques de conservaci\u00f3n, producci\u00f3n sostenible, cambio clim\u00e1tico, g\u00e9nero e interculturalidad, entre otros, debe ser considerada como una oportunidad para fortalecer o crear plataformas de involucramiento y relacionamiento de actores que viabilicen la implementaci\u00f3n del PA REDD+, alineado bajo un enfoque local, regional y nacional, permitiendo la interacci\u00f3n entre los diferentes niveles de gobierno y los sectores que intervienen en cada territorio para que, de esta manera se potencien las fortalezas de las provincias y se mejore la planificaci\u00f3n territorial.<\/p>\n<p>En cada una de las provincias que conforman la RAE, existen actores tanto gubernamentales como privados, la academia, Organizaciones no Gubernamentales (ONG) y Organizaciones de la Sociedad Civil (OSC), que dinamizan las actividades y la inversi\u00f3n que se realiza en los diferentes \u00e1mbitos. Sin embargo, la falta de sinergias, complementariedad e interacci\u00f3n en las actividades, han hecho que el impacto de las acciones e inversiones sean limitadas, aisladas, dispersas y que estas no se hayan logrado consolidar en pos de disminuir los procesos de deforestaci\u00f3n por diversas causas y mejorar la calidad de vida de los habitantes amaz\u00f3nicos.<\/p>\n<p>Es por esto que la propuesta de crear o fortalecer plataformas provinciales que articulen y ayuden a la coordinaci\u00f3n de iniciativas con \u00e9nfasis en la aplicaci\u00f3n del PA REDD+, se hace necesario para ejecutar acciones colectivas desde distintos frentes bajo una misma planificaci\u00f3n y motivaci\u00f3n.<\/p>\n<p>En este sentido, el objetivo del Ministerio del Ambiente y Agua (MAAE) y de Agricultura y Ganader\u00eda (MAG); a trav\u00e9s de PROAmazon\u00eda, con la asistencia del PNUD es apoyar a la transformaci\u00f3n de la Planeaci\u00f3n y Gesti\u00f3n del Uso de la Tierra en la Circunscripci\u00f3n Territorial Especial Amaz\u00f3nica (CTEA) mediante el establecimiento y fortalecimiento de un Marco de Gobernanza y de Producci\u00f3n Sostenible, basado en un enfoque de paisaje, y la optimizaci\u00f3n de los servicios ecosist\u00e9micos y de los medios de vida, para lo cual se refuerzan los espacios de di\u00e1logos y alianzas interinstitucionales;\u00a0 a trav\u00e9s de seis plataformas de articulaci\u00f3n provincial.<\/p>\n<p>Con miras a buscar la institucionalidad de las plataformas provinciales, PROAmazon\u00eda brinda asistencia t\u00e9cnica, asesoramiento, facilitaci\u00f3n y el desarrollo de instrumentos y evaluaciones (p. ej. planes de acci\u00f3n, formulaci\u00f3n de propuestas de normativa local, elaboraci\u00f3n de reportes de avances, entre otros) que servir\u00e1n de insumo para la formulaci\u00f3n o ajuste de pol\u00edticas locales sectoriales y la implementaci\u00f3n de la planificaci\u00f3n territorial. Este conjunto de intervenciones crear\u00e1 un ambiente propicio para un efectivo marco de gobernanza que gestione los conflictos sobre el uso del suelo y optimice el manejo sostenible de la tierra, los bosques y la conservaci\u00f3n de la biodiversidad.<\/p>\n<p>Adem\u00e1s, a trav\u00e9s de PROAmazon\u00eda, se fomenta la participaci\u00f3n de las mujeres, \u00a0pueblos y nacionalidades en los procesos de planificaci\u00f3n y toma de decisiones respecto del desarrollo del territorio; a trav\u00e9s de su participaci\u00f3n en las Plataformas de Articulaci\u00f3n Territorial, Asambleas ciudadanas y Consejos Locales de Planificaci\u00f3n (40% de participaci\u00f3n de mujeres y el 60% de participaci\u00f3n de los pueblos ind\u00edgenas); adem\u00e1s de la capacitaci\u00f3n de sus miembros sobre temas relacionados al \u00a0enfoque de g\u00e9nero e interculturalidad; y la promoci\u00f3n de la participaci\u00f3n del Consejo de Igualdad de G\u00e9nero; encargado de las pol\u00edticas nacionales de g\u00e9nero, en estos espacios.<\/p>\n<p>&nbsp;<\/p>\n<p style=\"text-align: center;\"><strong>\u00a0 \u00a0Gr\u00e1fico # 1 &#8211; Estado actual de la conformaci\u00f3n de las seis plataformas de articulaci\u00f3n provincial<\/strong><\/p>\n<p><img loading=\"lazy\" decoding=\"async\" class=\"alignnone wp-image-4904 aligncenter\" src=\"https:\/\/www.proamazonia.org\/wp-content\/uploads\/2021\/05\/3.Amazonia.Plataformas.territoriales.Politicas.Amazonia.Ecuador-275x300.jpg\" alt=\"\" width=\"719\" height=\"784\" srcset=\"https:\/\/www.proamazonia.org\/ppr\/wp-content\/uploads\/2021\/05\/3.Amazonia.Plataformas.territoriales.Politicas.Amazonia.Ecuador-275x300.jpg 275w, https:\/\/www.proamazonia.org\/ppr\/wp-content\/uploads\/2021\/05\/3.Amazonia.Plataformas.territoriales.Politicas.Amazonia.Ecuador-940x1024.jpg 940w, https:\/\/www.proamazonia.org\/ppr\/wp-content\/uploads\/2021\/05\/3.Amazonia.Plataformas.territoriales.Politicas.Amazonia.Ecuador-768x837.jpg 768w, https:\/\/www.proamazonia.org\/ppr\/wp-content\/uploads\/2021\/05\/3.Amazonia.Plataformas.territoriales.Politicas.Amazonia.Ecuador.jpg 1300w\" sizes=\"auto, (max-width: 719px) 100vw, 719px\" \/><\/p>\n<p>&nbsp;<\/p>\n<p style=\"text-align: center;\"><strong>Gr\u00e1fico # 2 &#8211; Hitos 2021 que se gestionan en las plataformas de articulaci\u00f3n provincial a trav\u00e9s del relacionamiento e involucramiento de actores clave<\/strong><\/p>\n<p><img loading=\"lazy\" decoding=\"async\" class=\"alignnone wp-image-4905 aligncenter\" src=\"https:\/\/www.proamazonia.org\/wp-content\/uploads\/2021\/05\/2.Amazonia.Plataformas.territoriales.Politicas.Amazonia.Ecuador-300x119.jpg\" alt=\"\" width=\"729\" height=\"289\" srcset=\"https:\/\/www.proamazonia.org\/ppr\/wp-content\/uploads\/2021\/05\/2.Amazonia.Plataformas.territoriales.Politicas.Amazonia.Ecuador-300x119.jpg 300w, https:\/\/www.proamazonia.org\/ppr\/wp-content\/uploads\/2021\/05\/2.Amazonia.Plataformas.territoriales.Politicas.Amazonia.Ecuador-1024x406.jpg 1024w, https:\/\/www.proamazonia.org\/ppr\/wp-content\/uploads\/2021\/05\/2.Amazonia.Plataformas.territoriales.Politicas.Amazonia.Ecuador-768x305.jpg 768w, https:\/\/www.proamazonia.org\/ppr\/wp-content\/uploads\/2021\/05\/2.Amazonia.Plataformas.territoriales.Politicas.Amazonia.Ecuador.jpg 1300w\" sizes=\"auto, (max-width: 729px) 100vw, 729px\" \/><\/p>\n<p>*CLP-GAD= Los Consejos Locales de Planificaci\u00f3n de los Gobiernos Aut\u00f3nomos Descentralizados (GAD) participar\u00e1n en el proceso de formulaci\u00f3n, seguimiento y evaluaci\u00f3n de sus planes y emitir\u00e1n resoluci\u00f3n favorable sobre las prioridades estrat\u00e9gicas de desarrollo como requisito indispensable para su aprobaci\u00f3n ante el \u00f3rgano legislativo correspondiente (Art. 300, COOTAD, 2010.)<\/p>\n<p>** La Red de gestores de informaci\u00f3n local facilita la toma de decisiones, la formulaci\u00f3n de pol\u00edticas p\u00fablicas, el desarrollo de propuestas de planificaci\u00f3n y ordenamiento territorial; y el seguimiento y evaluaci\u00f3n de los Planes de Desarrollo y Ordenamiento Territorial (PDOT), adem\u00e1s de otros instrumentos de planificaci\u00f3n (Art. 5, literal b, Norma T\u00e9cnica de los Sistemas de Informaci\u00f3n Local, 2018).<\/p>\n<p><img loading=\"lazy\" decoding=\"async\" class=\"alignnone wp-image-4903 aligncenter\" src=\"https:\/\/www.proamazonia.org\/wp-content\/uploads\/2021\/05\/4.Amazonia.Plataformas.territoriales.Politicas.Amazonia.Ecuador-300x225.jpg\" alt=\"\" width=\"583\" height=\"437\" srcset=\"https:\/\/www.proamazonia.org\/ppr\/wp-content\/uploads\/2021\/05\/4.Amazonia.Plataformas.territoriales.Politicas.Amazonia.Ecuador-300x225.jpg 300w, https:\/\/www.proamazonia.org\/ppr\/wp-content\/uploads\/2021\/05\/4.Amazonia.Plataformas.territoriales.Politicas.Amazonia.Ecuador-400x300.jpg 400w, https:\/\/www.proamazonia.org\/ppr\/wp-content\/uploads\/2021\/05\/4.Amazonia.Plataformas.territoriales.Politicas.Amazonia.Ecuador.jpg 714w\" sizes=\"auto, (max-width: 583px) 100vw, 583px\" \/><\/p>\n<p style=\"text-align: center;\"><b><span style=\"font-size: 10.0pt; color: windowtext;\">Fotograf\u00eda:<\/span><\/b><span style=\"font-size: 10.0pt; color: windowtext;\"> Gustavo Jaramillo, (04-09-2019)<br \/>\n<b><\/b><\/span><b><span style=\"font-size: 10.0pt; color: windowtext;\">Descripci\u00f3n:<\/span><\/b><span style=\"font-size: 10.0pt; color: windowtext;\"> Mapa parlante sobre acciones, sinergias y actores identificados para la implementaci\u00f3n de la<br \/>\nplanificaci\u00f3n territorial<\/span><\/p>\n<p>&nbsp;<\/p>\n<p><img loading=\"lazy\" decoding=\"async\" class=\"alignnone wp-image-4902 aligncenter\" src=\"https:\/\/www.proamazonia.org\/wp-content\/uploads\/2021\/05\/5.Amazonia.Plataformas.territoriales.Politicas.Amazonia.Ecuador-300x162.jpg\" alt=\"\" width=\"748\" height=\"404\" srcset=\"https:\/\/www.proamazonia.org\/ppr\/wp-content\/uploads\/2021\/05\/5.Amazonia.Plataformas.territoriales.Politicas.Amazonia.Ecuador-300x162.jpg 300w, https:\/\/www.proamazonia.org\/ppr\/wp-content\/uploads\/2021\/05\/5.Amazonia.Plataformas.territoriales.Politicas.Amazonia.Ecuador-768x415.jpg 768w, https:\/\/www.proamazonia.org\/ppr\/wp-content\/uploads\/2021\/05\/5.Amazonia.Plataformas.territoriales.Politicas.Amazonia.Ecuador.jpg 1000w\" sizes=\"auto, (max-width: 748px) 100vw, 748px\" \/><\/p>\n<p style=\"text-align: center;\"><b><span style=\"font-size: 10.0pt; color: windowtext;\">Fotograf\u00eda:<\/span><\/b><span style=\"font-size: 10.0pt; color: windowtext;\"> Gustavo Jaramillo, (11-12-2019)<br \/>\n<b><\/b><\/span><b><span style=\"font-size: 10.0pt; color: windowtext;\">Descripci\u00f3n:<\/span><\/b><span style=\"font-size: 10.0pt; color: windowtext;\"> \u201cTaller de planificaci\u00f3n territorial con enfoque de cambio clim\u00e1tico, conservaci\u00f3n y producci\u00f3n sostenible\u201d,<br \/>\nEjercicio sobre el rol de los actores en un espacio de articulaci\u00f3n interinstitucional provincial, Puyo-Pastaza.<\/span><\/p>\n<p>&nbsp;<\/p>\n<p><strong>Au<\/strong><strong>tor:<\/strong> Gustavo Jaramillo, Experto T\u00e9cnico para el Fortalecimiento de los Procesos de Planificaci\u00f3n y Ordenamiento Territorial a Nivel Nacional y su relaci\u00f3n con los GAD<\/p>","protected":false},"excerpt":{"rendered":"<p>La din\u00e1mica territorial de la Regi\u00f3n Amaz\u00f3nica Ecuatoriana (RAE) tiene sus particularidades, debido a la misma concepci\u00f3n de sus espacios, as\u00ed como su diversidad \u00e9tnica y de paisajes. La gran riqueza que ofrecen cada una de las seis provincias desde los enfoques de conservaci\u00f3n, producci\u00f3n sostenible, cambio clim\u00e1tico, g\u00e9nero e interculturalidad, entre otros, debe ser considerada como una oportunidad para fortalecer o crear plataformas de involucramiento y relacionamiento de actores que viabilicen la implementaci\u00f3n del PA REDD+, alineado bajo un enfoque local, regional y nacional, permitiendo la interacci\u00f3n entre los diferentes niveles de gobierno y los sectores que intervienen en cada territorio para que, de esta manera se potencien las fortalezas de las provincias y se mejore la planificaci\u00f3n territorial. En cada una de las provincias que conforman la RAE, existen actores tanto gubernamentales como privados, la academia, Organizaciones no Gubernamentales (ONG) y Organizaciones de la Sociedad Civil (OSC), que dinamizan las actividades y la inversi\u00f3n que se realiza en los diferentes \u00e1mbitos. Sin embargo, la falta de sinergias, complementariedad e interacci\u00f3n en las actividades, han hecho que el impacto de las acciones e inversiones sean limitadas, aisladas, dispersas y que estas no se hayan logrado consolidar en pos de [&hellip;]<\/p>\n","protected":false},"author":2,"featured_media":4906,"comment_status":"closed","ping_status":"closed","sticky":false,"template":"","format":"standard","meta":{"_uf_show_specific_survey":0,"_uf_disable_surveys":false,"footnotes":""},"categories":[3,23,24],"tags":[166,105,104,165,163,103,106,164],"class_list":["post-4895","post","type-post","status-publish","format-standard","has-post-thumbnail","hentry","category-noticias","category-noticias-home","category-politicas-e-institucionalidad","tag-ecuadorian-amazon","tag-ecuatoriana","tag-planificacion","tag-planning","tag-platforms","tag-politica","tag-pro","tag-territorial"],"aioseo_notices":[],"_links":{"self":[{"href":"https:\/\/www.proamazonia.org\/ppr\/wp-json\/wp\/v2\/posts\/4895","targetHints":{"allow":["GET"]}}],"collection":[{"href":"https:\/\/www.proamazonia.org\/ppr\/wp-json\/wp\/v2\/posts"}],"about":[{"href":"https:\/\/www.proamazonia.org\/ppr\/wp-json\/wp\/v2\/types\/post"}],"author":[{"embeddable":true,"href":"https:\/\/www.proamazonia.org\/ppr\/wp-json\/wp\/v2\/users\/2"}],"replies":[{"embeddable":true,"href":"https:\/\/www.proamazonia.org\/ppr\/wp-json\/wp\/v2\/comments?post=4895"}],"version-history":[{"count":4,"href":"https:\/\/www.proamazonia.org\/ppr\/wp-json\/wp\/v2\/posts\/4895\/revisions"}],"predecessor-version":[{"id":5611,"href":"https:\/\/www.proamazonia.org\/ppr\/wp-json\/wp\/v2\/posts\/4895\/revisions\/5611"}],"wp:featuredmedia":[{"embeddable":true,"href":"https:\/\/www.proamazonia.org\/ppr\/wp-json\/wp\/v2\/media\/4906"}],"wp:attachment":[{"href":"https:\/\/www.proamazonia.org\/ppr\/wp-json\/wp\/v2\/media?parent=4895"}],"wp:term":[{"taxonomy":"category","embeddable":true,"href":"https:\/\/www.proamazonia.org\/ppr\/wp-json\/wp\/v2\/categories?post=4895"},{"taxonomy":"post_tag","embeddable":true,"href":"https:\/\/www.proamazonia.org\/ppr\/wp-json\/wp\/v2\/tags?post=4895"}],"curies":[{"name":"wp","href":"https:\/\/api.w.org\/{rel}","templated":true}]}}