{"id":4908,"date":"2021-05-04T21:06:33","date_gmt":"2021-05-05T02:06:33","guid":{"rendered":"https:\/\/www.proamazonia.org\/?p=4908"},"modified":"2021-10-22T20:12:59","modified_gmt":"2021-10-23T01:12:59","slug":"entrevista-programa-nacional-de-reforestacion","status":"publish","type":"post","link":"https:\/\/www.proamazonia.org\/ppr\/entrevista-programa-nacional-de-reforestacion\/","title":{"rendered":"ENTREVISTA A GERENTE DEL PROGRAMA NACIONAL DE REFORESTACI\u00d3N"},"content":{"rendered":"<p><img loading=\"lazy\" decoding=\"async\" class=\" wp-image-4909 alignleft\" src=\"https:\/\/www.proamazonia.org\/wp-content\/uploads\/2021\/05\/2.Fernando.RAmos_.Reforestacion.ecuador.ambiente.proamazonia-300x212.jpg\" alt=\"\" width=\"347\" height=\"245\" srcset=\"https:\/\/www.proamazonia.org\/ppr\/wp-content\/uploads\/2021\/05\/2.Fernando.RAmos_.Reforestacion.ecuador.ambiente.proamazonia-300x212.jpg 300w, https:\/\/www.proamazonia.org\/ppr\/wp-content\/uploads\/2021\/05\/2.Fernando.RAmos_.Reforestacion.ecuador.ambiente.proamazonia.jpg 320w\" sizes=\"auto, (max-width: 347px) 100vw, 347px\" \/><\/p>\n<p>&nbsp;<\/p>\n<p>Fernando Ramos es el Gerente del Programa Nacional de Reforestaci\u00f3n (PNR) del Ministerio del Ambiente y Agua. Como bi\u00f3logo ha contribuido en organizaciones privadas y p\u00fablicas para promover proyectos de restauraci\u00f3n y conservaci\u00f3n forestal.<\/p>\n<p>En esta ocasi\u00f3n, le hicimos una entrevista para conocer m\u00e1s sobre el PNR, el rol de este programa en el Plan Nacional de Restauraci\u00f3n Forestal 2019-2040 y los logros obtenidos en materia de reforestaci\u00f3n.<\/p>\n<p><b><span style=\"font-size: 10.0pt; color: windowtext;\"><br \/>\nFotograf\u00eda:<\/span><\/b><span style=\"font-size: 10.0pt; color: windowtext;\"> Cortes\u00eda de Fernando Ramos<\/span><\/p>\n<ol>\n<li><strong>\u00bfCu\u00e1l es el rol del Programa Nacional de Reforestaci\u00f3n y como contribuye en la protecci\u00f3n de bosques de la Amazon\u00eda ecuatoriana?<\/strong><\/li>\n<\/ol>\n<p style=\"padding-left: 40px;\">El Programa Nacional de Reforestaci\u00f3n es un proyecto emblem\u00e1tico del Ministerio del Ambiente y Agua que pretende atender las necesidades de recuperaci\u00f3n de cobertura vegetal del territorio continental del Ecuador, vinculado a los principios de la Constituci\u00f3n, el Plan Nacional de Desarrollo 2017 \u2013 2021 y la intervenci\u00f3n emblem\u00e1tica REVERDECER ECUADOR que tiene como componente transversal la restauraci\u00f3n.<\/p>\n<p style=\"padding-left: 40px;\">El modelo de gesti\u00f3n del PNR contempla una visi\u00f3n m\u00e1s integral de la restauraci\u00f3n a trav\u00e9s de la vinculaci\u00f3n interinstitucional y con actores privados y p\u00fablicos en distintos niveles, a fin de lograr alianzas estrat\u00e9gicas que permitan cumplir con los objetivos nacionales. Adem\u00e1s, el PNR ha identificado con una categor\u00eda de priorizaci\u00f3n muy alto un \u00e1rea de 348.918 ha, distribuidos en todas las provincias de la Amazon\u00eda.<\/p>\n<p>&nbsp;<\/p>\n<ol start=\"2\">\n<li><strong>\u00bfC\u00f3mo se articulan los esfuerzos de PNR con el trabajo de PROAmazon\u00eda? \u00bfpor qu\u00e9 es importante la gesti\u00f3n de PROAmazon\u00eda en torno a la conservaci\u00f3n de Bosques?<\/strong><\/li>\n<\/ol>\n<p style=\"padding-left: 40px;\">El MAAE y PROAmazon\u00eda administran y entregan incentivos financieros provenientes\u00a0 del Fondo Verde del Clima (GCF por sus siglas en ingl\u00e9s) a diferentes actores de las provincias de la regi\u00f3n amaz\u00f3nica y del ecosistema del bosque seco de la provincia de Loja, previo proceso de selecci\u00f3n donde se analiza las capacidades t\u00e9cnicas y administrativas de las instituciones proponentes.<\/p>\n<p style=\"padding-left: 40px;\">En este sentido, se ha comprometido el financiamiento para la restauraci\u00f3n de 15.000 ha, en cumplimiento a la Convenci\u00f3n Marco de las Naciones Unidas para el Cambio Clim\u00e1tico.<\/p>\n<p style=\"padding-left: 40px;\">En este sentido, PROAmazon\u00eda es uno de nuestros principales socios estrat\u00e9gicos para el cumplimiento de las metas y objetivos del Programa.<\/p>\n<p>&nbsp;<\/p>\n<ol start=\"3\">\n<li><strong>\u00bfCu\u00e1les han sido los principales logros en materia de reforestaci\u00f3n del PNR, durante el primer trimestre del 2021, especialmente en la Amazon\u00eda ecuatoriana?<\/strong><\/li>\n<\/ol>\n<p style=\"padding-left: 40px;\">El 04 de marzo de 2021, se suscribi\u00f3 el Acuerdo de parte responsable entre el Programa de las Naciones Unidas (PNUD) y el Instituto Humanista para el Desarrollo (HIVOS), para la restauraci\u00f3n forestal de 4.000 hect\u00e1reas en las provincias de Sucumb\u00edos y Orellana, con un monto de inversi\u00f3n de USD 1.088.000,00.<\/p>\n<p style=\"padding-left: 40px;\">Con este logro, se ha logrado el cumplimiento planteado por PROAmazon\u00eda y el PNR para la intervenci\u00f3n de 15.000 ha, los proyectos en ejecuci\u00f3n adem\u00e1s de contribuir a la recuperaci\u00f3n de \u00e1reas degradadas, fomentan el biocomercio como una alternativa de aprovechamiento sostenible.<\/p>\n<p>&nbsp;<\/p>\n<ol start=\"4\">\n<li><strong>\u00bfPor qu\u00e9 son importantes los programas de reforestaci\u00f3n en Ecuador y qu\u00e9 beneficios traen a mediano y largo plazo?<\/strong><\/li>\n<\/ol>\n<p style=\"padding-left: 40px;\">Los escenarios actuales, en cuanto a la p\u00e9rdida y degradaci\u00f3n de los ecosistemas son cada vez m\u00e1s frecuentes y existe mayor presi\u00f3n para cambiar el uso del suelo. En consecuencia, afectan directamente a la calidad de vida de las personas, y deja en un estado vulnerable a las poblaciones rurales con menos recursos, tanto en un \u00e1mbito ambiental, como econ\u00f3mico y social.<\/p>\n<p style=\"padding-left: 40px;\">Conscientes que la recuperaci\u00f3n ambiental no puede estar separada del factor socio-econ\u00f3mico, el PNR considera como parte de los proyectos de restauraci\u00f3n el apoyo a bioemprendimientos locales como mecanismo para generar recursos que mejoren las condiciones de vida de las comunidades beneficiadas.<\/p>\n<p>&nbsp;<\/p>\n<ol start=\"5\">\n<li><strong>\u00bfC\u00f3mo ayuda a las comunidades amaz\u00f3nicas y a la poblaci\u00f3n en general la conservaci\u00f3n y reforestaci\u00f3n?<\/strong><\/li>\n<\/ol>\n<p style=\"padding-left: 40px;\">La restauraci\u00f3n forestal pretende recuperar funcionalidades ecosist\u00e9micas mediante la aplicaci\u00f3n de pr\u00e1cticas para reproducir o recuperar servicios ecosist\u00e9micos, como la regulaci\u00f3n h\u00eddrica, o la fijaci\u00f3n y absorci\u00f3n de grandes cantidades de carbono, entre otros, por lo que puede ser considerada como un m\u00e9todo de mitigaci\u00f3n al cambio clim\u00e1tico.<\/p>\n<p style=\"padding-left: 40px;\">La restauraci\u00f3n forestal adem\u00e1s mejora las condiciones socioecon\u00f3micas de los habitantes de las zonas mediante el aumento de fuentes de empleo, aumento de la productividad sin perjuicio al ambiente y el fomento a bioemprendimientos.<\/p>\n<p><\/p>","protected":false},"excerpt":{"rendered":"<p>&nbsp; Fernando Ramos es el Gerente del Programa Nacional de Reforestaci\u00f3n (PNR) del Ministerio del Ambiente y Agua. Como bi\u00f3logo ha contribuido en organizaciones privadas y p\u00fablicas para promover proyectos de restauraci\u00f3n y conservaci\u00f3n forestal. En esta ocasi\u00f3n, le hicimos una entrevista para conocer m\u00e1s sobre el PNR, el rol de este programa en el Plan Nacional de Restauraci\u00f3n Forestal 2019-2040 y los logros obtenidos en materia de reforestaci\u00f3n. Fotograf\u00eda: Cortes\u00eda de Fernando Ramos \u00bfCu\u00e1l es el rol del Programa Nacional de Reforestaci\u00f3n y como contribuye en la protecci\u00f3n de bosques de la Amazon\u00eda ecuatoriana? El Programa Nacional de Reforestaci\u00f3n es un proyecto emblem\u00e1tico del Ministerio del Ambiente y Agua que pretende atender las necesidades de recuperaci\u00f3n de cobertura vegetal del territorio continental del Ecuador, vinculado a los principios de la Constituci\u00f3n, el Plan Nacional de Desarrollo 2017 \u2013 2021 y la intervenci\u00f3n emblem\u00e1tica REVERDECER ECUADOR que tiene como componente transversal la restauraci\u00f3n. El modelo de gesti\u00f3n del PNR contempla una visi\u00f3n m\u00e1s integral de la restauraci\u00f3n a trav\u00e9s de la vinculaci\u00f3n interinstitucional y con actores privados y p\u00fablicos en distintos niveles, a fin de lograr alianzas estrat\u00e9gicas que permitan cumplir con los objetivos nacionales. Adem\u00e1s, el PNR ha identificado [&hellip;]<\/p>\n","protected":false},"author":2,"featured_media":4910,"comment_status":"closed","ping_status":"closed","sticky":false,"template":"","format":"standard","meta":{"_uf_show_specific_survey":0,"_uf_disable_surveys":false,"footnotes":""},"categories":[3,23],"tags":[151,182,183,184,187,188,186,185],"class_list":["post-4908","post","type-post","status-publish","format-standard","has-post-thumbnail","hentry","category-noticias","category-noticias-home","tag-entrevista","tag-fernando-ramos","tag-interview","tag-national-reforestation-program","tag-pnr","tag-programa-nacional-de-reforestacion","tag-reforestacion","tag-reforestation"],"aioseo_notices":[],"_links":{"self":[{"href":"https:\/\/www.proamazonia.org\/ppr\/wp-json\/wp\/v2\/posts\/4908","targetHints":{"allow":["GET"]}}],"collection":[{"href":"https:\/\/www.proamazonia.org\/ppr\/wp-json\/wp\/v2\/posts"}],"about":[{"href":"https:\/\/www.proamazonia.org\/ppr\/wp-json\/wp\/v2\/types\/post"}],"author":[{"embeddable":true,"href":"https:\/\/www.proamazonia.org\/ppr\/wp-json\/wp\/v2\/users\/2"}],"replies":[{"embeddable":true,"href":"https:\/\/www.proamazonia.org\/ppr\/wp-json\/wp\/v2\/comments?post=4908"}],"version-history":[{"count":8,"href":"https:\/\/www.proamazonia.org\/ppr\/wp-json\/wp\/v2\/posts\/4908\/revisions"}],"predecessor-version":[{"id":5626,"href":"https:\/\/www.proamazonia.org\/ppr\/wp-json\/wp\/v2\/posts\/4908\/revisions\/5626"}],"wp:featuredmedia":[{"embeddable":true,"href":"https:\/\/www.proamazonia.org\/ppr\/wp-json\/wp\/v2\/media\/4910"}],"wp:attachment":[{"href":"https:\/\/www.proamazonia.org\/ppr\/wp-json\/wp\/v2\/media?parent=4908"}],"wp:term":[{"taxonomy":"category","embeddable":true,"href":"https:\/\/www.proamazonia.org\/ppr\/wp-json\/wp\/v2\/categories?post=4908"},{"taxonomy":"post_tag","embeddable":true,"href":"https:\/\/www.proamazonia.org\/ppr\/wp-json\/wp\/v2\/tags?post=4908"}],"curies":[{"name":"wp","href":"https:\/\/api.w.org\/{rel}","templated":true}]}}